{"id":4686,"date":"2021-12-17T10:00:44","date_gmt":"2021-12-17T09:00:44","guid":{"rendered":"https:\/\/prs2.profimediagroup.com\/uncategorized-sr-latn\/odrzan-koncert-mir-ljubav-nada\/"},"modified":"2023-04-12T14:10:22","modified_gmt":"2023-04-12T12:10:22","slug":"odrzan-koncert-mir-ljubav-nada-ltn","status":"publish","type":"post","link":"https:\/\/predstavnistvorsbg.rs\/sr-Latn\/prethodni-dogadjaji-sr-latn\/odrzan-koncert-mir-ljubav-nada-ltn\/","title":{"rendered":"Odr\u017ean koncert &#8222;Mir, ljubav, nada&#8220;"},"content":{"rendered":"<div>Sino\u0107 je u Pozori\u0161tu na Terazijama odr\u017ean koncert Srpsko-jevrejskog peva\u010dkog dru\u0161tva, pod nazivom \u201eMir, ljubav, nada\u201c.<\/div>\n<p><img title=\"Koncert Srpsko-jevrejskog peva\u010dkog dru\u0161tva \u201eMir, ljubav, nada\u201c\" src=\"\/wp-content\/uploads\/prethodni\/2021\/mir_ljubav_nada2.jpg\" alt=\"Koncert Srpsko-jevrejskog peva\u010dkog dru\u0161tva \u201eMir, ljubav, nada\u201c\" width=\"1200\" border=\"0\" \/><\/p>\n<p>Na repertoaru je bio kola\u017e duhovne, tradicionalne i moderne muzike na srpskom, hebrejskom, ladinu, jidi\u0161u, engleskom, nema\u010dkom, latinskom, \u0161panskom i ruskom jeziku, kroz razli\u010dite stilove i epohe.<\/p>\n<p><img title=\"Pod dirigentskom palicom Bojane Radivojevi\u0107, solisti\u010dke numere su izveli: Aleksandra Lojanica, Jelena \u0160kori\u0107, Milana Stan\u010di\u0107a, Milo\u0161 Ga\u0161i\u0107 i \u0110or\u0111e Neni\u0107\" src=\"\/wp-content\/uploads\/prethodni\/2021\/mir_ljubav_nada3.jpg\" alt=\"Pod dirigentskom palicom Bojane Radivojevi\u0107, solisti\u010dke numere su izveli: Aleksandra Lojanica, Jelena \u0160kori\u0107, Milana Stan\u010di\u0107a, Milo\u0161 Ga\u0161i\u0107 i \u0110or\u0111e Neni\u0107\" width=\"1200\" border=\"0\" \/><\/p>\n<p>\u201eOvo je na\u0161 tradicionalni koncert, koji na\u0161e dru\u0161tvo ve\u0107 preko 15 godina prire\u0111uje svake godine u decembru i trudimo se da muzikom uspostavimo interkulturni dijalog i da pribli\u017eimo ljude jedne drugima. Po\u0161to je vrijeme Hanuke, Bo\u017ei\u0107a i Nove godine, a to je vrijeme darivanja, onda i mi poku\u0161avamo da budemo neko ko \u0107e ne\u0161to pored muzike darovati nekome, pa svake godine odaberemo neku instituciju kojoj pomognemo. Ove godine smo odabrali Svrati\u0161te za djecu na Zvezdari, koje \u0107e dobiti sredstva prikupljena od prodaje karata za koncert\u201c, istakla je Marlena Vainberger Pavlovi\u0107, predsjednica hora Srpsko-jervejskog pjeva\u010dkog dru\u0161tva.<\/p>\n<p><img title=\"\u0110or\u0111e Perovi\u0107 (klavir), Milo\u0161 Puni\u0161i\u0107 (harmonika), Du\u0161ko Stamenkovi\u0107 (klarinet), Nemanja Eri\u0107 (gitara), Aleksandar Andrejevi\u0107 (udaraljke ) i Jelena Pejanovi\u0107 (violina)\" src=\"\/wp-content\/uploads\/prethodni\/2021\/mir_ljubav_nada4.jpg\" alt=\"\u0110or\u0111e Perovi\u0107 (klavir), Milo\u0161 Puni\u0161i\u0107 (harmonika), Du\u0161ko Stamenkovi\u0107 (klarinet), Nemanja Eri\u0107 (gitara), Aleksandar Andrejevi\u0107 (udaraljke ) i Jelena Pejanovi\u0107 (violina)\" width=\"1200\" border=\"0\" \/><\/p>\n<p>U izvo\u0111enju kompozicija su u\u010destvovali\u00a0 \u0110or\u0111e Perovi\u0107 (klavir), Milo\u0161 Puni\u0161i\u0107 (harmonika), Du\u0161ko Stamenkovi\u0107 (klarinet), Nemanja Eri\u0107 (gitara), Aleksandar Andrejevi\u0107 (udaraljke ) i\u00a0 Jelena Pejanovi\u0107 (violina), pod dirigentskom palicom Bojane Radivojevi\u0107, i uz solisti\u010dke numere Aleksandre Lojanice, Jelene \u0160kori\u0107, Milana Stan\u010di\u0107a, Milo\u0161a Ga\u0161i\u0107a i \u0110or\u0111a Neni\u0107a.<\/p>\n<p><img title=\"Koncert su podr\u017eali Ambasade NJema\u010dke, \u0160panije, Vatikana, Ministarstvo kulture i informisanja Srbije, Ministarstvo za ljudska i manjinska prava i dru\u0161tveni dijalog Srbije i Predstavni\u0161tvo R. Srpske u Srbiji\" src=\"\/wp-content\/uploads\/prethodni\/2021\/mir_ljubav_nada5.jpg\" alt=\"Koncert su podr\u017eali Ambasade NJema\u010dke, \u0160panije, Vatikana, Ministarstvo kulture i informisanja Srbije, Ministarstvo za ljudska i manjinska prava i dru\u0161tveni dijalog Srbije i Predstavni\u0161tvo R. Srpske u Srbiji\" width=\"1200\" border=\"0\" \/><\/p>\n<p>Koncert su podr\u017eali Ambasada NJema\u010dke, Ambasada \u0160panije, Ambasada Vatikana, Ministarstvo kulture i informisanja Srbije, Ministarstvo za ljudska i manjinska prava i dru\u0161tveni dijalog Srbije i Predstavni\u0161tvo Republike Srpske u Srbiji.<\/p>\n","protected":false},"excerpt":{"rendered":"<p>Sino\u0107 je u Pozori\u0161tu na Terazijama odr\u017ean koncert Srpsko-jevrejskog peva\u010dkog dru\u0161tva, pod nazivom \u201eMir, ljubav, nada\u201c. Na repertoaru je bio kola\u017e duhovne, tradicionalne i moderne muzike na srpskom, hebrejskom, ladinu, jidi\u0161u, engleskom, nema\u010dkom, latinskom, \u0161panskom i ruskom jeziku, kroz razli\u010dite stilove i epohe. \u201eOvo je na\u0161 tradicionalni koncert, koji na\u0161e dru\u0161tvo ve\u0107 preko 15 godina&#8230;<\/p>\n","protected":false},"author":1,"featured_media":3600,"comment_status":"closed","ping_status":"closed","sticky":false,"template":"","format":"standard","meta":[],"categories":[56],"tags":[73],"_links":{"self":[{"href":"https:\/\/predstavnistvorsbg.rs\/sr-Latn\/wp-json\/wp\/v2\/posts\/4686"}],"collection":[{"href":"https:\/\/predstavnistvorsbg.rs\/sr-Latn\/wp-json\/wp\/v2\/posts"}],"about":[{"href":"https:\/\/predstavnistvorsbg.rs\/sr-Latn\/wp-json\/wp\/v2\/types\/post"}],"author":[{"embeddable":true,"href":"https:\/\/predstavnistvorsbg.rs\/sr-Latn\/wp-json\/wp\/v2\/users\/1"}],"replies":[{"embeddable":true,"href":"https:\/\/predstavnistvorsbg.rs\/sr-Latn\/wp-json\/wp\/v2\/comments?post=4686"}],"version-history":[{"count":0,"href":"https:\/\/predstavnistvorsbg.rs\/sr-Latn\/wp-json\/wp\/v2\/posts\/4686\/revisions"}],"wp:featuredmedia":[{"embeddable":true,"href":"https:\/\/predstavnistvorsbg.rs\/sr-Latn\/wp-json\/wp\/v2\/media\/3600"}],"wp:attachment":[{"href":"https:\/\/predstavnistvorsbg.rs\/sr-Latn\/wp-json\/wp\/v2\/media?parent=4686"}],"wp:term":[{"taxonomy":"category","embeddable":true,"href":"https:\/\/predstavnistvorsbg.rs\/sr-Latn\/wp-json\/wp\/v2\/categories?post=4686"},{"taxonomy":"post_tag","embeddable":true,"href":"https:\/\/predstavnistvorsbg.rs\/sr-Latn\/wp-json\/wp\/v2\/tags?post=4686"}],"curies":[{"name":"wp","href":"https:\/\/api.w.org\/{rel}","templated":true}]}}