{"id":4687,"date":"2021-12-18T10:00:50","date_gmt":"2021-12-18T09:00:50","guid":{"rendered":"https:\/\/prs2.profimediagroup.com\/uncategorized-sr-latn\/zavrsena-studentska-konferencija-most\/"},"modified":"2023-04-12T14:11:29","modified_gmt":"2023-04-12T12:11:29","slug":"zavrsena-studentska-konferencija-most-ltn","status":"publish","type":"post","link":"https:\/\/predstavnistvorsbg.rs\/sr-Latn\/prethodni-dogadjaji-sr-latn\/zavrsena-studentska-konferencija-most-ltn\/","title":{"rendered":"Zavr\u0161ena studentska konferencija &#8222;Most&#8220;"},"content":{"rendered":"<div>Ju\u010de je na Zlatiboru zavr\u0161ena druga konferencija studenata Republike Srpske i Srbije \u201eMost\u201c u organizaciji Udru\u017eenje studenata iz Republike Srpske u Srbiji iz Novog Sada, a koju je podr\u017ealo i Predstavni\u0161tvo Republike Srpske u Srbiji. Konferencija je trajala od 15. do 17. decembra sa ciljem da podstakne mlade na stvaranje odgovora na trenutne probleme i vizija budu\u0107nosti.<\/div>\n<p><img title=\"Konferenciju je organizovalo Udru\u017eenje studenata iz R. Srpske u Srbiji iz Novog Sada uz podr\u0161ku Predstavni\u0161tva R. Srpske u Srbiji\" src=\"\/wp-content\/uploads\/prethodni\/2021\/studenti_rs_na_zlatiboru2.jpg\" alt=\"Konferenciju je organizovalo Udru\u017eenje studenata iz R. Srpske u Srbiji iz Novog Sada uz podr\u0161ku Predstavni\u0161tva R. Srpske u Srbiji\" width=\"1200\" border=\"0\" \/><\/p>\n<p>U okviru konferencije studentima su se obratiti poslanik u Narodnoj skup\u0161tini Srbije Sanja Laki\u0107, direktor Fonda za izbjegla, raseljena lica i za saradnju sa Srbima u regionu Du\u0161ko \u0106utilo i Pravobranilac Republike Srpske prof. dr Milimir Govedarica.<\/p>\n<p><img title=\"Prof. dr Milimir Govedarica, pravobranilac R. Srpske\" src=\"\/wp-content\/uploads\/prethodni\/2021\/studenti_rs_na_zlatiboru3.jpg\" alt=\"Prof. dr Milimir Govedarica, pravobranilac R. Srpske\" width=\"1200\" border=\"0\" \/><\/p>\n<p>\u201eSrbija i Republika Srpska svoju saradnju ostvaruju u svim oblastima \u017eivota, a posebno je radosno i ohrabruju\u0107e \u0161to imamo priliku da vidimo na jednom mjestu mlade ljude sa obje strane Drine koji zajedni\u010dkim snagama i odlu\u010dno\u0161\u0107u \u017eele da tu saradnju i sjedinjavanje podignu na jo\u0161 vi\u0161i nivo, dijele\u0107i ono \u0161to je najva\u017enije, a to su znanje i ideje\u201c, istakao je Govedarica.<\/p>\n<p><img title=\"Sanja Laki\u0107, poslanik u Narodnoj skup\u0161tini Srbije\" src=\"\/wp-content\/uploads\/prethodni\/2021\/studenti_rs_na_zlatiboru4.jpg\" alt=\"Sanja Laki\u0107, poslanik u Narodnoj skup\u0161tini Srbije\" width=\"1200\" border=\"0\" \/><\/p>\n<p>\u201eNa svakom koraku se nalazi pomo\u0107 Srbije upu\u0107ena Republici Srpskoj. Mi brinemo o svojima i nadam se da \u0107ete i vi raditi na ja\u010doj saradnji izme\u0111u Republike Srpske i Srbije. Nemate ni vi nikog bli\u017eeg, a nema ni Srbija nikog bli\u017eeg od Republike Srpske. Drago mi je \u0161to je u prethodne dvije decenije niko nije pomogao Srpsku kao \u0161to to danas radi Vlada Srbije\u201c, istakla je narodni poslanik Sanja Laki\u0107.<\/p>\n<p><img title=\"Du\u0161ko \u0106utilo, direktor Fonda za izbjegla, raseljena lica i za saradnju sa Srbima u regionu\" src=\"\/wp-content\/uploads\/prethodni\/2021\/studenti_rs_na_zlatiboru5.jpg\" alt=\"Du\u0161ko \u0106utilo, direktor Fonda za izbjegla, raseljena lica i za saradnju sa Srbima u regionu\" width=\"1200\" border=\"0\" \/><\/p>\n<p>Direktor Fonda za izbjegla i raseljena lica i za saradnju sa Srbima u regionu Du\u0161ko \u0106utilo rekao je da ova konferencija potvr\u0111uju da su veze Republike Srpske i Srbije neraskidive i da se to vidi konkretnim djelovanjem institucija u Srpskoj i u Srbiji.<\/p>\n<p><img title=\"Dejan Pudar, predsjednik Udru\u017eenja studenata R. Srpske u Srbiji\" src=\"\/wp-content\/uploads\/prethodni\/2021\/studenti_rs_na_zlatiboru6.jpg\" alt=\"Dejan Pudar, predsjednik Udru\u017eenja studenata R. Srpske u Srbiji\" width=\"1200\" border=\"0\" \/><\/p>\n<p>\u201eMi smo prva konferencija koja je uspjela okupiti studentske predstavnike iz Republike Srpske i Srbije na jednom mjestu sa jednom zajedni\u010dkom vizijom i ciljem, da kroz me\u0111usobnu razmjenu znanja i iskustava unapre\u0111ujemo sebe, a samim tim i znanja prenosimo na dru\u0161tvo. Pored predavanja tokom konferencije bitno je napomenuti i neformalni dio, dru\u017eenje, upoznavanje studenata i ostvarivanje kontakata izme\u0111u studenata u razvijanju dalje budu\u0107e saradnje&#8220;, naglasio je Dejan Pudar, predsjednik Udru\u017eenja studenata Republike Srpske u Srbiji.<\/p>\n","protected":false},"excerpt":{"rendered":"<p>Ju\u010de je na Zlatiboru zavr\u0161ena druga konferencija studenata Republike Srpske i Srbije \u201eMost\u201c u organizaciji Udru\u017eenje studenata iz Republike Srpske u Srbiji iz Novog Sada, a koju je podr\u017ealo i Predstavni\u0161tvo Republike Srpske u Srbiji. Konferencija je trajala od 15. do 17. decembra sa ciljem da podstakne mlade na stvaranje odgovora na trenutne probleme i&#8230;<\/p>\n","protected":false},"author":1,"featured_media":3602,"comment_status":"closed","ping_status":"closed","sticky":false,"template":"","format":"standard","meta":[],"categories":[56],"tags":[73],"_links":{"self":[{"href":"https:\/\/predstavnistvorsbg.rs\/sr-Latn\/wp-json\/wp\/v2\/posts\/4687"}],"collection":[{"href":"https:\/\/predstavnistvorsbg.rs\/sr-Latn\/wp-json\/wp\/v2\/posts"}],"about":[{"href":"https:\/\/predstavnistvorsbg.rs\/sr-Latn\/wp-json\/wp\/v2\/types\/post"}],"author":[{"embeddable":true,"href":"https:\/\/predstavnistvorsbg.rs\/sr-Latn\/wp-json\/wp\/v2\/users\/1"}],"replies":[{"embeddable":true,"href":"https:\/\/predstavnistvorsbg.rs\/sr-Latn\/wp-json\/wp\/v2\/comments?post=4687"}],"version-history":[{"count":0,"href":"https:\/\/predstavnistvorsbg.rs\/sr-Latn\/wp-json\/wp\/v2\/posts\/4687\/revisions"}],"wp:featuredmedia":[{"embeddable":true,"href":"https:\/\/predstavnistvorsbg.rs\/sr-Latn\/wp-json\/wp\/v2\/media\/3602"}],"wp:attachment":[{"href":"https:\/\/predstavnistvorsbg.rs\/sr-Latn\/wp-json\/wp\/v2\/media?parent=4687"}],"wp:term":[{"taxonomy":"category","embeddable":true,"href":"https:\/\/predstavnistvorsbg.rs\/sr-Latn\/wp-json\/wp\/v2\/categories?post=4687"},{"taxonomy":"post_tag","embeddable":true,"href":"https:\/\/predstavnistvorsbg.rs\/sr-Latn\/wp-json\/wp\/v2\/tags?post=4687"}],"curies":[{"name":"wp","href":"https:\/\/api.w.org\/{rel}","templated":true}]}}