{"id":4688,"date":"2021-12-23T10:00:05","date_gmt":"2021-12-23T09:00:05","guid":{"rendered":"https:\/\/prs2.profimediagroup.com\/uncategorized-sr-latn\/nagrada-izvor-pripala-biljani-stanisavljevic-i-vesni-v-radovic\/"},"modified":"2023-04-12T14:12:27","modified_gmt":"2023-04-12T12:12:27","slug":"nagrada-izvor-pripala-biljani-stanisavljevic-i-vesni-v-radovic-ltn","status":"publish","type":"post","link":"https:\/\/predstavnistvorsbg.rs\/sr-Latn\/prethodni-dogadjaji-sr-latn\/nagrada-izvor-pripala-biljani-stanisavljevic-i-vesni-v-radovic-ltn\/","title":{"rendered":"Nagrada &#8222;Izvor&#8220; pripala Biljani Stanisavljevi\u0107 i Vesni V. Radovi\u0107"},"content":{"rendered":"<div>\n<p>Knji\u017eevnu nagradu \u201eIzvor\u201c za najljep\u0161u pri\u010du i pjesmu o zavi\u010daju za 2021. godinu su dobile Biljana Stanisavljevi\u0107 za pri\u010du \u201eZavi\u010daj\u201c i Vesna V. Radovi\u0107 za pjesmu \u201eMiholjdan\u201c.<\/p>\n<p>Na deveti knji\u017eevni konkurs Predstavni\u0161tva Republike Srpske i redakcije \u010dasopisa \u201e\u017drnov\u201c pristiglo je ukupno 219 pesama i 98 pri\u010da od 289 autora iz Srbije, Republike Srpske, regiona i rasejanja.<\/p>\n<\/div>\n<p><img title=\"Mla\u0111en Cicovi\u0107, direktor Predstavni\u0161tva R. Srpske u Srbiji, prigodnu gramatu uru\u010duje Biljani Stanisavljevi\u0107\" src=\"\/wp-content\/uploads\/prethodni\/2021\/izvor_nagrade2.jpg\" alt=\"Mla\u0111en Cicovi\u0107, direktor Predstavni\u0161tva R. Srpske u Srbiji, prigodnu gramatu uru\u010duje Biljani Stanisavljevi\u0107\" width=\"1200\" border=\"0\" \/><\/p>\n<p>Prigodnu gramatu Stanisavljevi\u0107evoj je na ceremoniji u prostorijama Predstavni\u0161tva Republike Srpske u Beogradu uru\u010dio \u0161ef Predstavni\u0161tva Mladen Cicovi\u0107, dok \u0107e Radovi\u0107evoj, koja je izostala iz zdravstvenih razloga biti uru\u010dena naknadno.<\/p>\n<p><img title=\"Mla\u0111en Cicovi\u0107, direktor Predstavni\u0161tva R. Srpske u Srbiji, obratio se gostima na dodeli nagrada\" src=\"\/wp-content\/uploads\/prethodni\/2021\/izvor_nagrade3.jpg\" alt=\"Mla\u0111en Cicovi\u0107, direktor Predstavni\u0161tva R. Srpske u Srbiji, obratio se gostima na dodeli nagrada\" width=\"1200\" border=\"0\" \/><\/p>\n<p>Cicovi\u0107 je iskazao zadovoljstvo zbog \u010dinjenice da je pristigao rekordan broj radova, posebno jer je tema konkursa vezana za zavi\u010daj, za o\u010duvanje nacionalnog identiteta i onog \u0161to su kultura i tradicija srpskog naroda.<\/p>\n<p>\u201eNajva\u017enije je da sve \u0161to radimo bude u funkciji svesrpskog jedinstva. Sa svih ovakvih projekata koje mi realizujemo \u0161aljemo jasnu poruku da \u017eelimo da sa svima u regionu gradimo na\u0161u zajedni\u010dku budu\u0107nost, jer po\u0161tuju\u0107i sebe, ne zna\u010di da ne po\u0161tujemo i sve druge koji s nama \u017eive\u201c, poru\u010dio je Cicovi\u0107.<\/p>\n<p>Prema njegovim rije\u010dima, tema zavi\u010daja je uvijek na kraju godine kruna rada Predstavni\u0161tva.<\/p>\n<p>\u201eImamo sa svih dijelova planete ljude koje ponovo na ovaj na\u010din vra\u0107amo zavi\u010daju i ovo je mo\u017eda i podstrek da idu\u0107e godine jo\u0161 sna\u017enije i kvalitetnije pristupimo konkursu\u201c, rekao je Cicovi\u0107.<\/p>\n<p><img title=\"Biljana Stanisavljevi\u0107, novinar - dobitnik nagrade za najlep\u0161u pri\u010du o zavi\u010daju 2021. godine\" src=\"\/wp-content\/uploads\/prethodni\/2021\/izvor_nagrade4.jpg\" alt=\"Biljana Stanisavljevi\u0107, novinar - dobitnik nagrade za najlep\u0161u pri\u010du o zavi\u010daju 2021. godine\" width=\"1200\" border=\"0\" \/><\/p>\n<p>Stanisavljevi\u0107eva, koja je po profesiji novinar, rekla je da pi\u0161e jako dugo i razne forme, a da je ova nagrada \u010dini izuzetno ponosnom upravo stoga \u0161to je tema njene pri\u010de njen rodni Para\u0107in iz kog je oti\u0161la sa samo 16 godina.<\/p>\n<p>\u201eSvaki put kada se vra\u0107ate u zavi\u010daj ushi\u0107enje je veliko. Vra\u0107ate se u okrilje svog grada i iako on raste i menja se, kao \u0161to i vi rastete, sazrevate i menjate se, uvek vam je toplo oko srca i to je onaj duboki uzdah, kada sti\u017eete u svoj grad, \u0161to sam opisala u svojoj pri\u010di, da li\u010di na zagrljaj majke i na podr\u0161ku oca&#8220;, rekla je Stanisavljevi\u0107eva.<\/p>\n<p><img title=\"\u017deljka Ba\u0161anovi\u0107, \u010dlan \u017eirija i pro\u0161logodi\u0161nji dobitnik nagrade \u201eIzvor\u201c za pri\u010du\" src=\"\/wp-content\/uploads\/prethodni\/2021\/izvor_nagrade5.jpg\" alt=\"\u017deljka Ba\u0161anovi\u0107, \u010dlan \u017eirija i pro\u0161logodi\u0161nji dobitnik nagrade \u201eIzvor\u201c za pri\u010du\" width=\"1200\" border=\"0\" \/><\/p>\n<p>Pro\u0161logodi\u0161nji dobitnik nagrade \u201eIzvor\u201c za pri\u010du \u017deljka Ba\u0161anovi\u0107, koja je ove godine \u010dlan \u017eirija, rekla je da su sve pristigle pri\u010de i pjesme zaslu\u017eivale da budu najbolje i pobjedni\u010dke, ali da se \u017eiri na kraju odlu\u010dio za najednostavnije i najiskrenije iskazane emocije koje su i Radovi\u0107eva i Stanisavljevi\u0107eva nepogre\u0161ivo prenijele.<\/p>\n<p><img title=\"Du\u0161ko M. Petrovi\u0107, knji\u017eevnik\" src=\"\/wp-content\/uploads\/prethodni\/2021\/izvor_nagrade6.jpg\" alt=\"Du\u0161ko M. Petrovi\u0107, knji\u017eevnik\" width=\"1200\" border=\"0\" \/><\/p>\n<p>Knji\u017eevnik Du\u0161ko M. Petrovi\u0107 rekao je da je on, sa strane organizatora, bio u poziciji da vidi sve pjesme i pri\u010de i da je me\u0111u autorima bilo zna\u010dajnih imena, ali je \u010dinjenica da su radovi bili bez potpisa autora uticala na \u017eiri da na najpo\u0161teniji na\u010din izabere najbolje.<\/p>\n<p>\u201eU ovom poslu, kada nema potpisa, kada samo delo govori, \u017eiri je potpuno oslobo\u0111en svih obaveza, svih svojih predznanja i samo ocenjuje na osnovu onog \u0161to zna o knji\u017eevnosti&#8220;, rekao je Petrovi\u0107.<\/p>\n<p>Dobitnicima nagrada je, uz gramatum pripao i nov\u010dani dio nagrade od 30.000 dinara \/500 KM\/.<\/p>\n<p>Nagra\u0111eni radovi \u0107e biti objavljeni u bo\u017ei\u0107nom izdanju \u010dasopisa \u201e\u017drnov&#8220;.<\/p>\n","protected":false},"excerpt":{"rendered":"<p>Knji\u017eevnu nagradu \u201eIzvor\u201c za najljep\u0161u pri\u010du i pjesmu o zavi\u010daju za 2021. godinu su dobile Biljana Stanisavljevi\u0107 za pri\u010du \u201eZavi\u010daj\u201c i Vesna V. Radovi\u0107 za pjesmu \u201eMiholjdan\u201c. Na deveti knji\u017eevni konkurs Predstavni\u0161tva Republike Srpske i redakcije \u010dasopisa \u201e\u017drnov\u201c pristiglo je ukupno 219 pesama i 98 pri\u010da od 289 autora iz Srbije, Republike Srpske, regiona i&#8230;<\/p>\n","protected":false},"author":1,"featured_media":3604,"comment_status":"closed","ping_status":"closed","sticky":false,"template":"","format":"standard","meta":[],"categories":[56],"tags":[73],"_links":{"self":[{"href":"https:\/\/predstavnistvorsbg.rs\/sr-Latn\/wp-json\/wp\/v2\/posts\/4688"}],"collection":[{"href":"https:\/\/predstavnistvorsbg.rs\/sr-Latn\/wp-json\/wp\/v2\/posts"}],"about":[{"href":"https:\/\/predstavnistvorsbg.rs\/sr-Latn\/wp-json\/wp\/v2\/types\/post"}],"author":[{"embeddable":true,"href":"https:\/\/predstavnistvorsbg.rs\/sr-Latn\/wp-json\/wp\/v2\/users\/1"}],"replies":[{"embeddable":true,"href":"https:\/\/predstavnistvorsbg.rs\/sr-Latn\/wp-json\/wp\/v2\/comments?post=4688"}],"version-history":[{"count":0,"href":"https:\/\/predstavnistvorsbg.rs\/sr-Latn\/wp-json\/wp\/v2\/posts\/4688\/revisions"}],"wp:featuredmedia":[{"embeddable":true,"href":"https:\/\/predstavnistvorsbg.rs\/sr-Latn\/wp-json\/wp\/v2\/media\/3604"}],"wp:attachment":[{"href":"https:\/\/predstavnistvorsbg.rs\/sr-Latn\/wp-json\/wp\/v2\/media?parent=4688"}],"wp:term":[{"taxonomy":"category","embeddable":true,"href":"https:\/\/predstavnistvorsbg.rs\/sr-Latn\/wp-json\/wp\/v2\/categories?post=4688"},{"taxonomy":"post_tag","embeddable":true,"href":"https:\/\/predstavnistvorsbg.rs\/sr-Latn\/wp-json\/wp\/v2\/tags?post=4688"}],"curies":[{"name":"wp","href":"https:\/\/api.w.org\/{rel}","templated":true}]}}