{"id":4725,"date":"2022-03-24T10:00:28","date_gmt":"2022-03-24T09:00:28","guid":{"rendered":"https:\/\/prs2.profimediagroup.com\/uncategorized-sr-latn\/turizam-republike-srpske-moze-da-postane-top-sektor-domace-privrede\/"},"modified":"2023-05-09T19:49:24","modified_gmt":"2023-05-09T17:49:24","slug":"turizam-republike-srpske-moze-da-postane-top-sektor-domace-privrede-ltn","status":"publish","type":"post","link":"https:\/\/predstavnistvorsbg.rs\/sr-Latn\/prethodni-dogadjaji-sr-latn\/turizam-republike-srpske-moze-da-postane-top-sektor-domace-privrede-ltn\/","title":{"rendered":"Turizam Republike Srpske mo\u017ee da postane top sektor doma\u0107e privrede"},"content":{"rendered":"<div>\n<p>Ministar spoljne trgovine i ekonomskih odnosa u Savjetu ministar Sta\u0161a Ko\u0161arac je danas (24.03.2022.g.) zajedno sa ministrom trgovine i turizma Republike Srpske Suzanom Ga\u0161i\u0107 i \u0161efom Predstavni\u0161tva Republike Srpske u Srbiji Mla\u0111enom Cicovi\u0107em posjetio izlaga\u010de iz Republike Srpske, koji u\u010destvuju na 43. Me\u0111unarodnom sajmu turizma u Beogradu.<\/p>\n<\/div>\n<p><img title=\"Ko\u0161arac u obilasku \u0161tanda R. Srpske na Me\u0111unarodnom sajmu turizma\" src=\"\/wp-content\/uploads\/prethodni\/2022\/poseta_standu2.jpg\" alt=\"Ko\u0161arac u obilasku \u0161tanda R. Srpske na Me\u0111unarodnom sajmu turizma\" width=\"1200\" border=\"0\" \/><\/p>\n<p>Ko\u0161arac je nakon obilaska \u0161tanda Republike Srpske na Me\u0111unarodnom sajmu turizma u Beogradu istakao da je za Srpsku veoma zna\u010dajno \u0161to promovi\u0161e svoje turisti\u010dke potencijale u gradu, u kojem se, prema njegovim rije\u010dima, oblikuju ozbiljne odluke o regionalnoj saradnji. On je ocijenio da turizam u Republici Srpskoj i u cijeloj BiH ima potencijal da postane top sektor doma\u0107e privrede.<\/p>\n<p><img title=\"Sta\u0161a Ko\u0161arac ministar spoljne trgovine i ekonomskih odnosa u Savjetu ministara BiH daje izjavu za medije\" src=\"\/wp-content\/uploads\/prethodni\/2022\/poseta_standu3.jpg\" alt=\"Sta\u0161a Ko\u0161arac ministar spoljne trgovine i ekonomskih odnosa u Savjetu ministara BiH daje izjavu za medije\" width=\"1200\" border=\"0\" \/><\/p>\n<p>Navode\u0107i da je saradnja dr\u017eava regiona od vitalnog zna\u010daja, Ko\u0161arac je najavio da \u0107e politi\u010dari iz Republike Srpske ulo\u017eiti napore da njihove kolege iz ostalih dijelova BiH shvate da moraju da nastupaju zajedno u va\u017enim regionalnim projektima.<\/p>\n<p>&#8211; Jedna od grana na koje se to odnosi jeste i turizam. Republika Srpska u toj oblasti ima potencijal koji pokazuje svakodnevno. Veliki nov\u010dani prilivi i devizna sredstva koja dolaze u Srpsku predstavljaju adekvatan odgovor na vrijedan rad na\u0161ih turisti\u010dkih radnika i promociju na\u0161ih turisti\u010dkih potencijala &#8211;\u00a0rekao je Ko\u0161arac.<\/p>\n<p>On je ukazao da je neophodan stalni rad na promociji turisti\u010dkih vrijednosti, \u0161to je opredjeljenje institucija Republike Srpske.<\/p>\n<p>&#8211; Treba da se hvalimo rezultatima u Olimpijskom centru Jahorina. To je primjer dobre prakse, gdje su institucije Republike Srpske podr\u017eale investicije, tako da je danas ovaj olimpijski centar adresa sa kojom se svi porede. To je pobjeda Republike Srpske i pobjeda turizma Srpske &#8211;\u00a0naglasio je Ko\u0161arac.<\/p>\n<p>Kako ka\u017ee, raduje ga \u010dinjenica da postoji svijest o potrebi da se stvori jedinstveno turisti\u010dko tr\u017ei\u0161te, jer je to veoma zna\u010dajno za sve zemlje regiona.<\/p>\n<p>&#8211; Tako\u0111e, raduje me i to \u0161to danas na Sajmu imamo vi\u0161e od 20 izlaga\u010da iz Republike Srpske. To pokazuje disperzivan razvoj turisti\u010dke privrede u Srpskoj. Istovremeno, to je potvrda da Republika Srpska, Vlada i njene institucije imaju odgovornu politiku &#8211;\u00a0ocijenio je Ko\u0161arac.<\/p>\n<p><img title=\"Suzana Ga\u0161i\u0107 ministarka trgovine i turizma Republike Srpske\" src=\"\/wp-content\/uploads\/prethodni\/2022\/poseta_standu3_1.jpg\" alt=\"Suzana Ga\u0161i\u0107 ministarka trgovine i turizma Republike Srpske\" width=\"1200\" border=\"0\" \/><\/p>\n<p>Ministarka trgovine i turizma Republike Srpske Suzana Ga\u0161i\u0107 rekla je da Srpska \u017eeli da pro\u0161iri turisti\u010dke aktivnosti na dr\u017eave regiona.<\/p>\n<p>Ona je navela da je prostor Srbije i regiona izuzetno primamljiv za turisti\u010dku privredu Republike Srpske, koja ima \u0161ta da ponudi, \u0161to potvr\u0111uje i njena promocija na najve\u0107oj turisti\u010dkoj manifestaciji u regionu.<\/p>\n<p><img title=\"Mla\u0111en Cicovi\u0107 \u0161ef Predstavni\u0161tva Republike Srpske u Srbiji\" src=\"\/wp-content\/uploads\/prethodni\/2022\/poseta_standu3_2.jpg\" alt=\"Mla\u0111en Cicovi\u0107 \u0161ef Predstavni\u0161tva Republike Srpske u Srbiji\" width=\"1200\" border=\"0\" \/><\/p>\n<p>\u0160ef Predstavni\u0161tva Republike Srpske u Srbiji Mla\u0111en Cicovi\u0107 ocijenio je da turisti\u010dka privreda treba da uhvati korak sa trendovima u svijetu, zbog \u010dega svi u Srpskoj treba da daju pun doprinos da bi se taj cilj ostvario.<\/p>\n<p>Cicovi\u0107 je, nakon posjete izlaga\u010dima iz Republike Srpske na 43. Me\u0111unarodnom sajmu turizma u Beogradu, istakao da mu je veliko zadovoljstvo \u0161to se Srpska poslije godine u kojoj je korona zaustavila sve aktivnosti ponovo pojavljuje na najzna\u010dajnijoj turisti\u010dkoj manifestaciji u regionu.<\/p>\n<p>&#8222;Nastoja\u0107emo da na najbolji na\u010din predstavimo turisti\u010dki proizvod iz Republike Srpske i na\u0161u turisti\u010dku privredu. Tako\u0111e, u\u010dini\u0107emo sve da zajedno sa Srbijom i drugim dr\u017eavama u regionu defini\u0161emo zajedni\u010dki turisti\u010dki proizvod&#8220;, rekao je Cicovi\u0107.<\/p>\n<p>Time \u0107e, kako je objasnio, svi doprinijeti da zajedni\u010dki ostvare ono \u0161to je cilj svima u regionu, a to je da \u0161to du\u017ei period zadr\u017ee turiste na ovom prostoru.<\/p>\n<p>&#8222;Zajedno \u0107emo dovesti do toga da damo pun impuls svim na\u0161im turisti\u010dkim destinacijama da nastave trend koji su zapo\u010deli prethodnih godina i koji su ostvarili u 2021. godini&#8220;, poru\u010dio je Cicovi\u0107.<\/p>\n<p><img title=\"Na \u0161tandu Republike Srpske u Hali 4 Beogradskog sajma\" src=\"\/wp-content\/uploads\/prethodni\/2022\/poseta_standu4.jpg\" alt=\"Na \u0161tandu Republike Srpske u Hali 4 Beogradskog sajma\" width=\"1200\" border=\"0\" \/><\/p>\n<p>Nastup Republike Srpske na 43. Me\u0111unarodnom sajmu turizma u Beogradu, koji je za Republiku Srpsku posebno interesantan, jer najve\u0107i broj posjetilaca i turista u Srpsku dolazi upravo iz Srbije, u Hali 4. zajedno organizuju Predstavni\u0161tvo Republike Srpske u Srbiji i Turisti\u010dka organizacija Republike Srpske (TORS).<\/p>\n<p>Sajam je ju\u010de sve\u010dano otvoren, a od danas na \u0161tandu Republike Srpske 25 izlaga\u010da iz op\u0161tina, gradova, nacionalnih parkova, na\u0161ih planina, etno sela i drugih turisti\u010dki destinacija\u00a0 predstavlja svoju atraktivnu turisti\u010dku ponudu. Putem bro\u0161ura i suvenira predstavljaju se brojne turisti\u010dke destinacije, manifestacije, festivali i gastro ponuda Srpske.<\/p>\n<p>Do 27. marta predvi\u0111eno je predstavljanje turisti\u010dkih destinacija Republike Srpske , a sutra (25.03.2022.g.) \u0107e biti otoren i 12. Me\u0111unarodni sajam vina na kojem je Predstavni\u0161tvo Republike Srpske u Srbiji organizovalo nastup najpoznatijih i najboljih vinarija Republike Srpske.<\/p>\n","protected":false},"excerpt":{"rendered":"<p>Ministar spoljne trgovine i ekonomskih odnosa u Savjetu ministar Sta\u0161a Ko\u0161arac je danas (24.03.2022.g.) zajedno sa ministrom trgovine i turizma Republike Srpske Suzanom Ga\u0161i\u0107 i \u0161efom Predstavni\u0161tva Republike Srpske u Srbiji Mla\u0111enom Cicovi\u0107em posjetio izlaga\u010de iz Republike Srpske, koji u\u010destvuju na 43. Me\u0111unarodnom sajmu turizma u Beogradu. Ko\u0161arac je nakon obilaska \u0161tanda Republike Srpske na&#8230;<\/p>\n","protected":false},"author":1,"featured_media":3620,"comment_status":"closed","ping_status":"closed","sticky":false,"template":"","format":"standard","meta":[],"categories":[56],"tags":[75],"_links":{"self":[{"href":"https:\/\/predstavnistvorsbg.rs\/sr-Latn\/wp-json\/wp\/v2\/posts\/4725"}],"collection":[{"href":"https:\/\/predstavnistvorsbg.rs\/sr-Latn\/wp-json\/wp\/v2\/posts"}],"about":[{"href":"https:\/\/predstavnistvorsbg.rs\/sr-Latn\/wp-json\/wp\/v2\/types\/post"}],"author":[{"embeddable":true,"href":"https:\/\/predstavnistvorsbg.rs\/sr-Latn\/wp-json\/wp\/v2\/users\/1"}],"replies":[{"embeddable":true,"href":"https:\/\/predstavnistvorsbg.rs\/sr-Latn\/wp-json\/wp\/v2\/comments?post=4725"}],"version-history":[{"count":0,"href":"https:\/\/predstavnistvorsbg.rs\/sr-Latn\/wp-json\/wp\/v2\/posts\/4725\/revisions"}],"wp:featuredmedia":[{"embeddable":true,"href":"https:\/\/predstavnistvorsbg.rs\/sr-Latn\/wp-json\/wp\/v2\/media\/3620"}],"wp:attachment":[{"href":"https:\/\/predstavnistvorsbg.rs\/sr-Latn\/wp-json\/wp\/v2\/media?parent=4725"}],"wp:term":[{"taxonomy":"category","embeddable":true,"href":"https:\/\/predstavnistvorsbg.rs\/sr-Latn\/wp-json\/wp\/v2\/categories?post=4725"},{"taxonomy":"post_tag","embeddable":true,"href":"https:\/\/predstavnistvorsbg.rs\/sr-Latn\/wp-json\/wp\/v2\/tags?post=4725"}],"curies":[{"name":"wp","href":"https:\/\/api.w.org\/{rel}","templated":true}]}}