{"id":4726,"date":"2022-03-24T11:00:22","date_gmt":"2022-03-24T10:00:22","guid":{"rendered":"https:\/\/prs2.profimediagroup.com\/uncategorized-sr-latn\/kosarac-ocekujemo-da-beograd-odobri-izvoz-psenice-i-kukuruza-u-srpsku-i-fbih\/"},"modified":"2023-05-09T19:49:29","modified_gmt":"2023-05-09T17:49:29","slug":"kosarac-ocekujemo-da-beograd-odobri-izvoz-psenice-i-kukuruza-u-srpsku-i-fbih-ltn","status":"publish","type":"post","link":"https:\/\/predstavnistvorsbg.rs\/sr-Latn\/prethodni-dogadjaji-sr-latn\/kosarac-ocekujemo-da-beograd-odobri-izvoz-psenice-i-kukuruza-u-srpsku-i-fbih-ltn\/","title":{"rendered":"Ko\u0161arac: O\u010dekujemo da Beograd odobri izvoz p\u0161enice i kukuruza u Srpsku i FBiH"},"content":{"rendered":"<div>\n<p>Ministar spoljne trgovine i ekonomskih odnosa u Savjetu ministara BiH Sta\u0161a Ko\u0161arac, u okviru vi\u0161ednevne posjete Srbiji, sastao se danas (24.03.2022.g.), u Vladi Srbije \u00a0sa ministarkom trgovine, turizma i telekomunikacija Tatjanom Mati\u0107 i njenim saradnicima.\u00a0Sastanku su ispred Republike Srpske prisustvovali Suzana Ga\u0161i\u0107, ministar trgovine i turizma Republike Srpske i Mla\u0111en Cicovi\u0107, \u0161ef Predstavni\u0161tva Republike Srpske u Srbiji.<\/p>\n<\/div>\n<p><img title=\"Sastanak u Vladi Srbije: Sta\u0161a Ko\u0161arac ministar spoljne trgovine i ekonomskih odnosa u Savjetu ministara BiH, Tatjana Mati\u0107 ministar trgovine, turizma i telekomunikacija u Vladi Srbije, Suzana Ga\u0161i\u0107 ministar trgovine i turizma R. Srpske i Mla\u0111en Cicovi\u0107, \u0161ef Predstavni\u0161tva R. Srpske u Srbiji\" src=\"\/wp-content\/uploads\/prethodni\/2022\/drugi_dan_sajma2.jpg\" alt=\"Sastanak u Vladi Srbije: Sta\u0161a Ko\u0161arac ministar spoljne trgovine i ekonomskih odnosa u Savjetu ministara BiH, Tatjana Mati\u0107 ministar trgovine, turizma i telekomunikacija u Vladi Srbije, Suzana Ga\u0161i\u0107 ministar trgovine i turizma R. Srpske i Mla\u0111en Cicovi\u0107, \u0161ef Predstavni\u0161tva R. Srpske u Srbiji\" width=\"1200\" border=\"0\" \/><\/p>\n<p>Tema sastanka zvani\u010dnika bila je unapre\u0111enje trgovinskih odnosa i ja\u010danje bilateralne saradnje u oblasti trgovine i turizma dvije zemlje.<\/p>\n<p>Ministar spoljne trgovine i ekonomskih odnosa u Savjetu ministara Sta\u0161a Ko\u0161arac rekao je danas u Beogradu, nakon sastanka sa ministarkom Tatjanom Mati\u0107, da o\u010dekuje da \u0107e Vlada Srbije uva\u017eiti zahtjev da se Republika Srpska i Federacija BiH \/FBiH\/ izuzmu iz odluke o zabrani izvoza \u017eitarica.<\/p>\n<p>Ko\u0161arac je istakao da je ohrabren dana\u0161njim razgovorima sa ministrom trgovine, turizma i telekomunikacija Tatjanom Mati\u0107 \u00a0i telefonskim razgovorom sa ministrom poljoprivrede Srbije Banislavom Nedimovi\u0107em.<\/p>\n<p>On je objasnio da su Vladi Srbije dostavljeni zahtjevi za odobravanje uvoza merkantilnog kukuruza i p\u0161enice za privrednike iz Srpske i FBiH na osnovu ve\u0107 potpisanih ugovora.<\/p>\n<p><img title=\"Sastanak u Vladi Srbije\" src=\"\/wp-content\/uploads\/prethodni\/2022\/drugi_dan_sajma3.jpg\" alt=\"Sastanak u Vladi Srbije\" width=\"1200\" border=\"0\" \/><\/p>\n<p>&#8211; Cijene\u0107i dana\u0161nje razgovore, kao i politi\u010dku saglasnost predsjednika Srbije Aleksandra Vu\u010di\u0107a i njegove dobre odnose sa srpskim \u010dlanom Predsjedni\u0161tva BiH Miloradom Dodikom, nadam se da \u0107e Vlada Srbije omogu\u0107iti nastavak izvoza merkantilne p\u0161enice i kukuruza u Republiku Srpsku i FBiH &#8211;\u00a0rekao je Ko\u0161arac nakon posjete \u0161tandu Turisti\u010dke organizacije Republike Srpske na 43. Me\u0111unarodnom sajmu turizma u Beogradu.<\/p>\n<p>Prema njegovoj ocjeni, Srbija \u0107e tom odlukom potvrditi da je regionalni lider, da ima sofisticiran pristup i da \u017eeli svima da pomogne.<\/p>\n<p>To je, kako je podsjetio, potvr\u0111eno tokom pandemije kroz pomo\u0107 u vakcinama protiv kovida, kao i u drugim situacijama, poput obezbje\u0111ivanja gasa za gra\u0111ane Sarajeva kada su imali problem sa grijanjem.<\/p>\n<p>&#8211; Vjerujem da \u0107e dana\u0161nja odluka biti pozitivna i u interesu privrede i gra\u0111ana Srpske i FBiH, kao i da \u0107e to doprinijeti etabliranju Srbije kao regionalnog lidera i da \u0107e to u BiH shvatiti oni koji ne\u0107e da uva\u017ee najmere Srbije &#8211;\u00a0poru\u010dio je Ko\u0161arac.<\/p>\n","protected":false},"excerpt":{"rendered":"<p>Ministar spoljne trgovine i ekonomskih odnosa u Savjetu ministara BiH Sta\u0161a Ko\u0161arac, u okviru vi\u0161ednevne posjete Srbiji, sastao se danas (24.03.2022.g.), u Vladi Srbije \u00a0sa ministarkom trgovine, turizma i telekomunikacija Tatjanom Mati\u0107 i njenim saradnicima.\u00a0Sastanku su ispred Republike Srpske prisustvovali Suzana Ga\u0161i\u0107, ministar trgovine i turizma Republike Srpske i Mla\u0111en Cicovi\u0107, \u0161ef Predstavni\u0161tva Republike Srpske&#8230;<\/p>\n","protected":false},"author":1,"featured_media":3622,"comment_status":"closed","ping_status":"closed","sticky":false,"template":"","format":"standard","meta":[],"categories":[56],"tags":[75],"_links":{"self":[{"href":"https:\/\/predstavnistvorsbg.rs\/sr-Latn\/wp-json\/wp\/v2\/posts\/4726"}],"collection":[{"href":"https:\/\/predstavnistvorsbg.rs\/sr-Latn\/wp-json\/wp\/v2\/posts"}],"about":[{"href":"https:\/\/predstavnistvorsbg.rs\/sr-Latn\/wp-json\/wp\/v2\/types\/post"}],"author":[{"embeddable":true,"href":"https:\/\/predstavnistvorsbg.rs\/sr-Latn\/wp-json\/wp\/v2\/users\/1"}],"replies":[{"embeddable":true,"href":"https:\/\/predstavnistvorsbg.rs\/sr-Latn\/wp-json\/wp\/v2\/comments?post=4726"}],"version-history":[{"count":0,"href":"https:\/\/predstavnistvorsbg.rs\/sr-Latn\/wp-json\/wp\/v2\/posts\/4726\/revisions"}],"wp:featuredmedia":[{"embeddable":true,"href":"https:\/\/predstavnistvorsbg.rs\/sr-Latn\/wp-json\/wp\/v2\/media\/3622"}],"wp:attachment":[{"href":"https:\/\/predstavnistvorsbg.rs\/sr-Latn\/wp-json\/wp\/v2\/media?parent=4726"}],"wp:term":[{"taxonomy":"category","embeddable":true,"href":"https:\/\/predstavnistvorsbg.rs\/sr-Latn\/wp-json\/wp\/v2\/categories?post=4726"},{"taxonomy":"post_tag","embeddable":true,"href":"https:\/\/predstavnistvorsbg.rs\/sr-Latn\/wp-json\/wp\/v2\/tags?post=4726"}],"curies":[{"name":"wp","href":"https:\/\/api.w.org\/{rel}","templated":true}]}}