{"id":4728,"date":"2022-03-27T10:00:06","date_gmt":"2022-03-27T08:00:06","guid":{"rendered":"https:\/\/prs2.profimediagroup.com\/uncategorized-sr-latn\/kvalitetan-nastup-turisticke-privrede-vinara-i-vinogradara-srpske-na-sajmu-u-beogradu\/"},"modified":"2023-05-09T19:49:47","modified_gmt":"2023-05-09T17:49:47","slug":"kvalitetan-nastup-turisticke-privrede-vinara-i-vinogradara-srpske-na-sajmu-u-beogradu-ltn","status":"publish","type":"post","link":"https:\/\/predstavnistvorsbg.rs\/sr-Latn\/prethodni-dogadjaji-sr-latn\/kvalitetan-nastup-turisticke-privrede-vinara-i-vinogradara-srpske-na-sajmu-u-beogradu-ltn\/","title":{"rendered":"Kvalitetan nastup turisti\u010dke privrede, vinara i vinogradara Srpske na sajmu u Beogradu"},"content":{"rendered":"<div>\n<p>\u0160ef Predstavni\u0161tva Republike Srpske u Srbiji Mla\u0111en Cicovi\u0107 ocijenio je za Srnu da je Srpska imala izuzetno kvalitetan nastup na 43. Me\u0111unarodnom sajmu turizma u Beogradu, koji se zavr\u0161ava ve\u010deras.<\/p>\n<\/div>\n<p><img title=\"Ko\u0161arac i Cicovi\u0107 - \u0161tand TO R. Srpske i Predstavni\u0161tva R. Srpske u Srbiji u Hali 4 Beogradskog sajma\" src=\"\/wp-content\/uploads\/prethodni\/2022\/zavrsen_sajam_turizma2.jpg\" alt=\"Ko\u0161arac i Cicovi\u0107 - \u0161tand TO R. Srpske i Predstavni\u0161tva R. Srpske u Srbiji u Hali 4 Beogradskog sajma\" width=\"1200\" border=\"0\" \/><\/p>\n<p>Sumiraju\u0107i utiske uo\u010di zatvaranja najzna\u010dajnije turisti\u010dke manifestacije u regionu, Cicovi\u0107 je istakao da je najopipljiviji znak uspje\u0161ne prezentacije turisti\u010dke privrede Srpske odli\u010dna posje\u0107enost \u0161tanda Turisti\u010dke organizacije Republike Srpske i Predstavni\u0161tva Republike Srpske u Srbiji u Hali 4 Beogradskog sajma.<\/p>\n<p><img title=\"Ko\u0161arac i Cicovi\u0107 - \u0161tand Predstavni\u0161tva R. Srpske u Hali 3 na kome su predstavljeni vinari i vinogradari iz Srpske\" src=\"\/wp-content\/uploads\/prethodni\/2022\/zavrsen_sajam_turizma3.jpg\" alt=\"Ko\u0161arac i Cicovi\u0107 - \u0161tand Predstavni\u0161tva R. Srpske u Hali 3 na kome su predstavljeni vinari i vinogradari iz Srpske\" width=\"1200\" border=\"0\" \/><\/p>\n<p>On je istakao da se to odnosi i na \u0161tand Predstavni\u0161tva Republike Srpske u Hali 3 na kome su predstavljeni vinari i vinogradari iz Srpske, koji su nastupali na 12. Me\u0111unarodnom sajmu vina \u201eBeovajn\u201c.<\/p>\n<p>Cicovi\u0107 je rekao da je dodatni razlog za zadovoljstvo \u010dinjenica da je sve proteklo u najboljem redu, te napomenuo da pro\u0161logodi\u0161nji sajamovi turizma\u00a0 i vina nisu odr\u017eani zbog pandemije virusa korona.<br \/>\n&#8211; Uspjeli smo da izazovemo veliko interesovanje posjetilaca Sajma turizma, a posebno za na\u0161u olimpijsku ljepoticu Jahorinu, kako za njenu zimsku, tako i za ljetnu ponudu &#8211;\u00a0naveo je Cicovi\u0107.<\/p>\n<p><img title=\"Veselin Dutina direktor Agrarnog fonda Trebinje, odr\u017eao je prezentaciju projekata \u201eHercegova\u010dka ku\u0107a\u201c\" src=\"\/wp-content\/uploads\/prethodni\/2022\/zavrsen_sajam_turizma4.jpg\" alt=\"Veselin Dutina direktor Agrarnog fonda Trebinje, odr\u017eao je prezentaciju projekata \u201eHercegova\u010dka ku\u0107a\u201c\" width=\"1200\" border=\"0\" \/><\/p>\n<p>Prema njegovim rije\u010dima, posebnu pa\u017enju izazvalo je i Trebinje, \u010dija je prezentacija pokazala da je taj grad izuzetno po\u017eeljna destinacija za turiste iz Srbije.<\/p>\n<p><img title=\"Na promociji turisti\u010dke ponude Trebinja - direktor TO Grada Beograda Miodrag Popovi\u0107, zamenik gradona\u010delnika Trebinja Dra\u017een Bo\u0161kovi\u0107, direktor TO Mirjana Andri\u0107 Putica, direktor Agrarnog fonda Trebinja Veselin Dutina sa saradnicama Predstavni\u0161tva R. Srpske u Srbiji Jelenom Kusmuk i Anjom Vukeli\u0107\" src=\"\/wp-content\/uploads\/prethodni\/2022\/zavrsen_sajam_turizma5.jpg\" alt=\"Na promociji turisti\u010dke ponude Trebinja - direktor TO Grada Beograda Miodrag Popovi\u0107, zamenik gradona\u010delnika Trebinja Dra\u017een Bo\u0161kovi\u0107, direktor TO Mirjana Andri\u0107 Putica, direktor Agrarnog fonda Trebinja Veselin Dutina sa saradnicama Predstavni\u0161tva R. Srpske u Srbiji Jelenom Kusmuk i Anjom Vukeli\u0107\" width=\"1200\" border=\"0\" \/><\/p>\n<p>On je istakao da je Turisti\u010dka organizacija Trebinja predstavila i \u201eHercegova\u010dku ku\u0107u&#8220;, te pojasnio da je to projekat koji \u0107e biti realizovan i u Srbiji, gdje \u0107e ljudima biti dostupni hrana, vino i sve \u0161to reprezentuje Hercegovinu.<\/p>\n<p><img loading=\"lazy\" title=\"Ponuda TO Grada Bijeljina\" src=\"\/wp-content\/uploads\/prethodni\/2022\/zavrsen_sajam_turizma6.jpg\" alt=\"Ponuda TO Grada Bijeljina\" width=\"500\" height=\"375\" border=\"0\" \/><\/p>\n<p>Cicovi\u0107 je dodao da je Turisti\u010dka organizacija Grada Bijeljina organizovala svoje predstavljanje, uspje\u0161no je predstavljena Banja Dvorovi, gastro ponuda i drugi turisti\u010dki i ugostiteljski sadr\u017eaji.<\/p>\n<p><img title=\"Turisti\u010dka ponuda Lijev\u010da i Potkozarja\" src=\"\/wp-content\/uploads\/prethodni\/2022\/zavrsen_sajam_turizma7.jpg\" alt=\"Turisti\u010dka ponuda Lijev\u010da i Potkozarja\" width=\"1200\" border=\"0\" \/><\/p>\n<p>Svoje turisti\u010dke ponude i programe, kroz promo turisti\u010dke materijale, bro\u0161ure i video materijale predstavile su TO Banja Luke, Doboja, Prijedora i ostale TO gradova i op\u0161tina Republike Srpske.<\/p>\n<p><img title=\"Promocija na \u0161tandu vinarije \u201eAn\u0111eli\u0107\u201c\" src=\"\/wp-content\/uploads\/prethodni\/2022\/zavrsen_sajam_turizma8.jpg\" alt=\"Promocija na \u0161tandu vinarije \u201eAn\u0111eli\u0107\u201c\" width=\"1200\" border=\"0\" \/><\/p>\n<p>Kada je rije\u010d o nastupu vinarija iz Srpske na Sajmu vina, Cicovi\u0107 je istakao podrume \u201eVukoje\u201c, \u201eTvrdo\u0161&#8220;, \u201eAn\u0111eli\u0107\u201c, \u201ePaji\u0107\u201c i \u201eJungi\u0107\u201c \u00a0pohvaliv\u0161i i sve ostale vinarije i destileriju \u201eEpoha\u201c za uspje\u0161nu promociju.<\/p>\n<p><img title=\"Na \u0161tandu TO Fo\u010da\" src=\"\/wp-content\/uploads\/prethodni\/2022\/zavrsen_sajam_turizma9.jpg\" alt=\"Na \u0161tandu TO Fo\u010da\" width=\"1200\" border=\"0\" \/><\/p>\n<p>Cicovi\u0107 je ocijenio da su svi koji su bili uklju\u010deni u njihovo predstavljanje doprinijeli da napori Vlade Srpske na ja\u010danju te privredne grane daju efekat i kvalitetan rezultat.<\/p>\n<p>On smatra da i dalje treba raditi na tome da vinari iz Srpske uhvate korak sa svjetskim trendovima, kako u Rusiji, Kini, Austriji i \u0160vajcarskoj, gdje su ve\u0107 prisutni, tako i na drugim tr\u017ei\u0161tima.<\/p>\n<p>&#8211; Na\u0161a zajedni\u010dka ocjena i utisak je da idu\u0107e godine treba da uradimo i pripremimo jo\u0161 ve\u0107e i reprezentativnije \u0161tandove, \u0161to se odnosi i na turisti\u010dke organizacije i na vinare, jer bilje\u017ee sve bolje rezultate &#8211;\u00a0rekao je Cicovi\u0107.<\/p>\n<p><img title=\"Na promociji turisti\u010dke ponude Trebinja\" src=\"\/wp-content\/uploads\/prethodni\/2022\/zavrsen_sajam_turizma9_1.jpg\" alt=\"Na promociji turisti\u010dke ponude Trebinja\" width=\"1200\" border=\"0\" \/><\/p>\n<p>To su, kako ka\u017ee Cicovi\u0107, posebno zaslu\u017eili vinari i vinogradari, privredna grana koja je u ekspanziji, jer u Republici Srpskoj ima ve\u0107 37 vinarija i 600 hektara pod vinovom lozom.<\/p>\n<p><img title=\"Mla\u0111en Cicovi\u0107 \u0161ef Predstavni\u0161tva R. Srpske u Srbiji, Suzana Ga\u0161i\u0107 ministarka trgovine i turizma Srpske i Sta\u0161a Ko\u0161arac ministar spoljne trgovine i ekonomskih odnosa u Savjetu ministara BiH\" src=\"\/wp-content\/uploads\/prethodni\/2022\/zavrsen_sajam_turizma9_2.jpg\" alt=\"Mla\u0111en Cicovi\u0107 \u0161ef Predstavni\u0161tva R. Srpske u Srbiji, Suzana Ga\u0161i\u0107 ministarka trgovine i turizma Srpske i Sta\u0161a Ko\u0161arac ministar spoljne trgovine i ekonomskih odnosa u Savjetu ministara BiH\" width=\"1200\" border=\"0\" \/><\/p>\n<p>On je istakao da u\u010desnicima sajma vina i turizma, Predstavni\u0161tvu Republike Srpske u Srbiji i Turisti\u010dkoj organizaciji Republike Srpske kao organizatorima njihovog nastupa mnogo zna\u010di to \u0161to su Vlada i resorna ministarstva podr\u017eali sve \u0161to rade.<\/p>\n<p>&#8211; Na\u0161e \u0161tandove posjetili su ministar spoljne trgovine i ekonomskih odnosa u Savjetu ministara Sta\u0161a Ko\u0161arac, ministar trgovine i turizma Srpske Suzana Ga\u0161i\u0107 i ministar za evropske integracije i me\u0111unarodnu saradnju Zlatan Kloki\u0107. NJihovim posjetama poslate su poruke koliko su nam zna\u010dajne privredne grane \u010diji su predstavnici nastupili na Sajmu &#8211;\u00a0istakao je Cicovi\u0107.<\/p>\n<p>Na 43. Me\u0111unarodnom sajmu turizma u Beogradu turisti\u010dku privredu Srpske predstavljali su Turisti\u010dka organizacija Republike Srpske i vi\u0161e od 20 lokalnih turisti\u010dkih organizacija, koji su svoje potencijale predstavili na zajedni\u010dkom \u0161tandu u Hali \u010detiri Beogradskog sajma.<\/p>\n<p>U Hali tri na 12. Me\u0111unarodnom sajmu vina \u201eBeovajn\u201c predstavili su se podrumi \u201eVukoje&#8220;, \u201eAn\u0111eli\u0107&#8220;, \u201eA\u0107imovi\u0107&#8220;, \u201eSekulovi\u0107&#8220;, \u201eBerak&#8220;, Podrumi manastira \u201eTvrdo\u0161\u201c, vinarije \u201eJungi\u0107&#8220;, \u201eBanjac&#8220;, \u201ePaji\u0107&#8220; i destilerija \u201eEpoha&#8220;.<\/p>\n","protected":false},"excerpt":{"rendered":"<p>\u0160ef Predstavni\u0161tva Republike Srpske u Srbiji Mla\u0111en Cicovi\u0107 ocijenio je za Srnu da je Srpska imala izuzetno kvalitetan nastup na 43. Me\u0111unarodnom sajmu turizma u Beogradu, koji se zavr\u0161ava ve\u010deras. Sumiraju\u0107i utiske uo\u010di zatvaranja najzna\u010dajnije turisti\u010dke manifestacije u regionu, Cicovi\u0107 je istakao da je najopipljiviji znak uspje\u0161ne prezentacije turisti\u010dke privrede Srpske odli\u010dna posje\u0107enost \u0161tanda Turisti\u010dke&#8230;<\/p>\n","protected":false},"author":1,"featured_media":3626,"comment_status":"closed","ping_status":"closed","sticky":false,"template":"","format":"standard","meta":[],"categories":[56],"tags":[75],"_links":{"self":[{"href":"https:\/\/predstavnistvorsbg.rs\/sr-Latn\/wp-json\/wp\/v2\/posts\/4728"}],"collection":[{"href":"https:\/\/predstavnistvorsbg.rs\/sr-Latn\/wp-json\/wp\/v2\/posts"}],"about":[{"href":"https:\/\/predstavnistvorsbg.rs\/sr-Latn\/wp-json\/wp\/v2\/types\/post"}],"author":[{"embeddable":true,"href":"https:\/\/predstavnistvorsbg.rs\/sr-Latn\/wp-json\/wp\/v2\/users\/1"}],"replies":[{"embeddable":true,"href":"https:\/\/predstavnistvorsbg.rs\/sr-Latn\/wp-json\/wp\/v2\/comments?post=4728"}],"version-history":[{"count":0,"href":"https:\/\/predstavnistvorsbg.rs\/sr-Latn\/wp-json\/wp\/v2\/posts\/4728\/revisions"}],"wp:featuredmedia":[{"embeddable":true,"href":"https:\/\/predstavnistvorsbg.rs\/sr-Latn\/wp-json\/wp\/v2\/media\/3626"}],"wp:attachment":[{"href":"https:\/\/predstavnistvorsbg.rs\/sr-Latn\/wp-json\/wp\/v2\/media?parent=4728"}],"wp:term":[{"taxonomy":"category","embeddable":true,"href":"https:\/\/predstavnistvorsbg.rs\/sr-Latn\/wp-json\/wp\/v2\/categories?post=4728"},{"taxonomy":"post_tag","embeddable":true,"href":"https:\/\/predstavnistvorsbg.rs\/sr-Latn\/wp-json\/wp\/v2\/tags?post=4728"}],"curies":[{"name":"wp","href":"https:\/\/api.w.org\/{rel}","templated":true}]}}