{"id":4764,"date":"2022-04-01T10:00:22","date_gmt":"2022-04-01T08:00:22","guid":{"rendered":"https:\/\/prs2.profimediagroup.com\/uncategorized-sr-latn\/beogradski-i-banjalucki-festivali-djecije-poezije-spajaju-srbiju-i-srpsku\/"},"modified":"2023-05-09T19:50:05","modified_gmt":"2023-05-09T17:50:05","slug":"beogradski-i-banjalucki-festivali-djecije-poezije-spajaju-srbiju-i-srpsku-ltn","status":"publish","type":"post","link":"https:\/\/predstavnistvorsbg.rs\/sr-Latn\/prethodni-dogadjaji-sr-latn\/beogradski-i-banjalucki-festivali-djecije-poezije-spajaju-srbiju-i-srpsku-ltn\/","title":{"rendered":"Beogradski i banjalu\u010dki festivali dje\u010dije poezije spajaju Srbiju i Srpsku"},"content":{"rendered":"<p>Beogradski festival \u201eMali pobednik&#8220; koji je izborno takmi\u010denje za najve\u0107u me\u0111unarodnu smotru de\u010dije poezije u regionu \u201eDje\u010dije carstvo\u201c u Banjaluci, odr\u017ean je danas (01.04.2022.g.) po deseti put u Udru\u017eenju knji\u017eevnika Srbije uz prisustvo publike i takmi\u010dara, i to prvi put u\u017eivo poslije dvije godine, kada je organizovan u onlajn formatu.<\/p>\n<p>U\u010destvovalo je vi\u0161e od 500 u\u010denika beogradskih osnovnih \u0161kola, od kojih je u finalu u\u010destvovalo ukupno njih 43.<\/p>\n<p><img title=\"Katarina Kanazir apsolutni pobjednik 10. Festivala poezije beogradskih osnovnih \u0161kola \u201eMali pobednik\" src=\"\/wp-content\/uploads\/prethodni\/2022\/mali_pobednik2.jpg\" alt=\"Katarina Kanazir apsolutni pobjednik 10. Festivala poezije beogradskih osnovnih \u0161kola \u201eMali pobednik\" width=\"1200\" border=\"0\" \/><\/p>\n<p>Apsolutni pobjednik 10. Festivala poezije beogradskih osnovnih \u0161kola \u201eMali pobednik&#8220; je u\u010denica osmog razreda Osnovne \u0161kole \/O\u0160\/ \u201eRade Kon\u010dar&#8220; iz Beograda Katarina Kanazir sa pjesmom \u201eBreza&#8220;.<\/p>\n<p><img title=\"Prvu nagradu u kategoriji mla\u0111ih finalista, Neva Popovi\u0107, drugu Ana Jamed\u017eija i Vasilije Nedeljkovi\u0107\" src=\"\/wp-content\/uploads\/prethodni\/2022\/mali_pobednik3.jpg\" alt=\"Prvu nagradu u kategoriji mla\u0111ih finalista, Neva Popovi\u0107, drugu Ana Jamed\u017eija i Vasilije Nedeljkovi\u0107\" width=\"1200\" border=\"0\" \/><\/p>\n<p>Prvu nagradu u kategoriji mla\u0111ih finalista, od prvog do \u010detvrtog razreda osvojila je u\u010denica drugog razreda O\u0160 \u201eBra\u0107a Baruh&#8220; Neva Popovi\u0107, a drugu Ana Jamed\u017eija, u\u010denica drugog razreda O\u0160 \u201eFilip Vi\u0161nji\u0107&#8220;, te Vasilije Nedeljkovi\u0107, u\u010denik \u010detvrtog razreda O\u0160 \u201eBorislav Peki\u0107&#8220;.<\/p>\n<p><img title=\"Tre\u0107u nagradu osvojili su Filip \u0110uri\u0107, Lazar Gluhali\u0107, Pavle Zlatanovi\u0107, Sergej Kolund\u017eija i Vuk Savi\u0107\" src=\"\/wp-content\/uploads\/prethodni\/2022\/mali_pobednik4.jpg\" alt=\"Tre\u0107u nagradu osvojili su Filip \u0110uri\u0107, Lazar Gluhali\u0107, Pavle Zlatanovi\u0107, Sergej Kolund\u017eija i Vuk Savi\u0107\" width=\"1200\" border=\"0\" \/><\/p>\n<p>Tre\u0107u nagradu osvojili su u\u010denik tre\u0107eg razreda O\u0160 \u201eVlada Aksentijevi\u0107&#8220; Filip \u0110uri\u0107, u\u010denik drugog razreda O\u0160 \u201eNikola Tesla&#8220; Lazar Gluhali\u0107, u\u010denik tre\u0107eg razreda O\u0160 \u201eCana Marjanovi\u0107 Ralja&#8220; Pavle Zlatanovi\u0107, u\u010denik tre\u0107eg razreda O\u0160 \u201e\u0110uro Strugar&#8220; Sergej Kolund\u017eija i u\u010denik drugog razreda O\u0160 \u201eCana Marjanovi\u0107 Ralja&#8220; Vuk Savi\u0107.<\/p>\n<p><img title=\"U kategoriji starijih finalista prvu nagradu osvojila je Anastazija Stojadinovi\u0107\" src=\"\/wp-content\/uploads\/prethodni\/2022\/mali_pobednik5.jpg\" alt=\"U kategoriji starijih finalista prvu nagradu osvojila je Anastazija Stojadinovi\u0107\" width=\"1200\" border=\"0\" \/><\/p>\n<p>U kategoriji starijih finalista, od petog do osmog razreda, prvu nagradu osvojila je u\u010denica \u0161estog razreda O\u0160 \u0110uro Sturgar Anastazija Stojadinovi\u0107.<\/p>\n<p><img title=\"Drugu nagradu osvojile su Jana Ba\u0161ovi\u0107 i Ma\u0161a Rodi\u0107, a tre\u0107u nagradu u\u010denice petog i \u0161estog razreda Dunja Da\u0161i\u0107 i Jana Malobabi\u0107 i Ognjen Mihajlovi\u0107, Sta\u0161a Kosti\u0107 i Uro\u0161 Pavlovi\u0107\" src=\"\/wp-content\/uploads\/prethodni\/2022\/mali_pobednik6.jpg\" alt=\"Drugu nagradu osvojile su Jana Ba\u0161ovi\u0107 i Ma\u0161a Rodi\u0107, a tre\u0107u nagradu u\u010denice petog i \u0161estog razreda Dunja Da\u0161i\u0107 i Jana Malobabi\u0107 i Ognjen Mihajlovi\u0107, Sta\u0161a Kosti\u0107 i Uro\u0161 Pavlovi\u0107\" width=\"1200\" border=\"0\" \/><\/p>\n<p>Drugu nagradu osvojile su u\u010denice petog razreda O\u0160 \u201eNikola Tesla&#8220; Jana Ba\u0161ovi\u0107 i osmog razreda O\u0160 \u201eVasa \u010carapi\u0107\u201c Ma\u0161a Rodi\u0107.<\/p>\n<p>Tre\u0107u nagradu u\u010denice petog i \u0161estog razreda O\u0160 \u201eNikola Tesla&#8220; Dunja Da\u0161i\u0107 i Jana Malobabi\u0107, u\u010denik \u0161estog razreda O\u0160 &#8222;Branko \u0106opi\u0107&#8220; Ognjen Mihajlovi\u0107, u\u010denik \u0161estog razreda O\u0160 &#8222;14. oktobar&#8220; Sta\u0161a Kosti\u0107 i Uro\u0161 Pavlovi\u0107, u\u010denik \u0161estog razreda O\u0160 &#8222;Dr Ar\u010dibald Rajs&#8220;.<\/p>\n<p><img title=\"Direktor festivala Dje\u010dje carstvo Slobodan Sto\u0161i\u0107\" src=\"\/wp-content\/uploads\/prethodni\/2022\/mali_pobednik7.jpg\" alt=\"Direktor festivala Dje\u010dje carstvo Slobodan Sto\u0161i\u0107\" width=\"1200\" border=\"0\" \/><\/p>\n<p>Beogradski festival dje\u010dije poezije \u201eMali pobednik&#8220; i banjalu\u010dki \u201eDje\u010dije carstvo&#8220; spajaju Republiku Srpsku i Srbiju, Banjaluku i Beograd, s tim \u0161to smo matica mi, u Banjaluci, rekao je direktor festivala \u201eDje\u010dje carstvo&#8220; Slobodan Sto\u0161i\u0107.<\/p>\n<p>\u201eOvdje biramo one koji \u0107e predstavljati Beograd u Banjaluci, imamo 43 finalista, 20 mla\u0111ih i 23 iz starije grupe. Svake godine imamo sve ve\u0107i broj zainteresovanih \u0161kola\u201c, ka\u017ee Sto\u0161i\u0107.<\/p>\n<p><img title=\"Direktor Festivala Mali pobednik u Beogradu Sonja Pje\u0161\u010di\u0107\" src=\"\/wp-content\/uploads\/prethodni\/2022\/mali_pobednik8.jpg\" alt=\"Direktor Festivala Mali pobednik u Beogradu Sonja Pje\u0161\u010di\u0107\" width=\"1200\" border=\"0\" \/><\/p>\n<p>Direktor Festivala \u201eMali pobednik&#8220; u Beogradu Sonja Pje\u0161\u010di\u0107 isti\u010de da je cilj organizatora \u2013 da se poezije pribli\u017ei djeci, ali i da se djeca upoznaju sa Republikom Srpskom i Banjalukom i uspostave prijateljstva.<\/p>\n<p><img title=\"Direktor festivala Dje\u010dje carstvo Slobodan Sto\u0161i\u0107, Direktor Festivala Mali pobednik u Beogradu Sonja Pje\u0161\u010di\u0107 sa saradnikom u Predstavni\u0161tvu R. Srpske u Srbiji Borislavom Maksimovi\u0107em\" src=\"\/wp-content\/uploads\/prethodni\/2022\/mali_pobednik9.jpg\" alt=\"Direktor festivala Dje\u010dje carstvo Slobodan Sto\u0161i\u0107, Direktor Festivala Mali pobednik u Beogradu Sonja Pje\u0161\u010di\u0107 sa saradnikom u Predstavni\u0161tvu R. Srpske u Srbiji Borislavom Maksimovi\u0107em\" width=\"1200\" border=\"0\" \/><\/p>\n<p>\u201eMnogi od njih nikada nisu bili u Banjaluci. Pravimo mali most, koliko je u na\u0161oj mo\u0107i, izme\u0111u Republike Srpske i Srbije, ali on je jako va\u017ean jer to su ti mali ljudi na kojima ostaje svet, pa \u0107em u budu\u0107nosti imati svet gde \u0107e ta povezanost biti jo\u0161 ve\u0107a&#8220;, navela je Pje\u0161\u010di\u0107eva.<\/p>\n<p>Festival je organizovalo udru\u017eenje \u201eKultart&#8220; iz Beograda, uz podr\u0161ku Predstavni\u0161tva Republike Srpske u Srbiji.<\/p>\n","protected":false},"excerpt":{"rendered":"<p>Beogradski festival \u201eMali pobednik&#8220; koji je izborno takmi\u010denje za najve\u0107u me\u0111unarodnu smotru de\u010dije poezije u regionu \u201eDje\u010dije carstvo\u201c u Banjaluci, odr\u017ean je danas (01.04.2022.g.) po deseti put u Udru\u017eenju knji\u017eevnika Srbije uz prisustvo publike i takmi\u010dara, i to prvi put u\u017eivo poslije dvije godine, kada je organizovan u onlajn formatu. U\u010destvovalo je vi\u0161e od 500&#8230;<\/p>\n","protected":false},"author":1,"featured_media":3630,"comment_status":"closed","ping_status":"closed","sticky":false,"template":"","format":"standard","meta":[],"categories":[56],"tags":[75],"_links":{"self":[{"href":"https:\/\/predstavnistvorsbg.rs\/sr-Latn\/wp-json\/wp\/v2\/posts\/4764"}],"collection":[{"href":"https:\/\/predstavnistvorsbg.rs\/sr-Latn\/wp-json\/wp\/v2\/posts"}],"about":[{"href":"https:\/\/predstavnistvorsbg.rs\/sr-Latn\/wp-json\/wp\/v2\/types\/post"}],"author":[{"embeddable":true,"href":"https:\/\/predstavnistvorsbg.rs\/sr-Latn\/wp-json\/wp\/v2\/users\/1"}],"replies":[{"embeddable":true,"href":"https:\/\/predstavnistvorsbg.rs\/sr-Latn\/wp-json\/wp\/v2\/comments?post=4764"}],"version-history":[{"count":0,"href":"https:\/\/predstavnistvorsbg.rs\/sr-Latn\/wp-json\/wp\/v2\/posts\/4764\/revisions"}],"wp:featuredmedia":[{"embeddable":true,"href":"https:\/\/predstavnistvorsbg.rs\/sr-Latn\/wp-json\/wp\/v2\/media\/3630"}],"wp:attachment":[{"href":"https:\/\/predstavnistvorsbg.rs\/sr-Latn\/wp-json\/wp\/v2\/media?parent=4764"}],"wp:term":[{"taxonomy":"category","embeddable":true,"href":"https:\/\/predstavnistvorsbg.rs\/sr-Latn\/wp-json\/wp\/v2\/categories?post=4764"},{"taxonomy":"post_tag","embeddable":true,"href":"https:\/\/predstavnistvorsbg.rs\/sr-Latn\/wp-json\/wp\/v2\/tags?post=4764"}],"curies":[{"name":"wp","href":"https:\/\/api.w.org\/{rel}","templated":true}]}}