{"id":4766,"date":"2022-04-06T11:00:46","date_gmt":"2022-04-06T09:00:46","guid":{"rendered":"https:\/\/prs2.profimediagroup.com\/uncategorized-sr-latn\/skolarci-iz-dvorova-medju-najuspjesnijim-u-kvizu-nemanjici\/"},"modified":"2023-05-09T19:50:16","modified_gmt":"2023-05-09T17:50:16","slug":"skolarci-iz-dvorova-medju-najuspjesnijim-u-kvizu-nemanjici-ltn","status":"publish","type":"post","link":"https:\/\/predstavnistvorsbg.rs\/sr-Latn\/prethodni-dogadjaji-sr-latn\/skolarci-iz-dvorova-medju-najuspjesnijim-u-kvizu-nemanjici-ltn\/","title":{"rendered":"\u0160kolarci iz Dvorova me\u0111u najuspje\u0161nijim u kvizu Nemanji\u0107i"},"content":{"rendered":"<p>\u0160kolarci iz Dvorova kod Bijeljine ve\u010deras su u \u010ca\u010dku pokazali zavidno znanje iz istorije na finalnom takmi\u010denju Me\u0111unarodnog kviza \u201eNemanji\u0107i\u201c sa temom \u201eZnameniti Srbi\u201c, na kojem su osvojili drugo mjesto.<\/p>\n<p><img title=\"Prvo mjesto osvojila je ekipa \u201eNemanjina dru\u017eina\u201c iz Kru\u0161evca\" src=\"\/wp-content\/uploads\/prethodni\/2022\/kviz_nemanjici2.jpg\" alt=\"Prvo mjesto osvojila je ekipa \u201eNemanjina dru\u017eina\u201c iz Kru\u0161evca\" width=\"1200\" border=\"0\" \/><\/p>\n<p>Prvo mjesto me\u0111u takmi\u010darima iz Srbije i Republike Srpske u ovoj grupi osvojila je ekipa \u201eNemanjina dru\u017eina\u201c iz Kru\u0161evca, dok su tre\u0107i po znanju bili u\u010denici iz Osnovne \u0161kole &#8222;Radojka Laki\u0107&#8220; iz Beograda.<\/p>\n<p><img title=\" \u201eStefanova djeca\u201c iz Vukovara, najbolji me\u0111u takmi\u010darima iz dijaspore\" src=\"\/wp-content\/uploads\/prethodni\/2022\/kviz_nemanjici3.jpg\" alt=\" \u201eStefanova djeca\u201c iz Vukovara, najbolji me\u0111u takmi\u010darima iz dijaspore\" width=\"1200\" border=\"0\" \/><\/p>\n<p>Me\u0111u takmi\u010darima iz dijaspore najbolji su bili \u0161kolarci iz tima \u201eStefanova djeca\u201c iz Vukovara, dok su drugo i tre\u0107e mjesto osvojila djeca iz timova \u201eBo\u017eur\u201c i \u201eSrpski radoznalci\u201c, oba iz Italije.<\/p>\n<p>Takmi\u010denje je odr\u017eano po tre\u0107i put, uz blagoslov Svetog arhijerejskog sinoda Srpske pravoslavne crkve a u organizaciji Fondacije \u201eMir Bo\u017eiji&#8220; iz Banjaluke.<\/p>\n<p><img title=\"Predsjednik organizacionog odbora Zdravko Mo\u010devi\u0107\" src=\"\/wp-content\/uploads\/prethodni\/2022\/kviz_nemanjici4.jpg\" alt=\"Predsjednik organizacionog odbora Zdravko Mo\u010devi\u0107\" width=\"1200\" border=\"0\" \/><\/p>\n<p>Predsjednik organizacionog odbora Zdravko Mo\u010devi\u0107 izjavio je da je kroz ovo takmi\u010denje do sada pro\u0161lo oko 3.000 takmi\u010dara iz 12 dr\u017eava sa svih kontinenata.<\/p>\n<p>\u201eKviz je ve\u0107 dobio na imid\u017eu u regionu, u Evropi, a mogu re\u0107i i \u0161irom svijeta&#8220;, rekao je Mo\u010devi\u0107.<\/p>\n<p>Prema njegovim rije\u010dima, djeca se za kviz spremaju prema posebnoj skripti koju im je obezbijedio organizator, a koja sadr\u017ei sva pitanja i odgovore.<\/p>\n<p>\u201eDjeca u\u010de iz te literature i takmi\u010de se na osnovu toga, jer u okviru redovnog obrazovanja nema mnogo sadr\u017eaja iz ove oblasti&#8220;, rekao je Mo\u010devi\u0107.<\/p>\n<p>On je potvrdio da \u0107e svi takmi\u010dari sutra, na veliki praznik Blagovjesti, od 9.00 \u010dasova prisustvovati liturgiji u Hramu Svetog Save na Vra\u010daru, nakon \u010dega \u0107e ih primiti njegova svetost patrijarh srpski Porfirije.<\/p>\n<p><img title=\"Takmi\u010denje je, tradicionalno podr\u017ealo i Predstavni\u0161tvo R. Srpske u Srbiji, ispred koga je Borislav Maksimovi\u0107, saradnik za kulturu\" src=\"\/wp-content\/uploads\/prethodni\/2022\/kviz_nemanjici7.jpg\" alt=\"Takmi\u010denje je, tradicionalno podr\u017ealo i Predstavni\u0161tvo R. Srpske u Srbiji, ispred koga je Borislav Maksimovi\u0107, saradnik za kulturu\" width=\"1200\" border=\"0\" \/><\/p>\n<p>Takmi\u010denje je, tradicionalno podr\u017ealo i Predstavni\u0161tvo Republike Srpske u Srbiji, ispred koga je Borislav Maksimovi\u0107, saradnik za kulturu, pobjedni\u010dkom timu iz Vukovara darovao televizore.<\/p>\n<p><img title=\"Ispred Predstavni\u0161tva R. Srpske u Srbiji Borislav Maksimovi\u0107, saradnik za kulturu, pobjedni\u010dkom timu iz Vukovara darovao je televizore\" src=\"\/wp-content\/uploads\/prethodni\/2022\/kviz_nemanjici6.jpg\" alt=\"Ispred Predstavni\u0161tva R. Srpske u Srbiji Borislav Maksimovi\u0107, saradnik za kulturu, pobjedni\u010dkom timu iz Vukovara darovao je televizore\" width=\"1200\" border=\"0\" \/><\/p>\n<p>Podr\u0161ku takmi\u010denju pru\u017eili su i Uprava za saradnju sa dijasporom Ministarstva spoljnih poslova Srbije i Ministarstvo za evropske integracije i me\u0111unarodnu saradnju Republike Srpske, uz brojne sponzore.<\/p>\n<p><img title=\"Zajedni\u010dka fotografija svih u\u010desnika finalnog takmi\u010denja Me\u0111unarodnog kviza \u201eNemanji\u0107i\u201c\" src=\"\/wp-content\/uploads\/prethodni\/2022\/kviz_nemanjici5.jpg\" alt=\"Zajedni\u010dka fotografija svih u\u010desnika finalnog takmi\u010denja Me\u0111unarodnog kviza \u201eNemanji\u0107i\u201c\" width=\"1200\" border=\"0\" \/><\/p>\n","protected":false},"excerpt":{"rendered":"<p>\u0160kolarci iz Dvorova kod Bijeljine ve\u010deras su u \u010ca\u010dku pokazali zavidno znanje iz istorije na finalnom takmi\u010denju Me\u0111unarodnog kviza \u201eNemanji\u0107i\u201c sa temom \u201eZnameniti Srbi\u201c, na kojem su osvojili drugo mjesto. Prvo mjesto me\u0111u takmi\u010darima iz Srbije i Republike Srpske u ovoj grupi osvojila je ekipa \u201eNemanjina dru\u017eina\u201c iz Kru\u0161evca, dok su tre\u0107i po znanju bili&#8230;<\/p>\n","protected":false},"author":1,"featured_media":3634,"comment_status":"closed","ping_status":"closed","sticky":false,"template":"","format":"standard","meta":[],"categories":[56],"tags":[75],"_links":{"self":[{"href":"https:\/\/predstavnistvorsbg.rs\/sr-Latn\/wp-json\/wp\/v2\/posts\/4766"}],"collection":[{"href":"https:\/\/predstavnistvorsbg.rs\/sr-Latn\/wp-json\/wp\/v2\/posts"}],"about":[{"href":"https:\/\/predstavnistvorsbg.rs\/sr-Latn\/wp-json\/wp\/v2\/types\/post"}],"author":[{"embeddable":true,"href":"https:\/\/predstavnistvorsbg.rs\/sr-Latn\/wp-json\/wp\/v2\/users\/1"}],"replies":[{"embeddable":true,"href":"https:\/\/predstavnistvorsbg.rs\/sr-Latn\/wp-json\/wp\/v2\/comments?post=4766"}],"version-history":[{"count":0,"href":"https:\/\/predstavnistvorsbg.rs\/sr-Latn\/wp-json\/wp\/v2\/posts\/4766\/revisions"}],"wp:featuredmedia":[{"embeddable":true,"href":"https:\/\/predstavnistvorsbg.rs\/sr-Latn\/wp-json\/wp\/v2\/media\/3634"}],"wp:attachment":[{"href":"https:\/\/predstavnistvorsbg.rs\/sr-Latn\/wp-json\/wp\/v2\/media?parent=4766"}],"wp:term":[{"taxonomy":"category","embeddable":true,"href":"https:\/\/predstavnistvorsbg.rs\/sr-Latn\/wp-json\/wp\/v2\/categories?post=4766"},{"taxonomy":"post_tag","embeddable":true,"href":"https:\/\/predstavnistvorsbg.rs\/sr-Latn\/wp-json\/wp\/v2\/tags?post=4766"}],"curies":[{"name":"wp","href":"https:\/\/api.w.org\/{rel}","templated":true}]}}