{"id":4767,"date":"2022-04-08T10:00:45","date_gmt":"2022-04-08T08:00:45","guid":{"rendered":"https:\/\/prs2.profimediagroup.com\/uncategorized-sr-latn\/eksperimentalni-art-kamp-u-beogradu-zavrsava-se-danas\/"},"modified":"2023-05-09T19:50:22","modified_gmt":"2023-05-09T17:50:22","slug":"eksperimentalni-art-kamp-u-beogradu-zavrsava-se-danas-ltn","status":"publish","type":"post","link":"https:\/\/predstavnistvorsbg.rs\/sr-Latn\/prethodni-dogadjaji-sr-latn\/eksperimentalni-art-kamp-u-beogradu-zavrsava-se-danas-ltn\/","title":{"rendered":"Eksperimentalni art kamp u Beogradu zavr\u0161ava se danas"},"content":{"rendered":"<p>Eksperimentalni art kamp \u201eDjece sunca\u201c sa Draganom Bjelogrli\u0107em i Srdanom Golubovi\u0107em, Ustanove socijalne za\u0161tite \u201eDaun sindrom centar Banja Luka&#8220;, a pod pokroviteljstvom Predstavni\u0161tva Republike Srpske u Srbiji zavr\u0161ava se danas (8.04.2022.g.) u Beogradu, u Vili Republike Srpske. U\u010desnici ovog kampa bili su osobe sa Daunovim sindromom iz Banjaluke, Prijedora, Lakta\u0161a, Kotor Varo\u0161a i Beograda. Ra\u0111ene su muzikoterapije, terapije plesom, likovne terapije, psihoterapije i dramterapije sa Draganom Bjelogrli\u0107em. U ovom kampu su u\u010destvovali studenti defektolo\u0161kog fakulteta iz Banjaluke koji su na praksi u Daun sindrom centru Banjaluka. U sklopu espresivnih art terapija osobe sa Daunovim sindromom imali su mogu\u0107nost da prepoznaju da imaju potencijal, a time su oja\u010dali svoje samopouzdanje, i tako spremniji mogu da se aktivno uklju\u010de u sve dru\u0161tvene sfere, da se osje\u0107aju dru\u0161tveno aktivnim i dru\u0161tveno korisnim.<\/p>\n<p><img title=\"Dragan Bjelogrli\u0107, glumac i re\u017eiser u Vili Predstavni\u0161tva R. Srpske je otvorio izlo\u017ebu likovnih radova osoba sa daunovim sindromom\" src=\"\/wp-content\/uploads\/prethodni\/2022\/zavrsen_kamp_ds2.jpg\" alt=\"Dragan Bjelogrli\u0107, glumac i re\u017eiser u Vili Predstavni\u0161tva R. Srpske je otvorio izlo\u017ebu likovnih radova osoba sa daunovim sindromom\" width=\"1200\" border=\"0\" \/><\/p>\n<p>Dragan Bjelogrli\u0107 koji je od maja mjeseca 2020. godine u\u010destvovao u radionicama koje je organizovao Daun sindrom Centar u to vrijeme rade\u0107i online, sada je imao priliku u\u017eivo da upozna sve aktere ekspresivnih art terapija u kojima je i sam u\u010destvovao. Zajedno sa njima u\u010destvovao je u likovnim terapijama i tada je nastao rad \u201eDjeca sunca\u201c. Dragan Bjelogrli\u0107 je u Vili Predstavni\u0161tva Republike Srpske otvorio izlo\u017ebu likovnih radova osoba sa Daunovim sindromom, koji su nastajali od 2020. godine pa do kampa u Beogradu. Ovi radovi su pro\u0161li izlo\u017ebe u Banjoj Luci, Sarajevu, Pragu, Beogradu i nastavi\u0107e dalje sa izlaganjem u Banji Vru\u0107ici i na Jahorini, gdje \u0107e se tako\u0111e odr\u017eavati ekspresivni art kamp \u201eDjece sunca\u201c. Ova manifestacija zavr\u0161i\u0107e se 21. aprila na Jahorini.<\/p>\n<p><img title=\"U\u010desnici kampa su bile osobe sa daunovim sindromom iz Banjaluke, Prijedora, Lakta\u0161a, Kotor Varo\u0161a i Beograda\" src=\"\/wp-content\/uploads\/prethodni\/2022\/zavrsen_kamp_ds3.jpg\" alt=\"U\u010desnici kampa su bile osobe sa daunovim sindromom iz Banjaluke, Prijedora, Lakta\u0161a, Kotor Varo\u0161a i Beograda\" width=\"1200\" border=\"0\" \/><\/p>\n<p>Osobe sa Daun sindromom koje su boravile u Beogradu pro\u0161le su i program osamostaljivanja, jer su boravili samostalno pod nadzorom terapeuta bez prisustva roditelja, \u0161to je veoma zna\u010dajno; oja\u010dali su svoje samopouzdanje koje \u0107e im dobro do\u0107i u borbi protiv stigme i pomo\u0107i u stvaranju svog li\u010dnog identiteta. Osobe iz Beograda koje su boravile u ovom kampu bile su toliko pozitivno iznena\u0111ene, kako oni tako i njihovi roditelji, da ovako ne\u0161to uop\u0161te postoji. Ovo nije zna\u010dajno samo za osobe sa Daun sindromom ve\u0107 i za njihove porodice, kojima je tako\u0111e stigma naturila pogre\u0161na saznanja da osoba sa Daun sindromom ne mo\u017ee, ne treba i nije dobro da bilo \u0161ta poku\u0161ava.<\/p>\n<p><img title=\"Djeca Daun sindrom centra Banjaluka u U Vili R. Srpske u Beogradu sa Draganom Bjelogrli\u0107em, glumacem i re\u017eiserom, i sa Zoranom Jeli\u0107em direktorom centra\" src=\"\/wp-content\/uploads\/prethodni\/2022\/zavrsen_kamp_ds4.jpg\" alt=\"Djeca Daun sindrom centra Banjaluka u U Vili R. Srpske u Beogradu sa Draganom Bjelogrli\u0107em, glumacem i re\u017eiserom, i sa Zoranom Jeli\u0107em direktorom centra\" width=\"1200\" border=\"0\" \/><\/p>\n<p>&#8211; Kompletna de\u0161avanja u Beogradu jesu jedan veliki antistigmatski projekat koji \u0107e u mnogo \u010demu promijeniti stav i predrasude u odnosu na osobe sa Daun sindromom. U ovom kampu u\u010destvuju osobe sa ovim sindromom starije od 18. godina, koje su tretirane prvo kao ljudi pa tek onda kao osobe sa Daun sindromom, jer jedna od velikih prepreka jeste neobra\u0107anje u skladu sa \u017eivotnom dobi. Osobe sa Daun sindromom iz kampa u Beogradu odlaze sa velikim samopouzdanjem jer su kroz ovaj kamp stekli vi\u0161eslojne socijalne kontakte &#8211; rekao je Zoran Jeli\u0107, direktor Daun sindrom centra Banja Luka, i dodao: &#8211; Zahvaljuju\u0107i Predstavni\u0161tvu Republike Srpske u Srbiji koje je pokrovitelj ove manifestacije u Beogradu bitno je pobolj\u0161an kvalitet \u017eivljenja osoba sa Daun sindromom i njihovih porodica.\u00a0Ovo nije prvi put da Predstavni\u0161tvo bude pokrovitelj kampa u Beogradu koji organizuje Daun sindrom centar Banja Luka. Saradnjom Predstavni\u0161tva i Dragana Bjelogrli\u0107a dogovorena je i premijera dokumentarnog filma \u201eNeki novi Brodvej\u201c 19. maja 2022. godine u Jugoslovenskoj kinoteci u Beogradu.<\/p>\n<p><img title=\"Zoran Jeli\u0107 direktorom Daun sindrom centra Banjaluka sa djecom tog centra u posjeti Muzeju \u201e25. maj\u201c\" src=\"\/wp-content\/uploads\/prethodni\/2022\/zavrsen_kamp_ds5.jpg\" alt=\"Zoran Jeli\u0107 direktorom Daun sindrom centra Banjaluka sa djecom tog centra u posjeti Muzeju \u201e25. maj\u201c\" width=\"1200\" border=\"0\" \/><\/p>\n<p>Daun sindrom centar Banja Luka je centar za sociajlnu rehabilitaciju osoba sa DS i u sklopu svojih programa uveo je ekspresivne art terapije kao i komplementarne terapije. Stru\u010dno osoblje iz Daun sindrom centra Banja Luka nisu vi\u0161e za\u0161titari ve\u0107 pomaga\u010di na licu mjesta.<\/p>\n<p><img title=\"Zoran Jeli\u0107 direktor Daun sindrom centra Banjaluka sa djecom tog centra u obilasku kompleksa Muzeja \u201e25. maj\u201c\" src=\"\/wp-content\/uploads\/prethodni\/2022\/zavrsen_kamp_ds6.jpg\" alt=\"Zoran Jeli\u0107 direktor Daun sindrom centra Banjaluka sa djecom tog centra u obilasku kompleksa Muzeja \u201e25. maj\u201c\" width=\"1200\" border=\"0\" \/><\/p>\n","protected":false},"excerpt":{"rendered":"<p>Eksperimentalni art kamp \u201eDjece sunca\u201c sa Draganom Bjelogrli\u0107em i Srdanom Golubovi\u0107em, Ustanove socijalne za\u0161tite \u201eDaun sindrom centar Banja Luka&#8220;, a pod pokroviteljstvom Predstavni\u0161tva Republike Srpske u Srbiji zavr\u0161ava se danas (8.04.2022.g.) u Beogradu, u Vili Republike Srpske. U\u010desnici ovog kampa bili su osobe sa Daunovim sindromom iz Banjaluke, Prijedora, Lakta\u0161a, Kotor Varo\u0161a i Beograda. Ra\u0111ene&#8230;<\/p>\n","protected":false},"author":1,"featured_media":3636,"comment_status":"closed","ping_status":"closed","sticky":false,"template":"","format":"standard","meta":[],"categories":[56],"tags":[75],"_links":{"self":[{"href":"https:\/\/predstavnistvorsbg.rs\/sr-Latn\/wp-json\/wp\/v2\/posts\/4767"}],"collection":[{"href":"https:\/\/predstavnistvorsbg.rs\/sr-Latn\/wp-json\/wp\/v2\/posts"}],"about":[{"href":"https:\/\/predstavnistvorsbg.rs\/sr-Latn\/wp-json\/wp\/v2\/types\/post"}],"author":[{"embeddable":true,"href":"https:\/\/predstavnistvorsbg.rs\/sr-Latn\/wp-json\/wp\/v2\/users\/1"}],"replies":[{"embeddable":true,"href":"https:\/\/predstavnistvorsbg.rs\/sr-Latn\/wp-json\/wp\/v2\/comments?post=4767"}],"version-history":[{"count":0,"href":"https:\/\/predstavnistvorsbg.rs\/sr-Latn\/wp-json\/wp\/v2\/posts\/4767\/revisions"}],"wp:featuredmedia":[{"embeddable":true,"href":"https:\/\/predstavnistvorsbg.rs\/sr-Latn\/wp-json\/wp\/v2\/media\/3636"}],"wp:attachment":[{"href":"https:\/\/predstavnistvorsbg.rs\/sr-Latn\/wp-json\/wp\/v2\/media?parent=4767"}],"wp:term":[{"taxonomy":"category","embeddable":true,"href":"https:\/\/predstavnistvorsbg.rs\/sr-Latn\/wp-json\/wp\/v2\/categories?post=4767"},{"taxonomy":"post_tag","embeddable":true,"href":"https:\/\/predstavnistvorsbg.rs\/sr-Latn\/wp-json\/wp\/v2\/tags?post=4767"}],"curies":[{"name":"wp","href":"https:\/\/api.w.org\/{rel}","templated":true}]}}