{"id":4772,"date":"2022-04-15T11:00:42","date_gmt":"2022-04-15T09:00:42","guid":{"rendered":"https:\/\/prs2.profimediagroup.com\/uncategorized-sr-latn\/poljak-kacmarek-pobjednik-najteze-etape-trke-beograd-banja-luka\/"},"modified":"2023-05-09T19:51:06","modified_gmt":"2023-05-09T17:51:06","slug":"poljak-kacmarek-pobjednik-najteze-etape-trke-beograd-banja-luka-ltn","status":"publish","type":"post","link":"https:\/\/predstavnistvorsbg.rs\/sr-Latn\/prethodni-dogadjaji-sr-latn\/poljak-kacmarek-pobjednik-najteze-etape-trke-beograd-banja-luka-ltn\/","title":{"rendered":"Poljak Ka\u010dmarek pobjednik najte\u017ee etape trke \u201eBeograd-Banja Luka\u201c"},"content":{"rendered":"<p>Poljak Jakub Ka\u010dmarek, \u010dlan ekipe \u201eMazov\u0161e serce Polski\u201c, pobjednik je tre\u0107e, najte\u017ee etape Me\u0111unarodne biciklisti\u010dke trke \u201eBeograd-Banjaluka\u201c, koja je vo\u017eena od Bijeljine do Vlasenice.<\/p>\n<p><img title=\"Jakub Ka\u010dmarek, biciklista poljske ekipe Mazov\u0161e serce Polski, pobjednik tre\u0107e etape trke osvojio zlatnu medalju i \u017eutu majicu\" src=\"\/wp-content\/uploads\/prethodni\/2022\/bic_trka_treci_dan2.jpg\" alt=\"Jakub Ka\u010dmarek, biciklista poljske ekipe Mazov\u0161e serce Polski, pobjednik tre\u0107e etape trke osvojio zlatnu medalju i \u017eutu majicu\" width=\"1200\" border=\"0\" \/><\/p>\n<p>Biciklista ekipe \u201eTarteljeto Isoreksa\u201c iz Belgije Lenert Teugels zauzeo je drugo mjesto na ovoj etapi, a tre\u0107e Rajner Keplinger iz austrijske ekipe \u201eHrinkov\u201c.<\/p>\n<p>Bijela majica za najboljeg biciklistu do 23 godine pripala je Italijanu Valteru Kalconiju iz ekipe \u201eGalina ekoteks\u201c, plavu za najuspje\u0161nijeg brdskog biciklistu osvojio je Jonas Rap iz njema\u010dkog tima \u201eHrinkov\u201c, a crvena majica dodijeljena je najboljem sprinteru Mariju\u0161u Voldu iz belgijskog \u201eTartaljeta\u201c.<\/p>\n<p><img title=\"Tre\u0107a etapa Me\u0111unarodne biciklisti\u010dke trke Beograd \u2013 Banja Luka 2022. koja je vo\u017eena od Bijeljine do Vlasenice\" src=\"\/wp-content\/uploads\/prethodni\/2022\/bic_trka_treci_dan3.jpg\" alt=\"Tre\u0107a etapa Me\u0111unarodne biciklisti\u010dke trke Beograd \u2013 Banja Luka 2022. koja je vo\u017eena od Bijeljine do Vlasenice\" width=\"1200\" border=\"0\" \/><\/p>\n<p>Kao i svake godine, Vlaseni\u010dani su u velikom broju do\u010dekali karavan i priredili sjajan do\u010dek.<\/p>\n<p>Uvod u ceremoniju dodjele nagrada napravili su \u010dlanovi KUD \u201eBira\u010d\u201c iz Vlasenice, a goste je pozdravio doma\u0107in trke na\u010delnik op\u0161tine Miroslav Kraljevi\u0107, koji je izjavio da je Vlasenica \u010detvrti put doma\u0107in trke, koja je svjetski doga\u0111aj.<\/p>\n<p>\u010cetvrta etapa vozi se sutra od Doboja do Prijedora u du\u017eini 165 kilometara, a veliko finale je u nedjelju, 17. aprila, na posljednjoj petoj etapi, kada \u0107e biciklisti startovati u Derventi i voziti ka Banjaluci preko Srpca, Gradi\u0161ke i Lakta\u0161a.<\/p>\n<p>Stalni partneri u organizaciji Me\u0111unarodne biciklisti\u010dke trke su resorna ministarstva za sport i unutra\u0161njih poslova Srbije i Srpske, Predstavni\u0161tvo Republike Srpske u Srbiji, kao i gradovi doma\u0107ini etapa koji godinama pru\u017eaju nesebi\u010dnu podr\u0161ku organizatorima, a generalni pokrovitelj ovog izdanja je predsjednica Republike Srpske \u017deljka Cvijanovi\u0107.<\/p>\n","protected":false},"excerpt":{"rendered":"<p>Poljak Jakub Ka\u010dmarek, \u010dlan ekipe \u201eMazov\u0161e serce Polski\u201c, pobjednik je tre\u0107e, najte\u017ee etape Me\u0111unarodne biciklisti\u010dke trke \u201eBeograd-Banjaluka\u201c, koja je vo\u017eena od Bijeljine do Vlasenice. Biciklista ekipe \u201eTarteljeto Isoreksa\u201c iz Belgije Lenert Teugels zauzeo je drugo mjesto na ovoj etapi, a tre\u0107e Rajner Keplinger iz austrijske ekipe \u201eHrinkov\u201c. Bijela majica za najboljeg biciklistu do 23 godine&#8230;<\/p>\n","protected":false},"author":1,"featured_media":3646,"comment_status":"closed","ping_status":"closed","sticky":false,"template":"","format":"standard","meta":[],"categories":[56],"tags":[75],"_links":{"self":[{"href":"https:\/\/predstavnistvorsbg.rs\/sr-Latn\/wp-json\/wp\/v2\/posts\/4772"}],"collection":[{"href":"https:\/\/predstavnistvorsbg.rs\/sr-Latn\/wp-json\/wp\/v2\/posts"}],"about":[{"href":"https:\/\/predstavnistvorsbg.rs\/sr-Latn\/wp-json\/wp\/v2\/types\/post"}],"author":[{"embeddable":true,"href":"https:\/\/predstavnistvorsbg.rs\/sr-Latn\/wp-json\/wp\/v2\/users\/1"}],"replies":[{"embeddable":true,"href":"https:\/\/predstavnistvorsbg.rs\/sr-Latn\/wp-json\/wp\/v2\/comments?post=4772"}],"version-history":[{"count":0,"href":"https:\/\/predstavnistvorsbg.rs\/sr-Latn\/wp-json\/wp\/v2\/posts\/4772\/revisions"}],"wp:featuredmedia":[{"embeddable":true,"href":"https:\/\/predstavnistvorsbg.rs\/sr-Latn\/wp-json\/wp\/v2\/media\/3646"}],"wp:attachment":[{"href":"https:\/\/predstavnistvorsbg.rs\/sr-Latn\/wp-json\/wp\/v2\/media?parent=4772"}],"wp:term":[{"taxonomy":"category","embeddable":true,"href":"https:\/\/predstavnistvorsbg.rs\/sr-Latn\/wp-json\/wp\/v2\/categories?post=4772"},{"taxonomy":"post_tag","embeddable":true,"href":"https:\/\/predstavnistvorsbg.rs\/sr-Latn\/wp-json\/wp\/v2\/tags?post=4772"}],"curies":[{"name":"wp","href":"https:\/\/api.w.org\/{rel}","templated":true}]}}