{"id":4773,"date":"2022-04-16T10:00:29","date_gmt":"2022-04-16T08:00:29","guid":{"rendered":"https:\/\/prs2.profimediagroup.com\/uncategorized-sr-latn\/banasek-pobjednik-cetvrte-etape-trke-beograd-banja-luka\/"},"modified":"2023-05-09T19:51:14","modified_gmt":"2023-05-09T17:51:14","slug":"banasek-pobjednik-cetvrte-etape-trke-beograd-banja-luka-ltn","status":"publish","type":"post","link":"https:\/\/predstavnistvorsbg.rs\/sr-Latn\/prethodni-dogadjaji-sr-latn\/banasek-pobjednik-cetvrte-etape-trke-beograd-banja-luka-ltn\/","title":{"rendered":"Bana\u0161ek pobjednik \u010detvrte etape trke &#8222;Beograd-Banja Luka&#8220;"},"content":{"rendered":"<p>Poljak Alan Bana\u0161ek pobjednik je \u010detvrte etape trke Beograd-Banjaluka, koja je danas vo\u017eena od Doboja do Prijedora.<\/p>\n<p><img title=\"Ministar trgovine i turizma R. Srpske Suzana Ga\u0161i\u0107 uru\u010dila je pehar poljaku Alanu Bana\u0161eku, pobjedniku \u010detvrte etape trke Beograd-Banjaluka\" src=\"\/wp-content\/uploads\/prethodni\/2022\/bic_trka_cetvrti_dan2.jpg\" alt=\"Ministar trgovine i turizma R. Srpske Suzana Ga\u0161i\u0107 uru\u010dila je pehar poljaku Alanu Bana\u0161eku, pobjedniku \u010detvrte etape trke Beograd-Banjaluka\" width=\"1200\" border=\"0\" \/><\/p>\n<p>Bana\u0161eku, koji je pobjednik najdu\u017ee od svih pet etapa koje se voze u okviru Me\u0111unarodne biciklisti\u010dke trke \u201eBeograd-Banjaluka 2022\u201c, pehar je uru\u010dila ministar trgovine i turizma Republike Srpske Suzana Ga\u0161i\u0107, a zelenu majicu mu je uru\u010dio Sini\u0161a Luki\u0107, reprezentativac BiH.<\/p>\n<p>Gradona\u010delnik Prijedora Slobodan Javor istakao da je ovo veliki spektakl za grad, posebno jer je ova trka prepoznata kao kvalitetna i ima tradiciju dugu 16 godina.<\/p>\n<p><img title=\"Me\u0111unarodna biciklisti\u010dka trka \u201eBeograd-Banjaluka\u201c, u kojoj u\u010destvuju takmi\u010dari iz 30 zemalja\" src=\"\/wp-content\/uploads\/prethodni\/2022\/bic_trka_cetvrti_dan3.jpg\" alt=\"Me\u0111unarodna biciklisti\u010dka trka \u201eBeograd-Banjaluka\u201c, u kojoj u\u010destvuju takmi\u010dari iz 30 zemalja\" width=\"1200\" border=\"0\" \/><\/p>\n<p>Biciklisti su startovali iz Doboja gdje su prvo odvezli dva kruga kroz grad, zatim su vozili auto-putem \u201e9. Januar\u201c prema Banjaluci i dalje prema Prijedoru, gdje je etapa zavr\u0161ena.<\/p>\n<p>Me\u0111unarodna biciklisti\u010dka trka \u201eBeograd-Banjaluka\u201c, u kojoj u\u010destvuju takmi\u010dari iz 30 zemalja, me\u0111u kojima su SAD, Kanada, Novi Zeland, Slovenija, Bugarska, Italija i Francuska, startovala je 13. aprila.<\/p>\n<p>Stalni partneri u organizaciji Me\u0111unarodne biciklisti\u010dke trke su resorna ministarstva za sport i unutra\u0161njih poslova Srbije i Srpske, Predstavni\u0161tvo Republike Srpske u Srbiji, kao i gradovi doma\u0107ini etapa koji godinama pru\u017eaju nesebi\u010dnu podr\u0161ku organizatorima, a generalni pokrovitelj ovog izdanja je predsjednica Republike Srpske \u017deljka Cvijanovi\u0107.<\/p>\n","protected":false},"excerpt":{"rendered":"<p>Poljak Alan Bana\u0161ek pobjednik je \u010detvrte etape trke Beograd-Banjaluka, koja je danas vo\u017eena od Doboja do Prijedora. Bana\u0161eku, koji je pobjednik najdu\u017ee od svih pet etapa koje se voze u okviru Me\u0111unarodne biciklisti\u010dke trke \u201eBeograd-Banjaluka 2022\u201c, pehar je uru\u010dila ministar trgovine i turizma Republike Srpske Suzana Ga\u0161i\u0107, a zelenu majicu mu je uru\u010dio Sini\u0161a Luki\u0107,&#8230;<\/p>\n","protected":false},"author":1,"featured_media":3648,"comment_status":"closed","ping_status":"closed","sticky":false,"template":"","format":"standard","meta":[],"categories":[56],"tags":[75],"_links":{"self":[{"href":"https:\/\/predstavnistvorsbg.rs\/sr-Latn\/wp-json\/wp\/v2\/posts\/4773"}],"collection":[{"href":"https:\/\/predstavnistvorsbg.rs\/sr-Latn\/wp-json\/wp\/v2\/posts"}],"about":[{"href":"https:\/\/predstavnistvorsbg.rs\/sr-Latn\/wp-json\/wp\/v2\/types\/post"}],"author":[{"embeddable":true,"href":"https:\/\/predstavnistvorsbg.rs\/sr-Latn\/wp-json\/wp\/v2\/users\/1"}],"replies":[{"embeddable":true,"href":"https:\/\/predstavnistvorsbg.rs\/sr-Latn\/wp-json\/wp\/v2\/comments?post=4773"}],"version-history":[{"count":0,"href":"https:\/\/predstavnistvorsbg.rs\/sr-Latn\/wp-json\/wp\/v2\/posts\/4773\/revisions"}],"wp:featuredmedia":[{"embeddable":true,"href":"https:\/\/predstavnistvorsbg.rs\/sr-Latn\/wp-json\/wp\/v2\/media\/3648"}],"wp:attachment":[{"href":"https:\/\/predstavnistvorsbg.rs\/sr-Latn\/wp-json\/wp\/v2\/media?parent=4773"}],"wp:term":[{"taxonomy":"category","embeddable":true,"href":"https:\/\/predstavnistvorsbg.rs\/sr-Latn\/wp-json\/wp\/v2\/categories?post=4773"},{"taxonomy":"post_tag","embeddable":true,"href":"https:\/\/predstavnistvorsbg.rs\/sr-Latn\/wp-json\/wp\/v2\/tags?post=4773"}],"curies":[{"name":"wp","href":"https:\/\/api.w.org\/{rel}","templated":true}]}}