{"id":4807,"date":"2022-04-19T10:00:28","date_gmt":"2022-04-19T08:00:28","guid":{"rendered":"https:\/\/prs2.profimediagroup.com\/uncategorized-sr-latn\/odrzana-tribina-rat-u-ukrajini-sta-znaci-srpska-neutralnost\/"},"modified":"2023-05-09T19:51:25","modified_gmt":"2023-05-09T17:51:25","slug":"odrzana-tribina-rat-u-ukrajini-sta-znaci-srpska-neutralnost-ltn","status":"publish","type":"post","link":"https:\/\/predstavnistvorsbg.rs\/sr-Latn\/prethodni-dogadjaji-sr-latn\/odrzana-tribina-rat-u-ukrajini-sta-znaci-srpska-neutralnost-ltn\/","title":{"rendered":"Odr\u017eana tribina &#8222;Rat u Ukrajini \u2013 \u0161ta zna\u010di srpska neutralnost&#8220;"},"content":{"rendered":"<p>Danas (19.04.2022.g.) je u Pres centru Udru\u017eenja novinara Srbije u Beogradu odr\u017eana tribina \u201eRat u Ukrajini &#8211; \u0161ta zna\u010di srpska neutralnost&#8220;, u organizaciji informativno-politi\u010dkih portala \u201eSve o Srpskoj&#8220; i \u201eFakti&#8220;, uz podr\u0161ku Predstavni\u0161tva Republike Srpske u Srbiji, na kojoj je u\u010destvovao i srpski \u010dlan Predsjedni\u0161tva BiH Milorad Dodik.<\/p>\n<p><img title=\"Tribina je odr\u017eana u organizaciji informativno-politi\u010dkih portala \u201eSve o Srpskoj\u201c i \u201eFakti\u201c, uz podr\u0161ku Predstavni\u0161tva Republike Srpske u Srbiji\" src=\"\/wp-content\/uploads\/prethodni\/2022\/tribina_ukrajina5.jpg\" alt=\"Tribina je odr\u017eana u organizaciji informativno-politi\u010dkih portala \u201eSve o Srpskoj\u201c i \u201eFakti\u201c, uz podr\u0161ku Predstavni\u0161tva Republike Srpske u Srbiji\" width=\"1200\" border=\"0\" \/><\/p>\n<p>Na tribini su govorili: Milomir Stepi\u0107, Milo\u0161 Kovi\u0107, Dragomir An\u0111elkovi\u0107, Goran Petronijevi\u0107, Darko Tanaskovi\u0107, Nenad Kecmanovi\u0107, Aleksandar Pavi\u0107, Predrag \u0106erani\u0107, \u017deljko Budimir, Slobodan Relji\u0107, \u0110uro Bilbija, a u ime organizatora i Predstavni\u0161tva Republike Srpske u Srbiji pozdravnu rije\u010d imao je Mla\u0111en Cicovi\u0107, \u0161ef Predstavni\u0161tva.<\/p>\n<p><img title=\"Milorad Dodik, Srpski \u010dlan Predsjedni\u0161tva BiH \" src=\"\/wp-content\/uploads\/prethodni\/2022\/tribina_ukrajina2.jpg\" alt=\"Milorad Dodik, Srpski \u010dlan Predsjedni\u0161tva BiH \" width=\"1200\" border=\"0\" \/><\/p>\n<p>Srpski \u010dlan Predsjedni\u0161tva BiH <strong>Milorad Dodik<\/strong> istakao je danas da je usud i politi\u010dki put srpskog naroda da bude pred stalnim i permanentnim izazovima i da se teme name\u0107u kako bi se o njima opredjeljivali.<\/p>\n<p>Dodik je na tribini \u201eRat u Ukrajini &#8211; \u0161ta zna\u010di srpska neutralnost&#8220; rekao da je svijet u ozbiljnom neredu i da u ovom trenutku nemamo razloga da se nadamo ne\u010demu dobrom, pogotovu \u0161to globalne odluke ne zavise od nas.<\/p>\n<p>\u201eSvijet se dodatno podijelio i na\u0161i hendikepi su jasni &#8211; nalazimo u zoni Balkana, koji je na neki na\u010din okru\u017een zapadnom sferom interesa. I Srbija i Republika Srpska tu se suprotstavljaju NATO savezu koji sada dobija ozbiljne izglede da se jo\u0161 vi\u0161e oja\u010da&#8220;, rekao je Dodik na tribini u Beogradu.<\/p>\n<p>Dodik je rekao da je ova tema jedan od najve\u0107ih izazova dana\u0161njice i da \u0107e u\u010de\u0161\u0107em na ovom skupu poku\u0161ati da pomogne sa pozicije politi\u010dkog operativca prije svega, te uka\u017ee na neke stvari, sa \u010dime se politi\u010dari suo\u010davaju za razliku od analiti\u010dara koji posmatraju stvari iz svoje nau\u010dno-analiti\u010dke vizure.<\/p>\n<p>\u201eJasno je da svijet, za koji je prije nekoliko decenija ili godina bilo jasno da je krenuo sa tra\u017eenjem novih puteva i razila\u017eenjem onih koncepcija koje su dotada \u017eivjele, sa o\u010diglednom krizom neoliberalnog koncepta, koji je tra\u017eio spas da se homogenizuje, da je to na\u0161ao u po\u010detku ukrajinskog sukoba&#8220;, rekao je Dodik.<\/p>\n<p>On je ukazao da je svijet u ozbiljnom neredu i to dijele gotovo svi i istakao kako misli da se radi o doga\u0111aju koji je jedan od onih koji \u0107e predodrediti budu\u0107e decenije, na\u010din kako \u0107e svijet ubudu\u0107e izgledati, kako je to bilo mnogo puta do sada, na primjer poslije ru\u0161enja kula Svjetskog trgovinskog centra u Americi kada svijet vi\u0161e nije izgledao isto.<\/p>\n<p>\u201eTo pred nas postavlja ozbiljno pitanje kao odgovorne ljude u nauci, analitici, politici, kako na\u0107i odgovore na kretanja, na dnevna pitanja&#8220;, rekao je Dodik.<\/p>\n<p>On je istakao da se o\u010digledno moraju tra\u017eiti odgovori i na koncepcijske stvari, kako bismo uputili ili stvorili dovoljno javno mnjenje da ima jasne odgovore na ova pitanja.<\/p>\n<p>\u201eMi smo oni koji mo\u017eemo da analiziramo, pratimo, gledamo sa simpatijama ili antipatijama, ali u su\u0161tini iz onoga \u0161to ja poznajem i koliko mogu da imam dodira sa donosiocima odluka, mislim da ni na jednoj ni na drugoj globalnoj strani nema jasnog koncepta gdje \u0107e se ovo zavr\u0161iti, kada \u0107e po\u010deti konsolidacija ili artikulacija jednog ili drugog politi\u010dkog pristupa&#8220;, rekao je Dodik.<\/p>\n<p><img title=\"Mla\u0111en Cicovi\u0107, \u0161ef Predstavni\u0161tva R. Srpske u Srbiji\" src=\"\/wp-content\/uploads\/prethodni\/2022\/tribina_ukrajina3.jpg\" alt=\"Mla\u0111en Cicovi\u0107, \u0161ef Predstavni\u0161tva R. Srpske u Srbiji\" width=\"1200\" border=\"0\" \/><\/p>\n<p>\u0160ef Predstavni\u0161tva Republike Srpske u Srbiji <strong>Mla\u0111en Cicovi\u0107 <\/strong>rekao je na po\u010detku tribine da Predstavni\u0161tvo podr\u017eava njeno odr\u017eavanje u uvjerenju da razmjene misli i ideja u vrijeme slo\u017eenih odnosa u svijetu mogu zna\u010dajno doprinijeti razumijevanju stanja, mogu\u0107nosti i na\u010dina djelovanja u srpskoj politici sa dvije strane Drine.<\/p>\n<p>\u201eSpecijalna operacija Vojske Ruske Federacije je, pored svega o\u010dekivanog \/zao\u0161travanja stalnog sukoba NATO \u2013 Rusija\/ i neo\u010dekivanog \/prvih ozbiljnijih pukotina u monolitu zapadne alijanse\/, u refleksiji na ovaj dio svijeta donijela zao\u0161tren odnos ne samo Zapada prema nama, nego su takvi postali i unutra\u0161nji odnosi kako me\u0111u entitetima u BiH, tako i u odnosima pozicija i opozicija u Repblici Srpskoj i Srbiji\u201c, rekao je Cicovi\u0107.<\/p>\n<p>On je ocijenio da je gotovo postao neostvariv ideal da svaka dr\u017eava sama odlu\u010duje o vlastitoj budu\u0107nosti, bezbjednosti i stabilnosti, jer je ve\u0107 i koncept dr\u017eavne neutralnosti i nemije\u0161anja u sukobe, \u010dini metom brojnih pritisaka i velikih rizika i isku\u0161enja.<\/p>\n<p>\u201eNajve\u0107e pitanje je kako u sveva\u017ee\u0107oj premisi `ili ste s nama ili ste protiv nas` Republika Srpska i Srbija mogu sa\u010duvati neutralnost \u2013 po\u0161tuju\u0107i teritorijalni integritet i suverenitet Ukrajine, \u0161to zna\u010di i solidarnost sa \u017ertvama rata i kolonama izbjeglica, ali i duboko razumijevanje za rusku specijalnu operaciju\u201c, ocijenio je Cicovi\u0107.<\/p>\n<p>On je izrazio uvjerenje da \u0107e u\u010desnici tribine do\u0107i do najboljih odgovora, koji \u0107e umnogome doprinijeti jasnijem opredjeljenju i \u010dvrstom stavu u odbrani politike srpskog naroda i njegovih dr\u017eava.<\/p>\n<p><img title=\"\u0110uro Bilbija, Mla\u0111en Cicovi\u0107, Milorad Dodik, Darko Tanaskovi\u0107 i Nenad Kecmanovi\u0107\" src=\"\/wp-content\/uploads\/prethodni\/2022\/tribina_ukrajina6.jpg\" alt=\"\u0110uro Bilbija, Mla\u0111en Cicovi\u0107, Milorad Dodik, Darko Tanaskovi\u0107 i Nenad Kecmanovi\u0107\" width=\"1200\" border=\"0\" \/><\/p>\n<p>Kompletan snimak tribine \u201eRat u Ukrajini &#8211; \u0161ta zna\u010di srpska neutralnost&#8220; mo\u017eete vidjeti <a href=\"https:\/\/www.youtube.com\/watch?v=CjWZ87ZTjzY\" target=\"_blank\" rel=\"noopener\">OVDJE<\/a><\/p>\n<p><img title=\"Tribina na temu \u201eRat u Ukrajini \u2013 \u0161ta zna\u010di srpska neutralnost\u201c odr\u017eana u Pres centru Udru\u017eenja novinara Srbije u Beogradu\" src=\"\/wp-content\/uploads\/prethodni\/2022\/tribina_ukrajina4.jpg\" alt=\"Tribina na temu \u201eRat u Ukrajini \u2013 \u0161ta zna\u010di srpska neutralnost\u201c odr\u017eana u Pres centru Udru\u017eenja novinara Srbije u Beogradu\" width=\"1200\" border=\"0\" \/><\/p>\n","protected":false},"excerpt":{"rendered":"<p>Danas (19.04.2022.g.) je u Pres centru Udru\u017eenja novinara Srbije u Beogradu odr\u017eana tribina \u201eRat u Ukrajini &#8211; \u0161ta zna\u010di srpska neutralnost&#8220;, u organizaciji informativno-politi\u010dkih portala \u201eSve o Srpskoj&#8220; i \u201eFakti&#8220;, uz podr\u0161ku Predstavni\u0161tva Republike Srpske u Srbiji, na kojoj je u\u010destvovao i srpski \u010dlan Predsjedni\u0161tva BiH Milorad Dodik. Na tribini su govorili: Milomir Stepi\u0107, Milo\u0161&#8230;<\/p>\n","protected":false},"author":1,"featured_media":3652,"comment_status":"closed","ping_status":"closed","sticky":false,"template":"","format":"standard","meta":[],"categories":[56],"tags":[75],"_links":{"self":[{"href":"https:\/\/predstavnistvorsbg.rs\/sr-Latn\/wp-json\/wp\/v2\/posts\/4807"}],"collection":[{"href":"https:\/\/predstavnistvorsbg.rs\/sr-Latn\/wp-json\/wp\/v2\/posts"}],"about":[{"href":"https:\/\/predstavnistvorsbg.rs\/sr-Latn\/wp-json\/wp\/v2\/types\/post"}],"author":[{"embeddable":true,"href":"https:\/\/predstavnistvorsbg.rs\/sr-Latn\/wp-json\/wp\/v2\/users\/1"}],"replies":[{"embeddable":true,"href":"https:\/\/predstavnistvorsbg.rs\/sr-Latn\/wp-json\/wp\/v2\/comments?post=4807"}],"version-history":[{"count":0,"href":"https:\/\/predstavnistvorsbg.rs\/sr-Latn\/wp-json\/wp\/v2\/posts\/4807\/revisions"}],"wp:featuredmedia":[{"embeddable":true,"href":"https:\/\/predstavnistvorsbg.rs\/sr-Latn\/wp-json\/wp\/v2\/media\/3652"}],"wp:attachment":[{"href":"https:\/\/predstavnistvorsbg.rs\/sr-Latn\/wp-json\/wp\/v2\/media?parent=4807"}],"wp:term":[{"taxonomy":"category","embeddable":true,"href":"https:\/\/predstavnistvorsbg.rs\/sr-Latn\/wp-json\/wp\/v2\/categories?post=4807"},{"taxonomy":"post_tag","embeddable":true,"href":"https:\/\/predstavnistvorsbg.rs\/sr-Latn\/wp-json\/wp\/v2\/tags?post=4807"}],"curies":[{"name":"wp","href":"https:\/\/api.w.org\/{rel}","templated":true}]}}