{"id":4808,"date":"2022-04-20T11:00:17","date_gmt":"2022-04-20T09:00:17","guid":{"rendered":"https:\/\/prs2.profimediagroup.com\/uncategorized-sr-latn\/turisticka-ponuda-republike-srpske-sa-akcentom-na-oc-jahorina-predstavljena-na-teniskom-atp-turniru-serbia-open-2022\/"},"modified":"2023-05-09T19:45:09","modified_gmt":"2023-05-09T17:45:09","slug":"turisticka-ponuda-republike-srpske-sa-akcentom-na-oc-jahorina-predstavljena-na-teniskom-atp-turniru-serbia-open-2022-ltn","status":"publish","type":"post","link":"https:\/\/predstavnistvorsbg.rs\/sr-Latn\/prethodni-dogadjaji-sr-latn\/turisticka-ponuda-republike-srpske-sa-akcentom-na-oc-jahorina-predstavljena-na-teniskom-atp-turniru-serbia-open-2022-ltn\/","title":{"rendered":"Turisti\u010dka ponuda Republike Srpske, sa akcentom na OC Jahorina, predstavljena na teniskom ATP turniru &#8222;Serbia Open 2022&#8220;"},"content":{"rendered":"<div>Olimpijski centar \u201eJahorina\u201c, zajedno sa partnerima &#8211; Predstavni\u0161tvom Republike Srpske u Srbiji, Turisti\u010dkom organizacijom Republike Srpske, Turisti\u010dkim organizacijama Isto\u010dno Sarajevo i Pale, predstavio je na ATP turniru \u201eSerbia Open 2022\u201c u Beogradu, na kojem u\u010destvuje i prvi teniser svijeta Novak \u0110okovi\u0107, rezultate ostvarene tokom ove zimske sezone i najavio veoma sadr\u017eajno ljeto na olimpijskoj planini, a posebno trail trku \u201eJahorina Ultra trail\u201c, koja iz godine u godinu privla\u010di pa\u017enju sve ve\u0107eg broja trka\u010da.<\/div>\n<p><img title=\"Dejan LJevnai\u0107, direktor OCJ na konferenciji\" src=\"\/wp-content\/uploads\/prethodni\/2022\/predst_jah_na_atp2.jpg\" alt=\"Dejan LJevnai\u0107, direktor OCJ na konferenciji\" width=\"1200\" border=\"0\" \/><\/p>\n<p>Direktor OC \u201eJahorina\u201c\u00a0<strong>Dejan LJevnai\u0107<\/strong> je rekao da mu je velika \u010dast \u0161to je OC \u201eJahorina\u201d imao priliku da i ove godine bude dio jednog od najve\u0107ih sportskih de\u0161avanja u regionu, imaju\u0107i u vidu da je upravo sportski velikan i prvi \u010dovek turnira Novak \u0110okovi\u0107 pru\u017eio podr\u0161ku radu Olimpijskog centra i stvaranju istorijskih rezultata.<\/p>\n<p>\u201cOvakvi rezultati proiza\u0161li su, kako iz ogromne podr\u0161ke sjajnih ljudi koji su verovali u uspeh Olimpijskog centra \u201eJahorina\u201d, tako i napornog rada zaposlenih u ovom privrednom dru\u0161tvu, ali i vizionarskog na\u010dina poslovanja, koje ljubitelji skijanja i ove olimpijske planine ve\u0107 godinama prepoznaju, a \u0161to je potvrdila i zimska sezona 2021\/2022\u201d, dodao je LJevnai\u0107.<\/p>\n<p>Govore\u0107i o ostvarenim rezultatima, direktor OC \u201eJahorina\u201d je naveo da je u toku 140 skija\u0161kih dana, Olimpijskom centru povjerenje pru\u017eilo vi\u0161e od 411.000 skija\u0161a, kao i da su vrijedni radnici Olimpijskog centra, uz kori\u0161tenje 165 ure\u0111aja sistema vje\u0161ta\u010dkog osnje\u017eavanja staza, proizveli \u010dak 220.000 kubnih metara vje\u0161ta\u010dkog snje\u017enog pokriva\u010da, \u0161to je doprinijelo da se skija\u0161ima omogu\u0107i fantasti\u010dno skijanje. On je podsjetio da je skija\u0161ima omogu\u0107eno vi\u0161e od 13 promo perioda, u sklopu kojih su mogli da kupe karte po veoma povoljnim cijenama.<\/p>\n<p>Na ovoj konferenciji najavljena su takmi\u010denja u trail tr\u010danju pod nazivom \u201eJahorina ultra trail 2022\u201d, koja \u0107e se 23. i 24. jula odr\u017eati na Jahorini, \u0161to je samo jedno od brojnih sadr\u017eaja koje Jahorina nudi u toku ljetnjih mjeseci.<\/p>\n<p>\u201cPo\u010detak letnje sezone na Jahorini zakazan je za prvi jul i otvori\u0107emo je spektakularnim festivalom pod nazivom \u201cJahorina HOT 2022\u201d, koji \u0107e podrazumevati tri konceptualno razli\u010dite, a kompatibilne celine \u2013 hedonizam, odmor i turizam. Tako\u0111e, tokom letnje sezone, na Jahorini \u0107e, na radost mnogih posetilaca, biti organizovana i dva zaista fenomenalna doga\u0111aja \u2013 Detox Jahorina i Fe\u0161n vikend (Fashion Weekend) Jahorina. Pored toga, za ljubitelje avanture pripremili smo i Vu\u010dkolend avantura park, u okviru kog je i najdu\u017ei planinski bob u jugoisto\u010dnoj Evropi, atrakcije <em>Nautic Jet Buterfly<\/em>, <em>Zin Line<\/em>, koji se prostire iznad akumulacionog jezera na vrhu planine, kao i <em>Tower,<\/em> <em>Loopster<\/em> i <em>SkyDive<\/em> atrakcije. Ozna\u010dene planinske staze prilago\u0111ene su svim ljubiteljima kako lagane planinske \u0161etnje, tako i one malo zahtevnije, te im tako na raspolaganju stoje \u0161etnje ozna\u010denim planinskim stazama LJubavi, Zdravlja, Olimpijskom stazom, kao i Sportsko-rekreativnom stazom. Biciklizam, panoramsko razgledanje planinskih vrhova, vo\u017enja kvadovima, de\u010dije atrakcije, tjubing staze, samo su deo sadr\u017eaja koje \u0107e posetioci mo\u0107i da koriste po\u010dev\u0161i od jula\u201d, rekao je direktor OC \u201eJahorina\u201c.<\/p>\n<p><img title=\"Goran \u0110okovi\u0107, na konferenciji se obratio u ime porodice \u0110okovi\u0107\" src=\"\/wp-content\/uploads\/prethodni\/2022\/predst_jah_na_atp3.jpg\" alt=\"Goran \u0110okovi\u0107, na konferenciji se obratio u ime porodice \u0110okovi\u0107\" width=\"1200\" border=\"0\" \/><\/p>\n<p>U ime porodice \u0110okovi\u0107 prisutnima se obratio <strong>Goran \u0110okovi\u0107<\/strong>, koji je menad\u017ementu OC \u201eJahorina\u201d \u010destitao na uspje\u0161noj zimskoj sezoni.<\/p>\n<p>\u201cNakon odli\u010dne zimske sezone, \u017eelim vam jo\u0161 uspe\u0161niju letnju sezonu. Verujem da \u0107emo jo\u0161 dugo sara\u0111ivati i da \u0107e na\u0161a Jahorina biti sve uspe\u0161nija. Smatramo da smo deo Republike Srpske i planina Jahorina je na\u0161a planina \u201d, istakao je \u0110okovi\u0107.<\/p>\n<p><img title=\"Mla\u0111en Cicovi\u0107, \u0161ef Predstavni\u0161tva R. Srpske u Srbiji\" src=\"\/wp-content\/uploads\/prethodni\/2022\/predst_jah_na_atp4.jpg\" alt=\"Mla\u0111en Cicovi\u0107, \u0161ef Predstavni\u0161tva R. Srpske u Srbiji\" width=\"1200\" border=\"0\" \/><\/p>\n<p>\u0160ef Predsedni\u0161tva Republike Srpske u Srbiji <strong>Mla\u0111en Cicovi\u0107 <\/strong>je izjavio da \u201eOlimpijski centar Jahorina ima u radu Predstavni\u0161tva Republike Srpske u Srbiji posebno mjesto, jer u na\u0161em redovnom poslu promovisanja Republike Srpske u Srbiji i stvaranja i njegovanja privrednih i svih drugih odnosa Srpske i Srbije tu zimsku ljepoticu vidimo kao biser kojim se ovdje u Srbiji mo\u017eemo uvijek s velikim razlozima pohvaliti pred svima. Naravno, ovome dobrinosi u najvi\u0161oj mjeri menad\u017ement OC \u201eJahorina\u201c, koji je za zaista kratko vrijeme, ambicioznim planovima i ozbiljnim radom uspio ne samo povratiti stari sjaj olimpijske ljepotice, nego i uvijek novim akcijama bitno unaprijediti zimsku ponudu, prije svega odli\u010dnim stazama i brzim \u017ei\u010darama, pa \u010dak svojevrstan postoji i ski vrti\u0107 Poljice. Pored toga, to je sada va\u017eno kazati kad je i ova uspje\u0161na zimska sezona pri kraju, na Jahorini su uspjeli pripremiti i odli\u010dnu turisti\u010dku ponudu za ljeto. Radostan sam \u0161to kao Predstavni\u0161tvo makar malo doprinosimo promociji u Beogradu i cijeloj Srbiji, sve to u uvjerenju da su gosti iz Srbije uvijek rado vi\u0111eni na Jahorini, ne samo zimi, nego i u ljetnim danima\u201c.<\/p>\n<p><img title=\"Miodrag Lon\u010darevi\u0107, direktor Turisti\u010dke organizacija R. Srpske\" src=\"\/wp-content\/uploads\/prethodni\/2022\/predst_jah_na_atp5.jpg\" alt=\"Miodrag Lon\u010darevi\u0107, direktor Turisti\u010dke organizacija R. Srpske\" width=\"1200\" border=\"0\" \/><\/p>\n<p>Na konferenciji su govorili i <strong>Miodrag Lon\u010darevi\u0107<\/strong>, direktor TO Isto\u010dno Sarajevo <strong>Igor Ikoni\u0107<\/strong>, direktor TO Pale <strong>Dragan Jaki\u0107<\/strong>.<\/p>\n","protected":false},"excerpt":{"rendered":"<p>Olimpijski centar \u201eJahorina\u201c, zajedno sa partnerima &#8211; Predstavni\u0161tvom Republike Srpske u Srbiji, Turisti\u010dkom organizacijom Republike Srpske, Turisti\u010dkim organizacijama Isto\u010dno Sarajevo i Pale, predstavio je na ATP turniru \u201eSerbia Open 2022\u201c u Beogradu, na kojem u\u010destvuje i prvi teniser svijeta Novak \u0110okovi\u0107, rezultate ostvarene tokom ove zimske sezone i najavio veoma sadr\u017eajno ljeto na olimpijskoj planini,&#8230;<\/p>\n","protected":false},"author":1,"featured_media":3656,"comment_status":"closed","ping_status":"closed","sticky":false,"template":"","format":"standard","meta":[],"categories":[56],"tags":[75],"_links":{"self":[{"href":"https:\/\/predstavnistvorsbg.rs\/sr-Latn\/wp-json\/wp\/v2\/posts\/4808"}],"collection":[{"href":"https:\/\/predstavnistvorsbg.rs\/sr-Latn\/wp-json\/wp\/v2\/posts"}],"about":[{"href":"https:\/\/predstavnistvorsbg.rs\/sr-Latn\/wp-json\/wp\/v2\/types\/post"}],"author":[{"embeddable":true,"href":"https:\/\/predstavnistvorsbg.rs\/sr-Latn\/wp-json\/wp\/v2\/users\/1"}],"replies":[{"embeddable":true,"href":"https:\/\/predstavnistvorsbg.rs\/sr-Latn\/wp-json\/wp\/v2\/comments?post=4808"}],"version-history":[{"count":0,"href":"https:\/\/predstavnistvorsbg.rs\/sr-Latn\/wp-json\/wp\/v2\/posts\/4808\/revisions"}],"wp:featuredmedia":[{"embeddable":true,"href":"https:\/\/predstavnistvorsbg.rs\/sr-Latn\/wp-json\/wp\/v2\/media\/3656"}],"wp:attachment":[{"href":"https:\/\/predstavnistvorsbg.rs\/sr-Latn\/wp-json\/wp\/v2\/media?parent=4808"}],"wp:term":[{"taxonomy":"category","embeddable":true,"href":"https:\/\/predstavnistvorsbg.rs\/sr-Latn\/wp-json\/wp\/v2\/categories?post=4808"},{"taxonomy":"post_tag","embeddable":true,"href":"https:\/\/predstavnistvorsbg.rs\/sr-Latn\/wp-json\/wp\/v2\/tags?post=4808"}],"curies":[{"name":"wp","href":"https:\/\/api.w.org\/{rel}","templated":true}]}}