{"id":4813,"date":"2022-05-20T10:00:07","date_gmt":"2022-05-20T08:00:07","guid":{"rendered":"https:\/\/prs2.profimediagroup.com\/uncategorized-sr-latn\/u-beogradu-najavljen-dokumentarni-film-svjedok-i-kolona-sjecanja\/"},"modified":"2023-05-09T19:45:40","modified_gmt":"2023-05-09T17:45:40","slug":"u-beogradu-najavljen-dokumentarni-film-svjedok-i-kolona-sjecanja-ltn","status":"publish","type":"post","link":"https:\/\/predstavnistvorsbg.rs\/sr-Latn\/prethodni-dogadjaji-sr-latn\/u-beogradu-najavljen-dokumentarni-film-svjedok-i-kolona-sjecanja-ltn\/","title":{"rendered":"U Beogradu najavljen dokumentarni film &#8222;Svjedok&#8220; i kolona sje\u0107anja"},"content":{"rendered":"<p>Danas je na konferenciji za novinare u Udru\u017eenju novinara Srbije u Beogradu u organizaciji Predstavni\u0161tva Republike Srpske u Srbiji predstavljen dosada\u0161nji rad na snimanju dokumentarnog filma \u201eSvjedok\u201c o dr Zoranu Stankovi\u0107u i srpskim stradanjima koji se realizuje u koprodukciji RTRS-a i Republi\u010dkog centra za istra\u017eivanje rata, ratnih zlo\u010dina i tra\u017eenja nestalih lica.<\/p>\n<p><img title=\"Denis Boji\u0107, autor dokumentarnog filma \u201eSvjedok\u201c o dr Zoranu Stankovi\u0107u i srpskim stradanjima\" src=\"\/wp-content\/uploads\/prethodni\/2022\/dok_film_svedok2.jpg\" alt=\"Denis Boji\u0107, autor dokumentarnog filma \u201eSvjedok\u201c o dr Zoranu Stankovi\u0107u i srpskim stradanjima\" width=\"1200\" border=\"0\" \/><\/p>\n<p>Autor filma Denis Boji\u0107 pozvao je gra\u0111ane Beograda i sve koji mogu da se u nedjelju, 22. maja, pridru\u017ee koloni sje\u0107anja u kojoj \u0107e porodice stradalih i nestalih Srba iz Republike Srpske odati po\u010dast svojim najmilijim i dr Stankovi\u0107u, koji je godinama radio na otkrivanju njihovih sudbina.<\/p>\n<p>Boji\u0107 je rekao da \u0107e u nedjelju biti snimljena posljednja masovna scena filma \u201eSvjedok&#8220;, a da \u0107e tog dana u Beograd sti\u0107i 30 autobusa iz vi\u0161e od 20 op\u0161tina i gradova iz Republike Srpske. Predvi\u0111eno je da se kod Vukovog spomenika u 12.30 \u010dasova formira kolona sje\u0107anja koja \u0107e se uputiti ka Novom groblju i Aleji zaslu\u017enih gra\u0111ana, gdje je grobno mjesto doktora Zorana Stankovi\u0107a. On je naveo da o\u010dekuje da \u201eSvjedok&#8220; pred publikom bude naredne godine, a da \u0107e mu posebnu vrijednost dati arhivski materijal i neoborive \u010dinjenice o srpskom stradanju.<\/p>\n<p><img title=\"Marina Stankovi\u0107, supruga dr Stankovi\u0107a\" src=\"\/wp-content\/uploads\/prethodni\/2022\/dok_film_svedok3.jpg\" alt=\"Marina Stankovi\u0107, supruga dr Stankovi\u0107a\" width=\"1200\" border=\"0\" \/><\/p>\n<p>Marina Stankovi\u0107, supruga dr Stankovi\u0107a, je rekla da \u0107e u nedjelju na grobu svog supruga Zorana u Aleji zalu\u017enih gra\u0111ana na Novom groblju do\u010dekati kolone onih koji \u0107e do\u0107i da mu odaju po\u010dast i da \u0107e im ona i njena djeca pru\u017eiti ruke, ali da zna da \u0107e njima u stvari nedostajati Zoranove ruke.<\/p>\n<p>\u201eJa do\u017eivljavam veliku tugu, moja deca, moji unu\u010di\u0107i i sada treba do\u010dekati sve one ljude, posle toliko godina, koji \u0107e biti u toj koloni se\u0107anja, koji \u0107e nositi sliku svog stradalog, a mi smo njega izgubili. NJima trebaju njegove ruke jer su one zadnje dodirnule telo njihovog voljenog, njima treba on&#8220;, navela je Stankovi\u0107eva.<\/p>\n<p><img title=\"Na konferenciji za novinare u Udru\u017eenju novinara Srbije u Beogradu u organizaciji Predstavni\u0161tva R. Srpske u Srbiji predstavljen dosada\u0161nji rad na snimanju dokumentarnog filma \u201eSvjedok\u201c o dr Zoranu Stankovi\u0107u\" src=\"\/wp-content\/uploads\/prethodni\/2022\/dok_film_svedok4.jpg\" alt=\"Na konferenciji za novinare u Udru\u017eenju novinara Srbije u Beogradu u organizaciji Predstavni\u0161tva R. Srpske u Srbiji predstavljen dosada\u0161nji rad na snimanju dokumentarnog filma \u201eSvjedok\u201c o dr Zoranu Stankovi\u0107u\" width=\"1200\" border=\"0\" \/><\/p>\n<p>Ona je poru\u010dila da se nada da \u0107e ljudi biti zahvalni, kao i same porodice iz Republike Srpske, te da \u0107e narod u Srbiji znati da po\u0161tuje i pogleda sve to kada se bude emitovalo. \u201eBez obzira na period koji je pro\u0161ao bol je bol, tuga je tuga, se\u0107anje je se\u0107anje, ali jedno je \u0161to je istina i samo istina&#8220;, dodala je Stankovi\u0107eva.<\/p>\n","protected":false},"excerpt":{"rendered":"<p>Danas je na konferenciji za novinare u Udru\u017eenju novinara Srbije u Beogradu u organizaciji Predstavni\u0161tva Republike Srpske u Srbiji predstavljen dosada\u0161nji rad na snimanju dokumentarnog filma \u201eSvjedok\u201c o dr Zoranu Stankovi\u0107u i srpskim stradanjima koji se realizuje u koprodukciji RTRS-a i Republi\u010dkog centra za istra\u017eivanje rata, ratnih zlo\u010dina i tra\u017eenja nestalih lica. Autor filma Denis&#8230;<\/p>\n","protected":false},"author":1,"featured_media":3666,"comment_status":"closed","ping_status":"closed","sticky":false,"template":"","format":"standard","meta":[],"categories":[56],"tags":[75],"_links":{"self":[{"href":"https:\/\/predstavnistvorsbg.rs\/sr-Latn\/wp-json\/wp\/v2\/posts\/4813"}],"collection":[{"href":"https:\/\/predstavnistvorsbg.rs\/sr-Latn\/wp-json\/wp\/v2\/posts"}],"about":[{"href":"https:\/\/predstavnistvorsbg.rs\/sr-Latn\/wp-json\/wp\/v2\/types\/post"}],"author":[{"embeddable":true,"href":"https:\/\/predstavnistvorsbg.rs\/sr-Latn\/wp-json\/wp\/v2\/users\/1"}],"replies":[{"embeddable":true,"href":"https:\/\/predstavnistvorsbg.rs\/sr-Latn\/wp-json\/wp\/v2\/comments?post=4813"}],"version-history":[{"count":0,"href":"https:\/\/predstavnistvorsbg.rs\/sr-Latn\/wp-json\/wp\/v2\/posts\/4813\/revisions"}],"wp:featuredmedia":[{"embeddable":true,"href":"https:\/\/predstavnistvorsbg.rs\/sr-Latn\/wp-json\/wp\/v2\/media\/3666"}],"wp:attachment":[{"href":"https:\/\/predstavnistvorsbg.rs\/sr-Latn\/wp-json\/wp\/v2\/media?parent=4813"}],"wp:term":[{"taxonomy":"category","embeddable":true,"href":"https:\/\/predstavnistvorsbg.rs\/sr-Latn\/wp-json\/wp\/v2\/categories?post=4813"},{"taxonomy":"post_tag","embeddable":true,"href":"https:\/\/predstavnistvorsbg.rs\/sr-Latn\/wp-json\/wp\/v2\/tags?post=4813"}],"curies":[{"name":"wp","href":"https:\/\/api.w.org\/{rel}","templated":true}]}}