{"id":4814,"date":"2022-05-21T10:00:38","date_gmt":"2022-05-21T08:00:38","guid":{"rendered":"https:\/\/prs2.profimediagroup.com\/uncategorized-sr-latn\/otvoren-medjunarodni-poljoprivredni-sajam\/"},"modified":"2023-05-09T19:45:58","modified_gmt":"2023-05-09T17:45:58","slug":"otvoren-medjunarodni-poljoprivredni-sajam-ltn","status":"publish","type":"post","link":"https:\/\/predstavnistvorsbg.rs\/sr-Latn\/prethodni-dogadjaji-sr-latn\/otvoren-medjunarodni-poljoprivredni-sajam-ltn\/","title":{"rendered":"Otvoren Me\u0111unarodni poljoprivredni sajam"},"content":{"rendered":"<p>U Novom Sadu danas (21.05.2022.g.) je sve\u010dano otvoren 89. Me\u0111unarodni poljoprivredni sajam, u prisustvu predsjednika Srbije Aleksandra Vu\u010di\u0107a i premijera Ma\u0111arske Viktora Orbana. Sajam je u protekle dvije godine zbog pandemije virusa korona organizovan virtuelno, a ove godine na njemu u\u010destvuje ukupno 1.100 izlaga\u010da iz 21 zemlje.<\/p>\n<p><img title=\"Na zajedni\u010dkom \u0161tandu direktno \u0107e se predstaviti 11 proizvo\u0111a\u010da iz R. Srpske i vi\u0161e od 20 proizvo\u0111a\u010da iz BiH putem kataloga iz BiH\" src=\"\/wp-content\/uploads\/prethodni\/2022\/otvoren_sajam_poljopr2.jpg\" alt=\"Na zajedni\u010dkom \u0161tandu direktno \u0107e se predstaviti 11 proizvo\u0111a\u010da iz R. Srpske i vi\u0161e od 20 proizvo\u0111a\u010da iz BiH putem kataloga iz BiH\" width=\"1200\" border=\"0\" \/><\/p>\n<p>Zemlja partner sajma je Ma\u0111arska, a premijerno \u0107e nastupiti Maroko.<\/p>\n<p>Na sajmu \u0107e se na zajedni\u010dkom \u0161tandu direktno predstaviti 11 proizvo\u0111a\u010da iz Repub-like Srpske i vi\u0161e od 20 proizvo\u0111a\u010da iz BiH putem kataloga iz BiH, re\u010deno je Srni u Privrednoj komori Srpske.<\/p>\n<p>Predstavljanje privrednika iz Srpske organizuje Privredna komora Republike Srpske u saradnji sa Spoljnotrgovinskom komorom BiH, a Predstavni\u0161tvo Republike Srpske u Srbiji je pru\u017eilo tehni\u010dku i medijsku podr\u0161ku.<\/p>\n<p><img title=\"Na zajedni\u010dkom \u0161tandu R. Srpske i Federacije BiH, Aleksandra Vu\u010di\u0107a, predsjednika Srbije i Viktora Orbana premijera Ma\u0111arske, do\u010dekali su Pero \u0106ori\u0107, predsjednik Privredne komore R. Srpske i Goran Ra\u010di\u0107, predsjednik podru\u010dne privredne komore Banja Luka\" src=\"\/wp-content\/uploads\/prethodni\/2022\/otvoren_sajam_poljopr3.jpg\" alt=\"Na zajedni\u010dkom \u0161tandu R. Srpske i Federacije BiH, Aleksandra Vu\u010di\u0107a, predsjednika Srbije i Viktora Orbana premijera Ma\u0111arske, do\u010dekali su Pero \u0106ori\u0107, predsjednik Privredne komore R. Srpske i Goran Ra\u010di\u0107, predsjednik podru\u010dne privredne komore Banja Luka\" width=\"1200\" border=\"0\" \/><\/p>\n<p>Nakon sve\u010danog otvaranja sajama, zajedni\u010dki \u0161tand Republike Srpske i Federacije BiH, posjetili su predsjednik Srbije Aleksandar Vu\u010di\u0107 i premijer Ma\u0111arske Viktor Orban.<\/p>\n<p>Sve\u010danom otvaranju prisustvovali su i predsjednik Privredne komore Republike Srpske Pero \u0106ori\u0107 i predsjednik podru\u010dne privredne komore Banja Luka Goran Ra\u010di\u0107.<\/p>\n<p><img title=\"Pero \u0106ori\u0107, predsjednik Privredne komore R. Srpske sa saradnicima na \u0161tandu\" src=\"\/wp-content\/uploads\/prethodni\/2022\/otvoren_sajam_poljopr4.jpg\" alt=\"Pero \u0106ori\u0107, predsjednik Privredne komore R. Srpske sa saradnicima na \u0161tandu\" width=\"1200\" border=\"0\" \/><\/p>\n<p>U okviru prate\u0107eg programa Poljoprivrednog sajma posjetioci \u0107e imati priliku da danas, sutra i u ponedjeljak, 23. maja, prisustvuju javnom ocjenjivanju goveda, konja i ovaca.<\/p>\n<p><img title=\"Predstavljanje privrednika iz Srpske organizuje Privredna komora R. Srpske u saradnji sa Spoljnotrgovinskom komorom BiH, a Predstavni\u0161tvo R. Srpske u Srbiji je pru\u017eilo tehni\u010dku i medijsku podr\u0161ku\" src=\"\/wp-content\/uploads\/prethodni\/2022\/otvoren_sajam_poljopr5.jpg\" alt=\"Predstavljanje privrednika iz Srpske organizuje Privredna komora R. Srpske u saradnji sa Spoljnotrgovinskom komorom BiH, a Predstavni\u0161tvo R. Srpske u Srbiji je pru\u017eilo tehni\u010dku i medijsku podr\u0161ku\" width=\"1200\" border=\"0\" \/><\/p>\n<p>U srijedu, 25. maja, bi\u0107e odr\u017ean Preponski kamp u organizaciji Konji\u010dkog centra \u201eNovosadski sajam&#8220;, a istog dana i takmi\u010denje u preponskom jahanju.<\/p>\n<p>\u010cetvrtak, 26. maj, je Dan sto\u010dara i dan \u201cFijakerijada&#8220;.<\/p>\n<p>Sajam se zatvara u petak, 27. maja.<\/p>\n","protected":false},"excerpt":{"rendered":"<p>U Novom Sadu danas (21.05.2022.g.) je sve\u010dano otvoren 89. Me\u0111unarodni poljoprivredni sajam, u prisustvu predsjednika Srbije Aleksandra Vu\u010di\u0107a i premijera Ma\u0111arske Viktora Orbana. Sajam je u protekle dvije godine zbog pandemije virusa korona organizovan virtuelno, a ove godine na njemu u\u010destvuje ukupno 1.100 izlaga\u010da iz 21 zemlje. Zemlja partner sajma je Ma\u0111arska, a premijerno \u0107e&#8230;<\/p>\n","protected":false},"author":1,"featured_media":3668,"comment_status":"closed","ping_status":"closed","sticky":false,"template":"","format":"standard","meta":[],"categories":[56],"tags":[75],"_links":{"self":[{"href":"https:\/\/predstavnistvorsbg.rs\/sr-Latn\/wp-json\/wp\/v2\/posts\/4814"}],"collection":[{"href":"https:\/\/predstavnistvorsbg.rs\/sr-Latn\/wp-json\/wp\/v2\/posts"}],"about":[{"href":"https:\/\/predstavnistvorsbg.rs\/sr-Latn\/wp-json\/wp\/v2\/types\/post"}],"author":[{"embeddable":true,"href":"https:\/\/predstavnistvorsbg.rs\/sr-Latn\/wp-json\/wp\/v2\/users\/1"}],"replies":[{"embeddable":true,"href":"https:\/\/predstavnistvorsbg.rs\/sr-Latn\/wp-json\/wp\/v2\/comments?post=4814"}],"version-history":[{"count":0,"href":"https:\/\/predstavnistvorsbg.rs\/sr-Latn\/wp-json\/wp\/v2\/posts\/4814\/revisions"}],"wp:featuredmedia":[{"embeddable":true,"href":"https:\/\/predstavnistvorsbg.rs\/sr-Latn\/wp-json\/wp\/v2\/media\/3668"}],"wp:attachment":[{"href":"https:\/\/predstavnistvorsbg.rs\/sr-Latn\/wp-json\/wp\/v2\/media?parent=4814"}],"wp:term":[{"taxonomy":"category","embeddable":true,"href":"https:\/\/predstavnistvorsbg.rs\/sr-Latn\/wp-json\/wp\/v2\/categories?post=4814"},{"taxonomy":"post_tag","embeddable":true,"href":"https:\/\/predstavnistvorsbg.rs\/sr-Latn\/wp-json\/wp\/v2\/tags?post=4814"}],"curies":[{"name":"wp","href":"https:\/\/api.w.org\/{rel}","templated":true}]}}