{"id":4845,"date":"2022-05-22T10:00:40","date_gmt":"2022-05-22T08:00:40","guid":{"rendered":"https:\/\/prs2.profimediagroup.com\/uncategorized-sr-latn\/vise-hiljada-ljudi-u-povorci-sjecanja-u-beogradu\/"},"modified":"2023-05-09T19:46:04","modified_gmt":"2023-05-09T17:46:04","slug":"vise-hiljada-ljudi-u-povorci-sjecanja-u-beogradu-ltn","status":"publish","type":"post","link":"https:\/\/predstavnistvorsbg.rs\/sr-Latn\/prethodni-dogadjaji-sr-latn\/vise-hiljada-ljudi-u-povorci-sjecanja-u-beogradu-ltn\/","title":{"rendered":"Vi\u0161e hiljada ljudi u &#8222;Povorci sje\u0107anja&#8220; u Beogradu"},"content":{"rendered":"<p>Oko 2.000 ljudi, me\u0111u kojima su najbrojniji \u010dlanovi porodica nestalih iz Republike Srpske, formirali su danas (22.5.2022.g) \u201ePovorku sje\u0107anja&#8220; kod Vukovog spomenika u Beogradu i pje\u0161ke su oti\u0161li do Aleje velikana na Novom groblju i grobnog mjesta dr Zorana Stankovi\u0107a, koji je godinama nesebi\u010dno radio na otkrivanju sudbine njihovih najmilijih.<\/p>\n<p><img title=\"Kolona se uputila do Aleje velikana na Novom groblju i grobnog mjesta dr Zorana Stankovi\u0107a\" src=\"\/wp-content\/uploads\/prethodni\/2022\/povorka_za_dr_stankovica2.jpg\" alt=\"Kolona se uputila do Aleje velikana na Novom groblju i grobnog mjesta dr Zorana Stankovi\u0107a\" width=\"1200\" border=\"0\" \/><\/p>\n<p>U\u010desnici povorke su nosili fotografije svojih stradalih i crvene ru\u017ee koje su polo\u017eili na grob dr Stankovi\u0107a gdje ih je do\u010dekala njegova supruga i porodica kojima su izrazili sau\u010de\u0161\u0107e.<\/p>\n<p><img title=\"U\u010desnici povorke su nosili fotografije svojih stradalih i crvene ru\u017ee\" src=\"\/wp-content\/uploads\/prethodni\/2022\/povorka_za_dr_stankovica3.jpg\" alt=\"U\u010desnici povorke su nosili fotografije svojih stradalih i crvene ru\u017ee\" width=\"1200\" border=\"0\" \/><\/p>\n<p>Oni su na ovaj na\u010din odali po\u010dast stradalima i podsjetili javnost Srbije i regiona na dimenzije stradanja srpskog naroda u BiH, a ujedno su u\u010destvovali u snimanju zavr\u0161ne scene filma \u201eSvjedok&#8220;.<\/p>\n<p><img title=\"U\u010desnici povorke pristigli na grob dr Stankovi\u0107a gdje ih je do\u010dekala njegova supruga i porodica kojima su izrazili sau\u010de\u0161\u0107e\" src=\"\/wp-content\/uploads\/prethodni\/2022\/povorka_za_dr_stankovica4.jpg\" alt=\"U\u010desnici povorke pristigli na grob dr Stankovi\u0107a gdje ih je do\u010dekala njegova supruga i porodica kojima su izrazili sau\u010de\u0161\u0107e\" width=\"1200\" border=\"0\" \/><\/p>\n<p>Film je zasnovan na dokumentaciji i svjedo\u010danstvima dr Stankovi\u0107a koja se odnose na njegov boravak na prostoru BiH za vrijeme ratnih de\u0161avanja.<\/p>\n<p><img title=\"Denis Boji\u0107, re\u017eiser filma \u201eSvjedok\" src=\"\/wp-content\/uploads\/prethodni\/2022\/povorka_za_dr_stankovica5.jpg\" alt=\"Denis Boji\u0107, re\u017eiser filma \u201eSvjedok\" width=\"1200\" border=\"0\" \/><\/p>\n<p>Re\u017eiser filma Denis Boji\u0107 rekao je u obra\u0107anju u\u010desnicima povorke da dana\u0161nji dolazak porodica nestalih u Beograd nije bez razloga, ve\u0107 da su do\u0161li da zahvale dr Zoranu Stankovi\u0107u koji je upravo iz Beograda krenuo u Gospi\u0107, Vukovar, Bratunac i sva ostala srpska strati\u0161ta i pomogao im da saznaju sudbinu svojih najmilijih.<\/p>\n<p>\u201eTako se uspostavlja ravnote\u017ea. Ideja je da poka\u017eemo \u0161ta je doktor Stankovi\u0107 uradio. Obdukovao je i identifikovao 7.500 ljudi, \u0161to je nemjerljiv zna\u010daj za sve porodice i za srpski narod&#8220;, naglasio je Boji\u0107.<\/p>\n<p><img title=\"Brano Vu\u010deti\u0107 iz Bratunca, koji je imao devet i po godina kada mu je ubijena kompletna porodica\" src=\"\/wp-content\/uploads\/prethodni\/2022\/povorka_za_dr_stankovica6.jpg\" alt=\"Brano Vu\u010deti\u0107 iz Bratunca, koji je imao devet i po godina kada mu je ubijena kompletna porodica\" width=\"1200\" border=\"0\" \/><\/p>\n<p>Brano Vu\u010deti\u0107 iz Bratunca, koji je imao devet i po godina kada mu je ubijena kompletna porodica, i koji je kao dijete bio zarobljen od pripadnika jedinice Nasera Ori\u0107a, rekao je da su on i porodice koje dijele njegovu sudbinu do\u0161li da izraze zahvalnost onom ko im je pomogao da svoje najmilije dostojno sahrane.<\/p>\n<p>Tatomir Gvozdinovi\u0107 iz Bratunca koji je u ratu izgubio tri \u010dlana porodice rekao je da je do\u0161ao u Beograd da izrazi zahvalnost doktoru Stankovi\u0107u, ali i da zatra\u017ei pravdu i istinu koja, na\u017ealost, za srpske \u017ertve izmi\u010de.<\/p>\n<p>Film \u201eSvjedok&#8220; realizuje se u koprodukciji Radio-televizije Republike Srpske i Republi\u010dkog centra za istra\u017eivanje rata, ratnih zlo\u010dina i tra\u017eenja nestalih lica a tehni\u010dku i medijsku podr\u0161ku je dalo Predstavni\u0161tvo Republike Srpske u Srbiji.<\/p>\n","protected":false},"excerpt":{"rendered":"<p>Oko 2.000 ljudi, me\u0111u kojima su najbrojniji \u010dlanovi porodica nestalih iz Republike Srpske, formirali su danas (22.5.2022.g) \u201ePovorku sje\u0107anja&#8220; kod Vukovog spomenika u Beogradu i pje\u0161ke su oti\u0161li do Aleje velikana na Novom groblju i grobnog mjesta dr Zorana Stankovi\u0107a, koji je godinama nesebi\u010dno radio na otkrivanju sudbine njihovih najmilijih. U\u010desnici povorke su nosili fotografije&#8230;<\/p>\n","protected":false},"author":1,"featured_media":3670,"comment_status":"closed","ping_status":"closed","sticky":false,"template":"","format":"standard","meta":[],"categories":[56],"tags":[75],"_links":{"self":[{"href":"https:\/\/predstavnistvorsbg.rs\/sr-Latn\/wp-json\/wp\/v2\/posts\/4845"}],"collection":[{"href":"https:\/\/predstavnistvorsbg.rs\/sr-Latn\/wp-json\/wp\/v2\/posts"}],"about":[{"href":"https:\/\/predstavnistvorsbg.rs\/sr-Latn\/wp-json\/wp\/v2\/types\/post"}],"author":[{"embeddable":true,"href":"https:\/\/predstavnistvorsbg.rs\/sr-Latn\/wp-json\/wp\/v2\/users\/1"}],"replies":[{"embeddable":true,"href":"https:\/\/predstavnistvorsbg.rs\/sr-Latn\/wp-json\/wp\/v2\/comments?post=4845"}],"version-history":[{"count":0,"href":"https:\/\/predstavnistvorsbg.rs\/sr-Latn\/wp-json\/wp\/v2\/posts\/4845\/revisions"}],"wp:featuredmedia":[{"embeddable":true,"href":"https:\/\/predstavnistvorsbg.rs\/sr-Latn\/wp-json\/wp\/v2\/media\/3670"}],"wp:attachment":[{"href":"https:\/\/predstavnistvorsbg.rs\/sr-Latn\/wp-json\/wp\/v2\/media?parent=4845"}],"wp:term":[{"taxonomy":"category","embeddable":true,"href":"https:\/\/predstavnistvorsbg.rs\/sr-Latn\/wp-json\/wp\/v2\/categories?post=4845"},{"taxonomy":"post_tag","embeddable":true,"href":"https:\/\/predstavnistvorsbg.rs\/sr-Latn\/wp-json\/wp\/v2\/tags?post=4845"}],"curies":[{"name":"wp","href":"https:\/\/api.w.org\/{rel}","templated":true}]}}