{"id":4846,"date":"2022-05-24T10:00:26","date_gmt":"2022-05-24T08:00:26","guid":{"rendered":"https:\/\/prs2.profimediagroup.com\/uncategorized-sr-latn\/na-sajmu-tehnike-i-tehnickih-dostignuca-u-beogradu-cetiri-kompanije-iz-srpske\/"},"modified":"2023-05-09T19:46:09","modified_gmt":"2023-05-09T17:46:09","slug":"na-sajmu-tehnike-i-tehnickih-dostignuca-u-beogradu-cetiri-kompanije-iz-srpske-ltn","status":"publish","type":"post","link":"https:\/\/predstavnistvorsbg.rs\/sr-Latn\/prethodni-dogadjaji-sr-latn\/na-sajmu-tehnike-i-tehnickih-dostignuca-u-beogradu-cetiri-kompanije-iz-srpske-ltn\/","title":{"rendered":"Na Sajmu tehnike i tehni\u010dkih dostignu\u0107a u Beogradu \u010detiri kompanije iz Srpske"},"content":{"rendered":"<p>Ministar trgovine, turizma i telekomunikacija Srbije Tatjana Mati\u0107 danas je otvorila 64. Me\u0111unarodni sajam tehnike i tehni\u010dkih dostignu\u0107a na Beogradskom sajmu i obi\u0161la \u0161tand Privredne komore Republike Srpske, na kome se direktno predstavljaju \u010detiri kompanije iz Srpske, a dosta njih putem kataloga.<\/p>\n<p><img title=\"Tatjanu Mati\u0107, ministra trgovine, turizma i telekomunikacija Srbije na \u0161tandu R. Srpske do\u010dekali su Vjekoslav Petri\u010devi\u0107, ministar privrede i preduzetni\u0161tva R. Srpske, Pero \u0106ori\u0107 predsjednik Privredne komore R. Srpske i Mla\u0111en Cicovi\u0107 \u0161ef Predstavni\u0161tva R. Srpske u Srbiji\" src=\"\/wp-content\/uploads\/prethodni\/2022\/otvaranje_sajma_tehnike2.jpg\" alt=\"Tatjanu Mati\u0107, ministra trgovine, turizma i telekomunikacija Srbije na \u0161tandu R. Srpske do\u010dekali su Vjekoslav Petri\u010devi\u0107, ministar privrede i preduzetni\u0161tva R. Srpske, Pero \u0106ori\u0107 predsjednik Privredne komore R. Srpske i Mla\u0111en Cicovi\u0107 \u0161ef Predstavni\u0161tva R. Srpske u Srbiji\" width=\"1200\" border=\"0\" \/><\/p>\n<p>Mati\u0107evu su na \u0161tandu Republike Srpske do\u010dekali ministar privrede i preduzetni\u0161tva Republike Srpske Vjekoslav Petri\u010devi\u0107, predsjednik Privredne komore Republike Srpske Pero \u0106ori\u0107 i \u0161ef Predstavni\u0161tva Republike Srpske u Srbiji Mla\u0111en Cicovi\u0107.<\/p>\n<p>\u0106ori\u0107 je tom prilikom upoznao Mati\u0107evu sa \u010dinjenicim da Srpska ve\u0107 12. put organizovano nastupa na ovoj manifestaciji.<\/p>\n<p><img title=\"Direktor kompanije \u201eVendom\u201c iz Lakta\u0161a Sandra \u0110ukanovi\u0107 u razgovoru sa ministrom trgovine, turizma i telekomunikacija Tatjanom Mati\u0107\" src=\"\/wp-content\/uploads\/prethodni\/2022\/otvaranje_sajma_tehnike3.jpg\" alt=\"Direktor kompanije \u201eVendom\u201c iz Lakta\u0161a Sandra \u0110ukanovi\u0107 u razgovoru sa ministrom trgovine, turizma i telekomunikacija Tatjanom Mati\u0107\" width=\"1200\" border=\"0\" \/><\/p>\n<p>Direktor kompanije \u201eVendom\u201c iz Lakta\u0161a Sandra \u0110ukanovi\u0107 je rekla je da je cilj te kompanije, koja proizvodi savremene sisteme za pra\u017enjenje, da se predstavi u Srbiji i osvoji i ovo tr\u017ei\u0161ta.<br \/>\n&#8211; Nama bi bio interes da i na ulicama Beograda budu ovakvi kontejneri, da budu kao i do sada i u \u0160vajcarskoj u Salzburgu, ali da budu i ovdje &#8211; rekla je \u0110ukanovi\u0107eva.<\/p>\n<p><img title=\"Vjekoslav Petri\u010devi\u0107, ministar privrede i preduzetni\u0161tva R. Srpske, Pero \u0106ori\u0107 predsjednik Privredne komore R. Srpske i Mla\u0111en Cicovi\u0107 \u0161ef Predstavni\u0161tva R. Srpske u Srbiji\" src=\"\/wp-content\/uploads\/prethodni\/2022\/otvaranje_sajma_tehnike4.jpg\" alt=\"Vjekoslav Petri\u010devi\u0107, ministar privrede i preduzetni\u0161tva R. Srpske, Pero \u0106ori\u0107 predsjednik Privredne komore R. Srpske i Mla\u0111en Cicovi\u0107 \u0161ef Predstavni\u0161tva R. Srpske u Srbiji\" width=\"1200\" border=\"0\" \/><\/p>\n<p>Ministar privrede i preduzetni\u0161tva Republike Srpske Vjekoslav Petri\u010devi\u0107 izjavio je danas da je od velike va\u017enosti to \u0161to kompanije iz Republike Srpske imaju mogu\u0107nost da se predstave na Me\u0111unarodnom sajam tehnike i tehni\u010dkih dostignu\u0107a i pove\u017eu sa partnerima iz regiona i Evrope.<\/p>\n<p>Petri\u010devi\u0107 je istakao da je Vlada Republike Srpske prepoznala zna\u010daj tehnolo\u0161kog razvoja za privredu, te da je ove godine u bud\u017eetu namijenjeno 12 miliona KM za subvencije u ovoj oblasti.<\/p>\n<p>&#8211; O\u010dekujemo realizaciju tih projekata. Sa Privrednom komorom Republike Srpske, privrednicima radimo na tome da na\u0161u privredu osavremenimo i da ona postane konkurentnija kako bi odgovorila zahtjevima doma\u0107eg i svjetskog tr\u017ei\u0161ta. Tako da i na ovakvim mjestima imamo priliku da vidimo inovacije iz raznih oblasti i da predstavimo na\u0161e kompanije &#8211;\u00a0rekao je Petri\u010devi\u0107.<\/p>\n<p><img title=\"Mladen Stojanovi\u0107, vr\u0161ilac du\u017enosti direktora Vazduhoplovnog zavoda \u201eOrao\u201c iz Bijeljine sa ministrom Petri\u010devi\u0107em\" src=\"\/wp-content\/uploads\/prethodni\/2022\/otvaranje_sajma_tehnike5.jpg\" alt=\"Mladen Stojanovi\u0107, vr\u0161ilac du\u017enosti direktora Vazduhoplovnog zavoda \u201eOrao\u201c iz Bijeljine sa ministrom Petri\u010devi\u0107em\" width=\"1200\" border=\"0\" \/><\/p>\n<p>Vr\u0161ilac du\u017enosti direktora Vazduhoplovnog zavoda \u201eOrao\u201c iz Bijeljine Mladen Stojanovi\u0107 izjavio je da je ta kompanija tradicionalno prisutna na ovoj manifestaciji, a tako\u0111e i partner Sajma naoru\u017eanja i vojne opreme.<\/p>\n<p>&#8211; Me\u0111u izlaga\u010dima je veliki broj na\u0161ih kupaca, dobavlja\u010da. To je prilika da se sa njima vidimo, razmjenimo informacije da vidimo \u0161ta je savremeno i novo. Tu smo i bi\u0107emo\u00a0&#8211;\u00a0rekao je Stojanovi\u0107.<\/p>\n<p>On je podsjetio da \u201eOrao\u201c postoji 78 godina, te da je ranije sara\u0111ivao sa Ministarstvom odbrane SFRJ, a sada Srbije.<\/p>\n<p>&#8211; Mi smo glavni oslonac za ratno vazduhoplovstvo Srbije za obezbje\u0111ivanje resursa vazduhoplovnih motora. Naravno, nekada smo bili Vojna po\u0161ta, sada smo Akcionarsko dru\u0161tvo, otvoreni smo za saradnju i 50 odsto prihoda ostvarujemo u saradnji, odnosno rade\u0107i poslove za Ministarstvo odbrane Srbije, ostalih 50 odsto prona\u0111emo na svjetskom tr\u017ei\u0161tu &#8211;\u00a0rekao je Stojanovi\u0107.<\/p>\n<p><img title=\"Mla\u0111en Cicovi\u0107 \u0161ef Predstavni\u0161tva R. Srpske u Srbiji\" src=\"\/wp-content\/uploads\/prethodni\/2022\/otvaranje_sajma_tehnike6.jpg\" alt=\"Mla\u0111en Cicovi\u0107 \u0161ef Predstavni\u0161tva R. Srpske u Srbiji\" width=\"1200\" border=\"0\" \/><\/p>\n<p>\u0160ef Predstavni\u0161tva Republike Srpske u Srbiji Mla\u0111en Cicovi\u0107 ocijenio je da je nastup kompanija iz Srpske na ovogodi\u0161njem Sajmu posebno zna\u010dajan, imaju\u0107i u vidu globalnu ekonomsku situaciju u svijetu.<br \/>\n&#8211; Mislim da je ovo izuzetno va\u017eno predstavljanje Republike Srpske, da Republika Srpska hvata korak sa naukom i sa tehnikom, da poku\u0161a da prevazi\u0111e sve probleme i izazove sa kojima se susre\u0107e u ovoj te\u0161ko ekonomskoj situaciji koja nam je nametnuta. Mislim da \u0107emo se izuzetno kvalitetno predstaviti &#8211;\u00a0rekao je Cicovi\u0107.<\/p>\n<p><img title=\"Jelena Kusmuk, saradnik za privredu u Predstavni\u0161tvu R. Srpske na \u0161tandu sa gostima\" src=\"\/wp-content\/uploads\/prethodni\/2022\/otvaranje_sajma_tehnike7.jpg\" alt=\"Jelena Kusmuk, saradnik za privredu u Predstavni\u0161tvu R. Srpske na \u0161tandu sa gostima\" width=\"1200\" border=\"0\" \/><\/p>\n<p>Predstavni\u0161tvo Republike Srpske u Srbiji kao i prethodnih godina pru\u017ea tehni\u010dku podr\u0161ku Privrednoj komori Republike Srpske u organizaciji nastupa privrednika iz Republike Srpske na Sajmu tehnike i tehni\u010dkih dostignu\u0107a.<\/p>\n","protected":false},"excerpt":{"rendered":"<p>Ministar trgovine, turizma i telekomunikacija Srbije Tatjana Mati\u0107 danas je otvorila 64. Me\u0111unarodni sajam tehnike i tehni\u010dkih dostignu\u0107a na Beogradskom sajmu i obi\u0161la \u0161tand Privredne komore Republike Srpske, na kome se direktno predstavljaju \u010detiri kompanije iz Srpske, a dosta njih putem kataloga. Mati\u0107evu su na \u0161tandu Republike Srpske do\u010dekali ministar privrede i preduzetni\u0161tva Republike Srpske&#8230;<\/p>\n","protected":false},"author":1,"featured_media":3672,"comment_status":"closed","ping_status":"closed","sticky":false,"template":"","format":"standard","meta":[],"categories":[56],"tags":[75],"_links":{"self":[{"href":"https:\/\/predstavnistvorsbg.rs\/sr-Latn\/wp-json\/wp\/v2\/posts\/4846"}],"collection":[{"href":"https:\/\/predstavnistvorsbg.rs\/sr-Latn\/wp-json\/wp\/v2\/posts"}],"about":[{"href":"https:\/\/predstavnistvorsbg.rs\/sr-Latn\/wp-json\/wp\/v2\/types\/post"}],"author":[{"embeddable":true,"href":"https:\/\/predstavnistvorsbg.rs\/sr-Latn\/wp-json\/wp\/v2\/users\/1"}],"replies":[{"embeddable":true,"href":"https:\/\/predstavnistvorsbg.rs\/sr-Latn\/wp-json\/wp\/v2\/comments?post=4846"}],"version-history":[{"count":0,"href":"https:\/\/predstavnistvorsbg.rs\/sr-Latn\/wp-json\/wp\/v2\/posts\/4846\/revisions"}],"wp:featuredmedia":[{"embeddable":true,"href":"https:\/\/predstavnistvorsbg.rs\/sr-Latn\/wp-json\/wp\/v2\/media\/3672"}],"wp:attachment":[{"href":"https:\/\/predstavnistvorsbg.rs\/sr-Latn\/wp-json\/wp\/v2\/media?parent=4846"}],"wp:term":[{"taxonomy":"category","embeddable":true,"href":"https:\/\/predstavnistvorsbg.rs\/sr-Latn\/wp-json\/wp\/v2\/categories?post=4846"},{"taxonomy":"post_tag","embeddable":true,"href":"https:\/\/predstavnistvorsbg.rs\/sr-Latn\/wp-json\/wp\/v2\/tags?post=4846"}],"curies":[{"name":"wp","href":"https:\/\/api.w.org\/{rel}","templated":true}]}}