{"id":4847,"date":"2022-05-24T11:00:52","date_gmt":"2022-05-24T09:00:52","guid":{"rendered":"https:\/\/prs2.profimediagroup.com\/uncategorized-sr-latn\/ucesnici-dana-cirila-i-metodija-u-posjeti-predstavnistvu-republike-srpske\/"},"modified":"2023-05-09T19:46:15","modified_gmt":"2023-05-09T17:46:15","slug":"ucesnici-dana-cirila-i-metodija-u-posjeti-predstavnistvu-republike-srpske-ltn","status":"publish","type":"post","link":"https:\/\/predstavnistvorsbg.rs\/sr-Latn\/prethodni-dogadjaji-sr-latn\/ucesnici-dana-cirila-i-metodija-u-posjeti-predstavnistvu-republike-srpske-ltn\/","title":{"rendered":"U\u010desnici &#8222;Dana \u0106irila i Metodija&#8220; u posjeti Predstavni\u0161tvu Republike Srpske"},"content":{"rendered":"<p>\u0160ef Predstavni\u0161tva Republike Srpske u Srbiji Mla\u0111en Cicovi\u0107 primio je danas pisce, u\u010desnike me\u0111unarodne knji\u017eevne manifestacije \u201eDani \u0106irila i Metodija\u201c i istakao da je rad na o\u010duvanju srpskog nacionalnog identiteta, kulture, obi\u010daja i vjere va\u017ean, jer obezbje\u0111uje budu\u0107nost.<\/p>\n<p><img title=\"Mla\u0111en Cicovi\u0107, \u0161ef Predstavni\u0161tva R. Srpske u Srbiji je istakao, da su Dani \u0106irila i Metodija manifestacija koju Predstavni\u0161tvo podr\u017eava od 2014. godine\" src=\"\/wp-content\/uploads\/prethodni\/2022\/dani_cir_i_metodija2.jpg\" alt=\"Mla\u0111en Cicovi\u0107, \u0161ef Predstavni\u0161tva R. Srpske u Srbiji je istakao, da su Dani \u0106irila i Metodija manifestacija koju Predstavni\u0161tvo podr\u017eava od 2014. godine\" width=\"1200\" border=\"0\" \/><\/p>\n<p>Cicovi\u0107 je istakao da je manifestacija \u201eDani \u0106irila i Metodija&#8220;, koju Predstavni\u0161tvo podr\u017eava od 2014. godine, od posebnog zna\u010daja, jer daje puni doprinos o\u010duvanju srpskog pisma, kulture, tradicije, jezika i vjere, ali i okuplja Slovene.<\/p>\n<p><img title=\"\u0160ef Predstavni\u0161tva R. Srpske u Srbiji je rekao da su \u201eDani \u0106irila i Metodija\u201c knji\u017eevna manifestacija koja se bavi o\u010duvanjem srpskog nacionalnog identiteta, kulture, obi\u010daja i vjere\" src=\"\/wp-content\/uploads\/prethodni\/2022\/dani_cir_i_metodija3.jpg\" alt=\"\u0160ef Predstavni\u0161tva R. Srpske u Srbiji je rekao da su \u201eDani \u0106irila i Metodija\u201c knji\u017eevna manifestacija koja se bavi o\u010duvanjem srpskog nacionalnog identiteta, kulture, obi\u010daja i vjere\" width=\"1200\" border=\"0\" \/><\/p>\n<p>\u201eOvom se manifestacijom svaki put iznova podsjetimo koliko je va\u017eno da radimo na tim poslovima koji \u0107e nas o\u010duvati na ovim prostorima, koji \u0107e doprinijeti da razumijemo da nam je najva\u017enije da sa\u010duvamo na\u0161 identitet, jer kad sa\u010duvamo na\u0161 identitet onda \u0107emo sigurno obezbijediti i ekonomiju i prosperitet i razvoj dru\u0161tva u sredinama gdje \u017eivimo&#8220;, rekao je Cicovi\u0107.<\/p>\n<p><img title=\"Srpski pisci i njihovi gosti iz Rusije, Bugarske, Makedonije, Slova\u010dke, Slovenije, R. Srpske i Crne Gore, zajedno sa predstavnicima Grada Beograda i ambasadama slovenskih zemalja, polo\u017eili vence svje\u017eeg cvije\u0107a na spomenik sv. \u0106irilu u Metodiju\" src=\"\/wp-content\/uploads\/prethodni\/2022\/dani_cir_i_metodija4.jpg\" alt=\"Srpski pisci i njihovi gosti iz Rusije, Bugarske, Makedonije, Slova\u010dke, Slovenije, R. Srpske i Crne Gore, zajedno sa predstavnicima Grada Beograda i ambasadama slovenskih zemalja, polo\u017eili vence svje\u017eeg cvije\u0107a na spomenik sv. \u0106irilu u Metodiju\" width=\"1200\" border=\"0\" \/><\/p>\n<p>Prethodno su pisci iz Republike Srpske i Srbije i njihovi gosti iz Rusije, Bugarske, Sjeverne Makedonije, Slova\u010dke, Slovenije i Crne Gore, zajedno sa predstavnicima grada Beograda i ambasada slovenskih zemalja, polo\u017eili cvije\u0107e na spomenik Svetom \u0106irilu i Metodiju u Beogradu.<\/p>\n<p><img title=\"Me\u0111unarodna knji\u017eevna manifestacija \u201eDani \u0106irila i Metodija\u201c, dvanaesta po redu, po\u010dela sino\u0107 u Udru\u017eenja knji\u017eevnika Srbije u Francuskoj 7\" src=\"\/wp-content\/uploads\/prethodni\/2022\/dani_cir_i_metodija5.jpg\" alt=\"Me\u0111unarodna knji\u017eevna manifestacija \u201eDani \u0106irila i Metodija\u201c, dvanaesta po redu, po\u010dela sino\u0107 u Udru\u017eenja knji\u017eevnika Srbije u Francuskoj 7\" width=\"1200\" border=\"0\" \/><\/p>\n<p>Generalni sekretar Udru\u017eenja knji\u017eevnika Srbije Grozdana Lu\u010di\u0107 Lovri\u0107 podsjetila da je ovu manifestaciju prije 12 godina pokrenuo pisac Du\u0161ko M. Petrovi\u0107 sa UKS i istakla da &#8222;nema ja\u010de spone od spone Republika Srpska &#8211; Srbije&#8220;.<\/p>\n<p><img title=\"Pisac Du\u0161ko M. Petrovi\u0107, na tradicionalnoj manifestaciji Udru\u017eenja knji\u017eevnika Srbije \u201eDani \u0106irila i Metodija\u201c\" src=\"\/wp-content\/uploads\/prethodni\/2022\/dani_cir_i_metodija6.jpg\" alt=\"Pisac Du\u0161ko M. Petrovi\u0107, na tradicionalnoj manifestaciji Udru\u017eenja knji\u017eevnika Srbije \u201eDani \u0106irila i Metodija\u201c\" width=\"1200\" border=\"0\" \/><\/p>\n<p>\u201eDrago mi je da su se ovde okupili predstavnici slovenskih zemalja, da je ovo pre\u0161lo u tradiciju i da na\u0161 protokol o saradnji izme\u0111u UKS, kao reprezentativnog udru\u017eenja u kulturi i Predstavni\u0161tva Republike Srpske nije samo `mrtva \u0107irilica` na papiru&#8220;, rekla je Lu\u010di\u0107 Lovri\u0107.<\/p>\n<p><img title=\"Pjesnici iz Srbije, R. Srpske i drugih slovenskih zemalja okupili su se danas ispred Crkve Svete Petke na beogradskom Kalemegdanu gdje su na duhovnoj tribini kazivali svoje stihove u slavu ravnoapostola \u0106irila i Metodija\" src=\"\/wp-content\/uploads\/prethodni\/2022\/dani_cir_i_metodija7.jpg\" alt=\"Pjesnici iz Srbije, R. Srpske i drugih slovenskih zemalja okupili su se danas ispred Crkve Svete Petke na beogradskom Kalemegdanu gdje su na duhovnoj tribini kazivali svoje stihove u slavu ravnoapostola \u0106irila i Metodija\" width=\"1200\" border=\"0\" \/><\/p>\n<p>Tradicionalna manifestacija \u201eDani \u0106irila i Metodija\u201c po\u010dela je ju\u010de Akademijom zahvalnosti svetim slovenskim ravnoapostolima u Udru\u017eenju knji\u017eevnika Srbije, a danas je odr\u017eana i duhovna tribina \u201e\u0106irilo i Metodije u svom i u na\u0161em vremenu&#8220;, ispred crkve Ru\u017eice na Kalemegdanu.\u3164<\/p>\n<p>Predstavni\u0161tvo Republike Srpske u Srbiji podr\u017eava ovu knji\u017eevnu manifestaciju od 2014. godine.<\/p>\n","protected":false},"excerpt":{"rendered":"<p>\u0160ef Predstavni\u0161tva Republike Srpske u Srbiji Mla\u0111en Cicovi\u0107 primio je danas pisce, u\u010desnike me\u0111unarodne knji\u017eevne manifestacije \u201eDani \u0106irila i Metodija\u201c i istakao da je rad na o\u010duvanju srpskog nacionalnog identiteta, kulture, obi\u010daja i vjere va\u017ean, jer obezbje\u0111uje budu\u0107nost. Cicovi\u0107 je istakao da je manifestacija \u201eDani \u0106irila i Metodija&#8220;, koju Predstavni\u0161tvo podr\u017eava od 2014. godine, od&#8230;<\/p>\n","protected":false},"author":1,"featured_media":3674,"comment_status":"closed","ping_status":"closed","sticky":false,"template":"","format":"standard","meta":[],"categories":[56],"tags":[75],"_links":{"self":[{"href":"https:\/\/predstavnistvorsbg.rs\/sr-Latn\/wp-json\/wp\/v2\/posts\/4847"}],"collection":[{"href":"https:\/\/predstavnistvorsbg.rs\/sr-Latn\/wp-json\/wp\/v2\/posts"}],"about":[{"href":"https:\/\/predstavnistvorsbg.rs\/sr-Latn\/wp-json\/wp\/v2\/types\/post"}],"author":[{"embeddable":true,"href":"https:\/\/predstavnistvorsbg.rs\/sr-Latn\/wp-json\/wp\/v2\/users\/1"}],"replies":[{"embeddable":true,"href":"https:\/\/predstavnistvorsbg.rs\/sr-Latn\/wp-json\/wp\/v2\/comments?post=4847"}],"version-history":[{"count":0,"href":"https:\/\/predstavnistvorsbg.rs\/sr-Latn\/wp-json\/wp\/v2\/posts\/4847\/revisions"}],"wp:featuredmedia":[{"embeddable":true,"href":"https:\/\/predstavnistvorsbg.rs\/sr-Latn\/wp-json\/wp\/v2\/media\/3674"}],"wp:attachment":[{"href":"https:\/\/predstavnistvorsbg.rs\/sr-Latn\/wp-json\/wp\/v2\/media?parent=4847"}],"wp:term":[{"taxonomy":"category","embeddable":true,"href":"https:\/\/predstavnistvorsbg.rs\/sr-Latn\/wp-json\/wp\/v2\/categories?post=4847"},{"taxonomy":"post_tag","embeddable":true,"href":"https:\/\/predstavnistvorsbg.rs\/sr-Latn\/wp-json\/wp\/v2\/tags?post=4847"}],"curies":[{"name":"wp","href":"https:\/\/api.w.org\/{rel}","templated":true}]}}