{"id":4850,"date":"2022-05-27T10:00:57","date_gmt":"2022-05-27T08:00:57","guid":{"rendered":"https:\/\/prs2.profimediagroup.com\/uncategorized-sr-latn\/uspjesan-nastup-republike-srpske-na-64-medjunarodnom-sajmu-tehnike-i-tehnickih-dostignuca\/"},"modified":"2023-05-09T19:46:33","modified_gmt":"2023-05-09T17:46:33","slug":"uspjesan-nastup-republike-srpske-na-64-medjunarodnom-sajmu-tehnike-i-tehnickih-dostignuca-ltn","status":"publish","type":"post","link":"https:\/\/predstavnistvorsbg.rs\/sr-Latn\/prethodni-dogadjaji-sr-latn\/uspjesan-nastup-republike-srpske-na-64-medjunarodnom-sajmu-tehnike-i-tehnickih-dostignuca-ltn\/","title":{"rendered":"Uspje\u0161an nastup Republike Srpske na 64. Me\u0111unarodnom sajmu tehnike i tehni\u010dkih dostignu\u0107a"},"content":{"rendered":"<p>Danas (27.05.2022.g.) je zavr\u0161en 64. Me\u0111unarodni sajam tehnike i tehni\u010dkih dostignu\u0107a koji zapo\u010deo 27. maja. U organizaciji Privredne komore Republike Srpske i Spoljnotrgovinske komore BiH, a uz tehni\u010dku podr\u0161ku Predstavni\u0161tva Republike Srpske u Srbiji uspje\u0161no su se na zajedni\u010dkom \u0161tandu u hali 1 Beogradskog sajma predstavile \u010detiri kompanije &#8211; \u201eVendom\u201c d.o.o. Lakta\u0161i, \u201eOrao\u201c a.d. Bijeljina, \u201e DM monta\u017ea\u201c d.o.o. Brod i \u201eSatvork\u201c d.o.o. Banja Luka, a i 20 kompanija se predstavilo putem kataloga. Predstavnici kompanija, koji su se predstavili na Sajmu, istakli su da su zadovoljni organizacijom na \u0161tandu i \u0161to su bili u prilici da se na Sajmu predstave i uspostave nove poslovne kontakte, kao i da predstave svoj proizvodni program i vide u kom pravcu idu nau\u010dno-tehni\u010dka dostignu\u0107a.<\/p>\n<p><img title=\"U organizaciji Privredne komore R. Srpske i Spoljnotrgovinske komore BiH, a uz tehni\u010dku podr\u0161ku Predstavni\u0161tva R. Srpske u Srbiji uspje\u0161no su se na zajedni\u010dkom \u0161tandu u hali 1 Beogradskog sajma predstavile brojne kompanije\" src=\"\/wp-content\/uploads\/prethodni\/2022\/zavrsen_sajam_tehnike3.jpg\" alt=\"U organizaciji Privredne komore R. Srpske i Spoljnotrgovinske komore BiH, a uz tehni\u010dku podr\u0161ku Predstavni\u0161tva R. Srpske u Srbiji uspje\u0161no su se na zajedni\u010dkom \u0161tandu u hali 1 Beogradskog sajma predstavile brojne kompanije\" width=\"1200\" border=\"0\" \/><\/p>\n<p>Na 64. Me\u0111unarodnom sajmu tehnike i tehni\u010dkih dostignu\u0107a u Beogradu Privrednoj komori Republike Srpske uru\u010dena je i posebna zahvalnica za u\u010de\u0161\u0107e i promociju Sajma tehnike. Zahvalnicu je, u ime Privredne komore, primio \u0161ef Predstavni\u0161tva Republike Srpske u Srbiji Mla\u0111en Cicovi\u0107, koji je istakao da ovo priznanje pokazuje da Privredna komora Republike Srpske na pravi na\u010din reprezentuje privredu i privredne potencijale Republike Srpske.<\/p>\n<p><img title=\"Jelena Kusmuk i Anja Vukeli\u0107, stru\u010dni saranici Predstavni\u0161tva R. Srpske u Srbiji sa u\u010desnicima Sajma iz R. Srpske na zatvaranju\" src=\"\/wp-content\/uploads\/prethodni\/2022\/zavrsen_sajam_tehnike4.jpg\" alt=\"Jelena Kusmuk i Anja Vukeli\u0107, stru\u010dni saranici Predstavni\u0161tva R. Srpske u Srbiji sa u\u010desnicima Sajma iz R. Srpske na zatvaranju\" width=\"1200\" border=\"0\" \/><\/p>\n<p>Me\u0111unarodni sajam tehnike i tehni\u010dkih dostignu\u0107a je me\u0111u najzna\u010dajnijim privrednim i tehnolo\u0161kim doga\u0111ajima u Srbiji i jugoisto\u010dnoj Evropi, te ima izuzetan uticaj na budu\u0107i razvoj industrije u regionu. To je tradicionalno mjesto susreta i poslovnih kontakata, koje omogu\u0107ava brojnim izlaga\u010dima i posjetiocima ispunjenje poslovnih o\u010dekivanja.<\/p>\n","protected":false},"excerpt":{"rendered":"<p>Danas (27.05.2022.g.) je zavr\u0161en 64. Me\u0111unarodni sajam tehnike i tehni\u010dkih dostignu\u0107a koji zapo\u010deo 27. maja. U organizaciji Privredne komore Republike Srpske i Spoljnotrgovinske komore BiH, a uz tehni\u010dku podr\u0161ku Predstavni\u0161tva Republike Srpske u Srbiji uspje\u0161no su se na zajedni\u010dkom \u0161tandu u hali 1 Beogradskog sajma predstavile \u010detiri kompanije &#8211; \u201eVendom\u201c d.o.o. Lakta\u0161i, \u201eOrao\u201c a.d. Bijeljina,&#8230;<\/p>\n","protected":false},"author":1,"featured_media":3680,"comment_status":"closed","ping_status":"closed","sticky":false,"template":"","format":"standard","meta":[],"categories":[56],"tags":[75],"_links":{"self":[{"href":"https:\/\/predstavnistvorsbg.rs\/sr-Latn\/wp-json\/wp\/v2\/posts\/4850"}],"collection":[{"href":"https:\/\/predstavnistvorsbg.rs\/sr-Latn\/wp-json\/wp\/v2\/posts"}],"about":[{"href":"https:\/\/predstavnistvorsbg.rs\/sr-Latn\/wp-json\/wp\/v2\/types\/post"}],"author":[{"embeddable":true,"href":"https:\/\/predstavnistvorsbg.rs\/sr-Latn\/wp-json\/wp\/v2\/users\/1"}],"replies":[{"embeddable":true,"href":"https:\/\/predstavnistvorsbg.rs\/sr-Latn\/wp-json\/wp\/v2\/comments?post=4850"}],"version-history":[{"count":0,"href":"https:\/\/predstavnistvorsbg.rs\/sr-Latn\/wp-json\/wp\/v2\/posts\/4850\/revisions"}],"wp:featuredmedia":[{"embeddable":true,"href":"https:\/\/predstavnistvorsbg.rs\/sr-Latn\/wp-json\/wp\/v2\/media\/3680"}],"wp:attachment":[{"href":"https:\/\/predstavnistvorsbg.rs\/sr-Latn\/wp-json\/wp\/v2\/media?parent=4850"}],"wp:term":[{"taxonomy":"category","embeddable":true,"href":"https:\/\/predstavnistvorsbg.rs\/sr-Latn\/wp-json\/wp\/v2\/categories?post=4850"},{"taxonomy":"post_tag","embeddable":true,"href":"https:\/\/predstavnistvorsbg.rs\/sr-Latn\/wp-json\/wp\/v2\/tags?post=4850"}],"curies":[{"name":"wp","href":"https:\/\/api.w.org\/{rel}","templated":true}]}}