{"id":4851,"date":"2022-05-27T12:00:49","date_gmt":"2022-05-27T10:00:49","guid":{"rendered":"https:\/\/prs2.profimediagroup.com\/uncategorized-sr-latn\/turisticki-dragulji-srpske-u-naredna-dva-dana-pred-beogradjanima\/"},"modified":"2023-05-09T19:46:39","modified_gmt":"2023-05-09T17:46:39","slug":"turisticki-dragulji-srpske-u-naredna-dva-dana-pred-beogradjanima-ltn","status":"publish","type":"post","link":"https:\/\/predstavnistvorsbg.rs\/sr-Latn\/prethodni-dogadjaji-sr-latn\/turisticki-dragulji-srpske-u-naredna-dva-dana-pred-beogradjanima-ltn\/","title":{"rendered":"Turisti\u010dki dragulji Srpske u naredna dva dana pred Beogra\u0111anima"},"content":{"rendered":"<p>U Beogradu je ve\u010deras otvoren osmi Festival manifestacija, degustacija i desti-nacija \u201eBeogradski manifest\u201c, na kojem \u0107e turisti\u010dke dragulje i ljepote Republike Srpske u naredna dva dana predstaviti Turisti\u010dka organizacija Srpske.<\/p>\n<p><img title=\"Miodrag Lon\u010darevi\u0107, direktor Turisti\u010dke organizacije R. Srpske\" src=\"\/wp-content\/uploads\/prethodni\/2022\/otvoren_manifest2.jpg\" alt=\"Miodrag Lon\u010darevi\u0107, direktor Turisti\u010dke organizacije R. Srpske\" width=\"1200\" border=\"0\" \/><\/p>\n<p>Direktor Turisti\u010dke organizacije Republike Srpske <strong>Miodrag Lon\u010darevi\u0107<\/strong> izjavio je da ova turisti\u010dka godina u Srpskoj po\u010dela obe\u0107avaju\u0107e, s obzirom na to da je u prvih pet mjeseci ostvareno 42,5 odsto vi\u0161e posjeta nego u istom periodu pro\u0161le godine, uz 35 odsto vi\u0161e no\u0107enja.<\/p>\n<p>On je naveo da \u0107e nastup na \u201eBeogradskom manifestu\u201c, gdje se Republika Srpska uvijek rado predstavlja, doprinijeti tome.<\/p>\n<p>\u201eNama je u interesu da se, zajedno sa regijom, zajedno sa Turisti\u010dkom organizacijom Srbije, zajedno sa Turisti\u010dkom organizacijom Crne Gore, borimo da turisti ostanu vi\u0161e od `dva i po dana`, \u0161to nam je prosjek. To nam je cilj. Mi znamo da je nama ovo tr\u017ei\u0161te i te kako potrebno, zato \u0161to nam vi\u0161e od 60 odsto od ukupnog broja turista dolazi iz Srbije\u201c, rekao je Lon\u010darevi\u0107.<\/p>\n<p>On je podsjetio da je ove godine Turisti\u010dka organizacija Republike Srpske potpisala ugovor sa Turisti\u010dkom organizacijom Srbije, a da \u0107e biti potpisan i ugovor sa Turisti-\u010dkom organizacijom Vojvodine za prekograni\u010dnu saradnju.<\/p>\n<p><img title=\"Mla\u0111en Cicovi\u0107, \u0161ef Predstavni\u0161tva R. Srpske u Srbiji\" src=\"\/wp-content\/uploads\/prethodni\/2022\/otvoren_manifest3.jpg\" alt=\"Mla\u0111en Cicovi\u0107, \u0161ef Predstavni\u0161tva R. Srpske u Srbiji\" width=\"1200\" border=\"0\" \/><\/p>\n<p>\u0160ef Predstavni\u0161tva Republike Srpske u Srbiji<strong> Mla\u0111en Cicovi\u0107<\/strong> ukazao je da je predstavljanje na \u201eBeogradskom manifestu\u201c zna\u010dajno jer upravo najve\u0107i broj gostiju Srpske dolazi iz Srbije.<\/p>\n<p>On je naglasio da \u0107e, osim sjajnih destinacija, na ovom festivalu biti predstavljene i zna\u010dajne manifestacije koje se organizuju u Republici Srpskoj kakve su \u201eOK fest\u201c na Tjenti\u0161tu, Me\u0111unarodna biciklisti\u010dka trka \u201eBeograd-Banjaluka\u201c, te rafting desti-nacije od Fo\u010de do Banjaluke.<\/p>\n<p>\u201eOvo je prilika da na najbolji na\u010din predstavimo turisti\u010dke potencijale Republike Srpske, koja je, bez obzira na pandemiju virusa korona, uspjela da ostvari izuzetne rezultate. \u017delimo da se i ovakvim predstavljanjem taj trend rasta turizma nastavi, da iskoristimo priliku da se sretnemo sa drugima&#8220;, rekao je Cicovi\u0107.<\/p>\n<p>Prema njegovim rije\u010dima, prisutno je stalno nastojanje da se defini\u0161u zajedni\u010dki regionalni turisti\u010dki sadr\u017eaji sa namjerom da se \u0161to du\u017ee zadr\u017ee turisti jer \u0107e takav pristup doprinijeti rastu turisti\u010dke privrede Republike Srpske.<\/p>\n<p><img title=\"Mla\u0111en Cicovi\u0107, \u0161ef Predstavni\u0161tva R. Srpske u Srbiji sa gostima iz R. Srpske na sve\u010danom otvaranju \u201eBeogradskog manifesta\u201c\" src=\"\/wp-content\/uploads\/prethodni\/2022\/otvoren_manifest4.jpg\" alt=\"Mla\u0111en Cicovi\u0107, \u0161ef Predstavni\u0161tva R. Srpske u Srbiji sa gostima iz R. Srpske na sve\u010danom otvaranju \u201eBeogradskog manifesta\u201c\" width=\"1200\" border=\"0\" \/><\/p>\n<p>Na izlo\u017ebenom prostoru Turisti\u010dke organizacije Republike Srpske na Sava prome-nadi bi\u0107e predstavljene najatraktivnije ponude i destinacije Srpske sa posebnim akcentom na ponudu sadr\u017eaja i sportova iz domena avanturizma-rafting, planinarenje, paraglajding, ponuda seoskog turizma, banjskog turizma, manifestacija, siti-brejk destinacija &#8211; Trebinja i Vi\u0161egrada, odnosno Andri\u0107grada, te nacionalnih parkova.<\/p>\n<p><img title=\"Jelena Kusmuk, saradnik Predstavni\u0161tva R. Srpske u Srbiji pored izlo\u017ebenog prostoraTuristi\u010dke organizacije R. Srpske na Sava promenadi\" src=\"\/wp-content\/uploads\/prethodni\/2022\/otvoren_manifest5.jpg\" alt=\"Jelena Kusmuk, saradnik Predstavni\u0161tva R. Srpske u Srbiji pored izlo\u017ebenog prostoraTuristi\u010dke organizacije R. Srpske na Sava promenadi\" width=\"1200\" border=\"0\" \/><\/p>\n<p>\u201eBeogradski manifest&#8220;, sa kreativnim konceptom predstavljanja destinacija sa svojim sadr\u017eajima, osmi\u0161ljen je kao jedinstveni porodi\u010dni sajam na otvorenom.<\/p>\n<p><img title=\"Kulturno-muzi\u010dki program na sve\u010danom otvaranju \u201eBeogradskog manifesta\u201c\" src=\"\/wp-content\/uploads\/prethodni\/2022\/otvoren_manifest6.jpg\" alt=\"Kulturno-muzi\u010dki program na sve\u010danom otvaranju \u201eBeogradskog manifesta\u201c\" width=\"1200\" border=\"0\" \/><\/p>\n<p>Posjetioci \u0107e do 29. maja mo\u0107i u\u017eivati u festivalskom sadr\u017eaju u 10 zona.<\/p>\n","protected":false},"excerpt":{"rendered":"<p>U Beogradu je ve\u010deras otvoren osmi Festival manifestacija, degustacija i desti-nacija \u201eBeogradski manifest\u201c, na kojem \u0107e turisti\u010dke dragulje i ljepote Republike Srpske u naredna dva dana predstaviti Turisti\u010dka organizacija Srpske. Direktor Turisti\u010dke organizacije Republike Srpske Miodrag Lon\u010darevi\u0107 izjavio je da ova turisti\u010dka godina u Srpskoj po\u010dela obe\u0107avaju\u0107e, s obzirom na to da je u prvih&#8230;<\/p>\n","protected":false},"author":1,"featured_media":3682,"comment_status":"closed","ping_status":"closed","sticky":false,"template":"","format":"standard","meta":[],"categories":[56],"tags":[75],"_links":{"self":[{"href":"https:\/\/predstavnistvorsbg.rs\/sr-Latn\/wp-json\/wp\/v2\/posts\/4851"}],"collection":[{"href":"https:\/\/predstavnistvorsbg.rs\/sr-Latn\/wp-json\/wp\/v2\/posts"}],"about":[{"href":"https:\/\/predstavnistvorsbg.rs\/sr-Latn\/wp-json\/wp\/v2\/types\/post"}],"author":[{"embeddable":true,"href":"https:\/\/predstavnistvorsbg.rs\/sr-Latn\/wp-json\/wp\/v2\/users\/1"}],"replies":[{"embeddable":true,"href":"https:\/\/predstavnistvorsbg.rs\/sr-Latn\/wp-json\/wp\/v2\/comments?post=4851"}],"version-history":[{"count":0,"href":"https:\/\/predstavnistvorsbg.rs\/sr-Latn\/wp-json\/wp\/v2\/posts\/4851\/revisions"}],"wp:featuredmedia":[{"embeddable":true,"href":"https:\/\/predstavnistvorsbg.rs\/sr-Latn\/wp-json\/wp\/v2\/media\/3682"}],"wp:attachment":[{"href":"https:\/\/predstavnistvorsbg.rs\/sr-Latn\/wp-json\/wp\/v2\/media?parent=4851"}],"wp:term":[{"taxonomy":"category","embeddable":true,"href":"https:\/\/predstavnistvorsbg.rs\/sr-Latn\/wp-json\/wp\/v2\/categories?post=4851"},{"taxonomy":"post_tag","embeddable":true,"href":"https:\/\/predstavnistvorsbg.rs\/sr-Latn\/wp-json\/wp\/v2\/tags?post=4851"}],"curies":[{"name":"wp","href":"https:\/\/api.w.org\/{rel}","templated":true}]}}