{"id":4889,"date":"2022-06-17T10:00:35","date_gmt":"2022-06-17T08:00:35","guid":{"rendered":"https:\/\/prs2.profimediagroup.com\/uncategorized-sr-latn\/u-beogradu-predstavljena-knjiga-koja-dokumentuje-etnicko-ciscenje-srba-u-tuzli\/"},"modified":"2023-05-09T19:47:13","modified_gmt":"2023-05-09T17:47:13","slug":"u-beogradu-predstavljena-knjiga-koja-dokumentuje-etnicko-ciscenje-srba-u-tuzli-ltn","status":"publish","type":"post","link":"https:\/\/predstavnistvorsbg.rs\/sr-Latn\/prethodni-dogadjaji-sr-latn\/u-beogradu-predstavljena-knjiga-koja-dokumentuje-etnicko-ciscenje-srba-u-tuzli-ltn\/","title":{"rendered":"U Beogradu predstavljena knjiga koja dokumentuje etni\u010dko \u010di\u0161\u0107enje Srba u Tuzli"},"content":{"rendered":"<p>Beogradu je danas promovisna knjiga \u201eSistematski zlo\u010dini za etni\u010dko \u010di\u0161\u0107enje tuz-lanskih Srba\u201c desetorice autora, koja razotkriva kako je perfidna medijska zloupo-treba dva te\u0161ka zlo\u010dina &#8211; masakriranje pripadnika JNA 15. maja 1992. godine u \u201eTuzlanskoj koloni&#8220; i teroristi\u010dki napad na \u201eTuzlanskoj kapiji&#8220; 25. maja 1995. godine doprinijela da taj grad ostane bez Srba, a ti masovni zlo\u010dini ostanu bez kazne.<\/p>\n<p><img title=\"Govori - dr Zoran Vu\u010dini\u0107\" src=\"\/wp-content\/uploads\/prethodni\/2022\/etn_ciscenje_tuz_srba5.jpg\" alt=\"Govori - dr Zoran Vu\u010dini\u0107\" width=\"1200\" border=\"0\" \/><\/p>\n<p>Jedan od autora <strong>Zoran Vu\u010dini\u0107<\/strong> izjavio je na promociji u Udru\u017eenju novinara Srbije \/UNS\/ da je napad na &#8222;Tuzlansku kolonu&#8220; i vojnike JNA u stvari bio &#8222;akt agresije BiH na SR Jugoslaviju \/SRJ\/&#8220;.<\/p>\n<p><img title=\"Govori - Du\u0161an Milovanovi\u0107\" src=\"\/wp-content\/uploads\/prethodni\/2022\/etn_ciscenje_tuz_srba4.jpg\" alt=\"Govori - Du\u0161an Milovanovi\u0107\" width=\"1200\" border=\"0\" \/><\/p>\n<p>Publicista <strong>Du\u0161an Milovanovi\u0107<\/strong> istakao je da je propaganda dovela do toga da se i danas ne uzimaju u obzir \u010dinjenice o ratnim de\u0161avanjima u Tuzli.<\/p>\n<p><img title=\"Govori - dr Stevo Pa\u0161ali\u0107\" src=\"\/wp-content\/uploads\/prethodni\/2022\/etn_ciscenje_tuz_srba6.jpg\" alt=\"Govori - dr Stevo Pa\u0161ali\u0107\" width=\"1200\" border=\"0\" \/><\/p>\n<p>Demograf <strong>Stevo Pa\u0161ali\u0107<\/strong> naveo podatke o etni\u010dkom \u010di\u0161\u0107enju, o logorima.<br \/>\n&#8211; Logorima smo nazivali sva mjesta gdje su zatvarani civili. Tuzla je imala 16 logora kao grad &#8211;\u00a0rekao je on.<\/p>\n<p><img title=\"Govori - Mla\u0111en Cicovi\u0107, \u0161ef Predstavni\u0161tva R. Srpske u Srbiji\" src=\"\/wp-content\/uploads\/prethodni\/2022\/etn_ciscenje_tuz_srba2.jpg\" alt=\"Govori - Mla\u0111en Cicovi\u0107, \u0161ef Predstavni\u0161tva R. Srpske u Srbiji\" width=\"1200\" border=\"0\" \/><\/p>\n<p><strong>Mla\u0111en Cicovi\u0107<\/strong>, \u0161ef Predstavni\u0161tva Republike Srpske u Srbiji, koje je finansijski i organizaciono podr\u017ealo ovu promociju, rekao je da je dana\u0161nji doga\u0111aj izuzetno va\u017ean jer \u0107e doprinijeti da istina i pravda do\u0111e na mjesto koje joj pripada i predstavlja zna\u010dajan doprinos kulturi sje\u0107anja.<\/p>\n<p>On je naglasio da poseban zna\u010daj knjige \u010dini to \u0161to, pokazuju\u0107i sve srpsko stradanje, svih deset autora po\u0161tuju i \u017ertve na drugoj strani, ne \u017eele\u0107i da ih umanje.<\/p>\n<p>&#8211; Po\u0161tuju\u0107i pro\u0161lost, zna\u0107emo na najbolji na\u010din definisati na\u0161u budu\u0107nost. Srpski narod treba da bude ponosan na svoju pro\u0161lost jer je uvijek bio na strani istine i pravde, a borio se protiv svih po\u0161asti koje su nanosile zlo ljudskom rodu &#8211;\u00a0rekao je Cicovi\u0107.<\/p>\n<p>On je istakao da \u0107e Srbi, njegovanjem kulture sje\u0107anja najbolje uticati na budu\u0107nost i doprinijeti da se ovakvi zlo\u010dini vi\u0161e ne ponavljaju.<\/p>\n<p><img title=\"Govori - Milan Bekan\" src=\"\/wp-content\/uploads\/prethodni\/2022\/etn_ciscenje_tuz_srba3.jpg\" alt=\"Govori - Milan Bekan\" width=\"1200\" border=\"0\" \/><\/p>\n<p>Izdava\u010di knjige \u201eSistematski zlo\u010dini za etni\u010dko \u010di\u0161\u0107enje tuzlanskih Srba\u201c su Zavi-\u010dajno udru\u017eenje Tuzlaka iz Bijeljine i &#8222;Narodna prosveta&#8220; iz Beograda.<\/p>\n<p><img title=\"Na promociji knjige \u201eSistematski zlo\u010dini za etni\u010dko \u010di\u0161\u0107enje tuzlanskih Srba\u201c (Masakriranje kolone pripadnika JNA; \u017divot pod terorom i omrazom; Krvavi Dan mladosti na Tuzlanskoj kapiji)\" src=\"\/wp-content\/uploads\/prethodni\/2022\/etn_ciscenje_tuz_srba7.jpg\" alt=\"Na promociji knjige \u201eSistematski zlo\u010dini za etni\u010dko \u010di\u0161\u0107enje tuzlanskih Srba\u201c (Masakriranje kolone pripadnika JNA; \u017divot pod terorom i omrazom; Krvavi Dan mladosti na Tuzlanskoj kapiji)\" width=\"1200\" border=\"0\" \/><\/p>\n<p>Autori knjige su Milan Bekan, Luka Nikoli\u0107, Vitomir Pavlovi\u0107, Ostoja Mini\u0107, Du\u0161an Milovanovi\u0107, Zoran Vu\u010dini\u0107, Pero Spasojevi\u0107, Jovo Baji\u0107, pukovnik Branislav Glu\u0161ica i Stevo Pa\u0161ali\u0107.<\/p>\n","protected":false},"excerpt":{"rendered":"<p>Beogradu je danas promovisna knjiga \u201eSistematski zlo\u010dini za etni\u010dko \u010di\u0161\u0107enje tuz-lanskih Srba\u201c desetorice autora, koja razotkriva kako je perfidna medijska zloupo-treba dva te\u0161ka zlo\u010dina &#8211; masakriranje pripadnika JNA 15. maja 1992. godine u \u201eTuzlanskoj koloni&#8220; i teroristi\u010dki napad na \u201eTuzlanskoj kapiji&#8220; 25. maja 1995. godine doprinijela da taj grad ostane bez Srba, a ti masovni&#8230;<\/p>\n","protected":false},"author":1,"featured_media":3694,"comment_status":"closed","ping_status":"closed","sticky":false,"template":"","format":"standard","meta":[],"categories":[56],"tags":[75],"_links":{"self":[{"href":"https:\/\/predstavnistvorsbg.rs\/sr-Latn\/wp-json\/wp\/v2\/posts\/4889"}],"collection":[{"href":"https:\/\/predstavnistvorsbg.rs\/sr-Latn\/wp-json\/wp\/v2\/posts"}],"about":[{"href":"https:\/\/predstavnistvorsbg.rs\/sr-Latn\/wp-json\/wp\/v2\/types\/post"}],"author":[{"embeddable":true,"href":"https:\/\/predstavnistvorsbg.rs\/sr-Latn\/wp-json\/wp\/v2\/users\/1"}],"replies":[{"embeddable":true,"href":"https:\/\/predstavnistvorsbg.rs\/sr-Latn\/wp-json\/wp\/v2\/comments?post=4889"}],"version-history":[{"count":0,"href":"https:\/\/predstavnistvorsbg.rs\/sr-Latn\/wp-json\/wp\/v2\/posts\/4889\/revisions"}],"wp:featuredmedia":[{"embeddable":true,"href":"https:\/\/predstavnistvorsbg.rs\/sr-Latn\/wp-json\/wp\/v2\/media\/3694"}],"wp:attachment":[{"href":"https:\/\/predstavnistvorsbg.rs\/sr-Latn\/wp-json\/wp\/v2\/media?parent=4889"}],"wp:term":[{"taxonomy":"category","embeddable":true,"href":"https:\/\/predstavnistvorsbg.rs\/sr-Latn\/wp-json\/wp\/v2\/categories?post=4889"},{"taxonomy":"post_tag","embeddable":true,"href":"https:\/\/predstavnistvorsbg.rs\/sr-Latn\/wp-json\/wp\/v2\/tags?post=4889"}],"curies":[{"name":"wp","href":"https:\/\/api.w.org\/{rel}","templated":true}]}}