{"id":4891,"date":"2022-06-30T00:00:05","date_gmt":"2022-06-29T22:00:05","guid":{"rendered":"https:\/\/prs2.profimediagroup.com\/uncategorized-sr-latn\/priznanja-za-vise-od-600-najboljih-maturanata-iz-srpske-i-srbije\/"},"modified":"2023-05-09T19:41:54","modified_gmt":"2023-05-09T17:41:54","slug":"priznanja-za-vise-od-600-najboljih-maturanata-iz-srpske-i-srbije-ltn","status":"publish","type":"post","link":"https:\/\/predstavnistvorsbg.rs\/sr-Latn\/prethodni-dogadjaji-sr-latn\/priznanja-za-vise-od-600-najboljih-maturanata-iz-srpske-i-srbije-ltn\/","title":{"rendered":"Priznanja za vi\u0161e od 600 najboljih maturanata iz Srpske i Srbije"},"content":{"rendered":"<p><strong>Fondacija prestolonasljednika Aleksandra Kara\u0111or\u0111evi\u0107a<\/strong> za obrazovanje i kulturu nagradila je i ove godine vi\u0161e od 600 najboljih maturanata iz Srbije i Republike Srpske za izuzetne rezultate postignute u srednjoj \u0161koli i povodom toga danas je odr\u017eana onlajn ceremonija dodjele priznanja.<\/p>\n<p><img title=\"Natalija Trivi\u0107, ministar prosvjete i kulture R. Srpske\" src=\"\/wp-content\/uploads\/prethodni\/2022\/nagrade_njkv2.jpg\" alt=\"Natalija Trivi\u0107, ministar prosvjete i kulture R. Srpske\" width=\"1200\" border=\"0\" \/><\/p>\n<p>Ministar prosvjete i kulture Republike Srpske <strong>Natalija Trivi\u0107<\/strong> izjavila je povodom toga da snaga sabrana u znanju, vje\u0161tinama i savremenoj umje\u0161nosti budu\u0107ih generacija predstavlja snagu dru\u0161tva danas i u budu\u0107nosti.<\/p>\n<p>Trivi\u0107eva je izrazila uvjerenje da nagra\u0111eni u\u010denici, osim roditeljima i starateljima, zahvalnost duguju i profesorima koji su nezaobilazna i \u010desto najva\u017enija karika na putu njihovog uspjeha i napretka tokom \u0161kolovanja, te stoga zaslu\u017euju njenu i zahvalnost Ministarstva prosvjete i kulture Srpske.<\/p>\n<p>\u201eProcesom reforme svih nivoa obrazovanja u Srpskoj u\u010dinili smo zna\u010dajne pomake u smislu unapre\u0111enja vaspitno-obrazovnog procesa, te pobolj\u0161anja kvaliteta rada sa u\u010denicima i usvajanja znanja, \u010dime smo ponosni, \u0161to jasno odre\u0111uje na\u0161u opredijeljenost da u tom smjeru nastavimo, grade\u0107i tako i \u010dvrste temelje za njihovu sigurnu budu\u0107nost u Republici Srpskoj, odnosno Srbiji&#8220;, naglasila je Trivi\u0107eva.<\/p>\n<p>Ona je sve ove pametne mlade ljude pozvala da svoje izuzetne potencijale i vje\u0161tine ispoljavaju grade\u0107i karijere u svojoj zemlji, jer su za njenu svijetlu budu\u0107nost i prosperitet najvredniji garant.<\/p>\n<p><img title=\"Branko Ru\u017ei\u0107, ministar prosvjete, nauke i tehnolo\u0161kog razvoja Srbije\" src=\"\/wp-content\/uploads\/prethodni\/2022\/nagrade_njkv3.jpg\" alt=\"Branko Ru\u017ei\u0107, ministar prosvjete, nauke i tehnolo\u0161kog razvoja Srbije\" width=\"1200\" border=\"0\" \/><\/p>\n<p>Ministar prosvjete, nauke i tehnolo\u0161kog razvoja Srbije <strong>Branko Ru\u017ei\u0107<\/strong> zahvalio je NJegovom kraljevskom viso\u010danstvu prestolonasljedniku Aleksandru i Fondaciji za obrazovanje i kulturu \u0161to su prepoznali na\u010din na koji je potrebno trasirati put najboljih me\u0111u sjajnim \u0111acima koje imaju Srbija i Srpska.<\/p>\n<p>On je istakao da je iza nagra\u0111enih u\u010denika 12 godina velikog rada i u\u010denja, a put koji predstoji je veliki i te\u017eak.<\/p>\n<p>\u201eSvojim rezultatima svrstali ste se u najja\u010de snage koje imaju Srbija i Republika Srpska&#8220;, naglasio je Ru\u017ei\u0107 i dodao da je veliko zadovoljstvo biti u prisustvu najboljih u\u010denika koje imaju Srbija i Republika Srpska.<\/p>\n<p><img title=\"NJ.K.V. Prestolonaslednik Aleksandar Kara\u0111or\u0111evi\u0107\" src=\"\/wp-content\/uploads\/prethodni\/2022\/nagrade_njkv4.jpg\" alt=\"NJ.K.V. Prestolonaslednik Aleksandar Kara\u0111or\u0111evi\u0107\" width=\"1200\" border=\"0\" \/><\/p>\n<p><strong>Prestolonasljednik Aleksandar<\/strong> poru\u010dio je nagra\u0111anim u\u010denicima da su oni budu\u0107nost Srbije i Republike Srpske, koje samo znanjem mogu da napreduju i da se razvijaju.<\/p>\n<p>On je zahvalio Ministarstvu prosvjete i kulture Republike Srpske, Ministarstvu prosvjete, nauke i tehnolo\u0161kog razvoja Srbije, kompaniji NCR i Link grupi na podr\u0161ci i \u0161to su prepoznali zna\u010daj ovog projekta.<\/p>\n<p>Princ Aleksandar podsjetio je da je i ove i prethodne godine sve\u010danost organizovana onlajn, te izrazio nadu da \u0107e maturanti od sljede\u0107e godine ponovo dolaziti ovim povodom u Beli dvor.<\/p>\n<p>Predstavni\u0161tvo Republike Srpske u Srbiji je u saradnji sa Ministarstvom prosvjete i kulture Republike Srpske i ove godine organizovalo u\u010de\u0161\u0107e najboljih maturanata srednjih \u0161kola iz Republike Srpske na ovoj manifestaciji.<\/p>\n<p><img title=\"Pohvalnice i pokloni, zbog epidemiolo\u0161kih mjera, bi\u0107e poslati u\u010denicima na adrese njihovih \u0161kola i uru\u010deni od strane predstavnika \u0161kola\" src=\"\/wp-content\/uploads\/prethodni\/2022\/nagrade_njkv5.jpg\" alt=\"Pohvalnice i pokloni, zbog epidemiolo\u0161kih mjera, bi\u0107e poslati u\u010denicima na adrese njihovih \u0161kola i uru\u010deni od strane predstavnika \u0161kola\" width=\"1200\" border=\"0\" \/><\/p>\n","protected":false},"excerpt":{"rendered":"<p>Fondacija prestolonasljednika Aleksandra Kara\u0111or\u0111evi\u0107a za obrazovanje i kulturu nagradila je i ove godine vi\u0161e od 600 najboljih maturanata iz Srbije i Republike Srpske za izuzetne rezultate postignute u srednjoj \u0161koli i povodom toga danas je odr\u017eana onlajn ceremonija dodjele priznanja. Ministar prosvjete i kulture Republike Srpske Natalija Trivi\u0107 izjavila je povodom toga da snaga sabrana&#8230;<\/p>\n","protected":false},"author":1,"featured_media":3698,"comment_status":"closed","ping_status":"closed","sticky":false,"template":"","format":"standard","meta":[],"categories":[56],"tags":[75],"_links":{"self":[{"href":"https:\/\/predstavnistvorsbg.rs\/sr-Latn\/wp-json\/wp\/v2\/posts\/4891"}],"collection":[{"href":"https:\/\/predstavnistvorsbg.rs\/sr-Latn\/wp-json\/wp\/v2\/posts"}],"about":[{"href":"https:\/\/predstavnistvorsbg.rs\/sr-Latn\/wp-json\/wp\/v2\/types\/post"}],"author":[{"embeddable":true,"href":"https:\/\/predstavnistvorsbg.rs\/sr-Latn\/wp-json\/wp\/v2\/users\/1"}],"replies":[{"embeddable":true,"href":"https:\/\/predstavnistvorsbg.rs\/sr-Latn\/wp-json\/wp\/v2\/comments?post=4891"}],"version-history":[{"count":0,"href":"https:\/\/predstavnistvorsbg.rs\/sr-Latn\/wp-json\/wp\/v2\/posts\/4891\/revisions"}],"wp:featuredmedia":[{"embeddable":true,"href":"https:\/\/predstavnistvorsbg.rs\/sr-Latn\/wp-json\/wp\/v2\/media\/3698"}],"wp:attachment":[{"href":"https:\/\/predstavnistvorsbg.rs\/sr-Latn\/wp-json\/wp\/v2\/media?parent=4891"}],"wp:term":[{"taxonomy":"category","embeddable":true,"href":"https:\/\/predstavnistvorsbg.rs\/sr-Latn\/wp-json\/wp\/v2\/categories?post=4891"},{"taxonomy":"post_tag","embeddable":true,"href":"https:\/\/predstavnistvorsbg.rs\/sr-Latn\/wp-json\/wp\/v2\/tags?post=4891"}],"curies":[{"name":"wp","href":"https:\/\/api.w.org\/{rel}","templated":true}]}}