{"id":4892,"date":"2022-07-01T10:00:56","date_gmt":"2022-07-01T08:00:56","guid":{"rendered":"https:\/\/prs2.profimediagroup.com\/uncategorized-sr-latn\/odrzana-tribina-srpska-i-srbija-u-pozadini-globalnog-sukoba-u-ukrajini\/"},"modified":"2023-05-09T19:42:00","modified_gmt":"2023-05-09T17:42:00","slug":"odrzana-tribina-srpska-i-srbija-u-pozadini-globalnog-sukoba-u-ukrajini-ltn","status":"publish","type":"post","link":"https:\/\/predstavnistvorsbg.rs\/sr-Latn\/prethodni-dogadjaji-sr-latn\/odrzana-tribina-srpska-i-srbija-u-pozadini-globalnog-sukoba-u-ukrajini-ltn\/","title":{"rendered":"Odr\u017eana tribina &#8222;Srpska i Srbija u pozadini globalnog sukoba u Ukrajini&#8220;"},"content":{"rendered":"<p>U organizaciji informativno-politi\u010dkih portala \u201eSve o Srpskoj\u201c i \u201eFakti\u201c i uz podr\u0161ku Predstavni\u0161tva Republike Srpske u Srbiji, u \u010detvrtak, 30. juna, u beogradskom Pres centru UNS-a, uz u\u010de\u0161\u0107e analiti\u010dara iz Republike Srpske i Srbije, odr\u017eana je tribina na temu \u201eSrpska i Srbija u pozadini globalnog sukoba u Ukrajini\u201c.<\/p>\n<p>Na tribini su govorili Nenad Kecmanovi\u0107, Dragomir An\u0111elkovi\u0107, Predrag \u0106erani\u0107, Aleksandar Pavi\u0107, \u017deljko Budimir, Milomir Stepi\u0107, Sini\u0161a LJepojevi\u0107, Du\u0161an Pro-rokovi\u0107, Sr\u0111an Peri\u0161i\u0107 i \u0110uro Bilbija, a pozdravnu rije\u010d u ime organizatora i Pred-stavni\u0161tva Republike Srpske u Srbiji odr\u017eao je \u0161ef Predstavni\u0161tva Mla\u0111en Cicovi\u0107.<\/p>\n<p><img title=\"Mla\u0111en Cicovi\u0107, \u0161ef Predstavni\u0161tva R. Srpske u Srbiji\" src=\"\/wp-content\/uploads\/prethodni\/2022\/tr_srbija_srpska_ukrajina2.jpg\" alt=\"Mla\u0111en Cicovi\u0107, \u0161ef Predstavni\u0161tva R. Srpske u Srbiji\" width=\"1200\" border=\"0\" \/><\/p>\n<p>\u201eU slu\u010daju ukrajinske krize niko nema prava da od Srbije i Republike Srpske tra\u017ei da djeluju protiv svojih interesa, a srpskom narodu sada je sloga najpotrebnija, posebno kada je napadnuta sa svih strana&#8220;, poru\u010dio je \u0161ef Predstavni\u0161tva Republike Srpske u Srbiji <strong>Mla\u0111en Cicovi\u0107<\/strong>.<\/p>\n<p>Cicovi\u0107 je ocijenio da Republika Srpska i Srbija jedino principijelnim stavom u od-nosu na krizu u Ukrajini mogu da se sa\u010duvaju od spoljnih i unutra\u0161njih pritisaka, bar za neko vrijeme.<\/p>\n<p>\u201eVa\u017eno je ista\u0107i da na tom putu moramo i valja istrajati\u201c, naglasio je Cicovi\u0107.<\/p>\n<p>On je rekao da Srbija i Srpska nisu, ne mogu i ne smiju, ni najmanjom nesmotreno\u0161\u0107u, u\u010diniti bilo \u0161ta protiv svoje politi\u010dke i vojne neutralnosti, jer bi tako postale strane u sukobu koji nije njihov.<\/p>\n<p>\u201eSamo principijelnim stavom Republike Srpske i Srbije \u2013 i Evropa i Rusija, mogu\u0107e je pomiriti ekonomske i politi\u010dke interese \u2013 saradnju sa EU i istovremeno saradnju sa Rusijom sa kojom dijelimo duhovne, kulturne, istorijske i druge vrijednosti\u201c, rekao je Cicovi\u0107.<\/p>\n<p>Uz podsje\u0107anje da je jedna od teza za ovu tribinu i &#8222;Kako (od)braniti interese Srpske i Srbije do okon\u010danja globalne igre u Ukrajini?&#8220;, Cicovi\u0107 je napomenuo da je u narodnim i dr\u017eavnim poslovima uvijek bilo i bi\u0107e posebno va\u017eno o\u010duvanje slobode, naroda i teritorije, imati politi\u010dku i vojnu samostalnost, kao i iskrene prijatelje u svijetu.<\/p>\n<p>\u201eTo su interesi i Republike Srpske i Srbije, uvijek pa i sada kad ih politi\u010dki Zapad napada i \u010de\u0161\u0107e, i o\u0161trije, pa ih tako (\u010de\u0161\u0107e i o\u0161trije) valja i braniti \u2013 ne samo do okon\u010danja globalne igre u Ukrajini, jer \u0107e i poslije toga i te kako biti potrebe za tim, kao \u0161to je bilo i prije doga\u0111aja u Ukrajini\u201c, rekao je on.<\/p>\n<p>U svemu tome, ka\u017ee Cicovi\u0107, Srbija i Republika Srpska, svaka na svoj na\u010din i u svom obimu, a i zajedno, mogu na\u0107i na\u010dina da pro\u0111u bez ve\u0107ih politi\u010dkih gubitaka i da po svaku cijenu ne dozvole da postanu kolateralna gre\u0161ka, bilo \u010dija.<\/p>\n<p>\u201eU tome nam, mo\u017eda vi\u0161e nego i\u0161ta drugo, mo\u017ee pomo\u0107i svesrpsko jedinstvo, osje\u0107anje iskrenog i dubokog uvjerenja svih nas da je srpski prostor sa dvije strane Drine jedan prostor, jedan u jeziku, vjeri, istoriji, tradiciji, kulturi, nacionalnim interesima, pa i budu\u0107nosti\u201c, naveo je Cicovi\u0107.<\/p>\n<p>Dodao je da staroj krilatici \u201eSamo sloga Srbe spasava\u201c jo\u0161 nije isteklo vrijeme i podvukao da bi prije rekao da je \u201esloga najpotrebnija sada kad je napadnuta sa svih strana\u201c.<\/p>\n<p>On je dodao da proevropsko opredjeljenje Srbije i Srpske ne zna\u010di, da su protiv Rusije i da su spremne da, zarad \u201eevropskog puta\u201c, u\u010dine bilo \u0161ta na \u0161tetu suvereniteta svojih dr\u017eava.<\/p>\n<p>Cicovi\u0107 je izrazio nadu da \u0107e sve ono \u0161to se ka\u017ee na ovoj tribini istovremeno doprinijeti i svesrpskom jedinstvu, slozi i punom zajedni\u0161tvu.<\/p>\n<p><img title=\"Nenad Kecmanovi\u0107, politikolog\" src=\"\/wp-content\/uploads\/prethodni\/2022\/tr_srbija_srpska_ukrajina3.jpg\" alt=\"Nenad Kecmanovi\u0107, politikolog\" width=\"1200\" border=\"0\" \/><\/p>\n<p>U izlaganju na temu \u201eKako sa\u010duvati neutralnost\u201c politikolog <strong>Nenad Kecmanovi\u0107<\/strong> je rekao da se oslonac srpske neutralnosti nalazi u Rusiji i da zato susret srpskog \u010dlana Predsjedni\u0161tva BiH Milorada Dodika sa ruskim predsjednikom Vladimirom Putinom \u201epredstavlja veliko ohrabrenje za obje srpske zemlje \u2013 Republiku Srpsku i Srbiju\u201c.<\/p>\n<p>Kecmanovi\u0107 je rekao da \u201eniko danas ne osporava da \u0107e Rusija i Kina pobijediti, da je ameri\u010dka mo\u0107 u opadanju i da je EU u propadanju, kao i da SAD vi\u0161e ne prednja\u010de, nego spre\u010davaju druge da napreduju\u201c.<\/p>\n<p>\u201eU tom kontekstu i mi treba da projektujemo na\u0161u politiku i politi\u010dku neutralnost\u201c, istakao je Kecmanovi\u0107.<\/p>\n<p>Sva ispitivanja javnog mnjenja, tvrdi\u00a0 Kecmanovi\u0107 \u00a0\u201epokazuju da je u Srbiji i Srpskoj narod u vrlo visokom procentu oko 80 odsto protiv sankcija Rusiji, a da je podr\u0161ka evrointegracijama na istorijskom minimumu od 35 odsto\u201c.<\/p>\n<p>Kecmanovi\u0107 je ocijenio da \u0107e vlasti u Srpskoj i Srbiji imati i unutra\u0161nji otpor neutralnosti, kao i da Zapadu, na meniju pritisaka, ostaje \u201edivide et impera\u201c, odnosno \u201ebacanje kostiju\u201c izme\u0111u Srpske i Srbije i konstruisanje nekog rivaliteta izme\u0111u predsjednika Srbije Aleksandra Vu\u010di\u0107a i Dodika.<\/p>\n<p>On je naveo da je Moskva navela \u201esankcije\u201c kao \u201ecrvenu liniju\u201c prijateljstva, \u201ekoje nisu Rusiji uvele ni Srbija, ali ni BiH, jer Dodik blokira da ih uvede\u201c.<\/p>\n<p><img title=\"Dragomir An\u0111elkovi\u0107, politi\u010dki analiti\u010dar\" src=\"\/wp-content\/uploads\/prethodni\/2022\/tr_srbija_srpska_ukrajina4.jpg\" alt=\"Dragomir An\u0111elkovi\u0107, politi\u010dki analiti\u010dar\" width=\"1200\" border=\"0\" \/><\/p>\n<p>Politi\u010dki analiti\u010dar <strong>Dragomir An\u0111elkovi\u0107<\/strong> je u izlaganju pod naslovom \u201eUkrajinska kriza i Srbi:\u00a0 izme\u0111u promi\u0161ljene odbrane vitalnih interesa i nacionalnog defetizma\u201c rekao da mi, Srbi moramo da budemo racionalni i da za nas nije \u201eput ekstremizma i guranja prsta u oko Zapadu\u201c jer, kako je rekao, Zapad \u017eeli da postigne ovdje svoje ciljeve po maloj cijeni.<\/p>\n<p>\u201eNe \u017eeli veliki sukob. Ako mu damo ono \u0161to tra\u017ei, bi\u0107e zadovoljan, a ako mu ne damo, ali ga ne revoltiramo, siguran sam da ne\u0107e krenuti na nas \u0111onom\u201c, rekao je An\u0111elkovi\u0107.<\/p>\n<p>Dodao je da je Republika Srpska na\u0161la tu mjeru \u2013 odupire se, ne da ono \u0161to je bitno, ali sa druge strane pokazuje spremnost na kompromis po onim pitanjima koja bi mogla da zadovolje odre\u0111ene centre mo\u0107i na Zapadu.<\/p>\n<p>\u201eSa druge strane, Srbija na\u017ealost vrlo \u010desto popu\u0161ta previ\u0161e, pona\u0161a se u nekim segmentima nacionalno defitisti\u010dki i to mo\u017eemo da vidimo kroz \u010ditav proces briselskog pregovaranja\u201c, rekao je An\u0111elkovi\u0107.<\/p>\n<p>Prema An\u0111elkovi\u0107u radi se o politici koja, navodno, radi sumnjivih EU perspektiva Srbije, u globalno turbulentnim okolnostima kada je definitivno jasno da su one nerealne \u2013 vodi ka uru\u0161avanju i ono malo preostalih srpskih pozicija na Kosovu i Metohiji, a djelimi\u010dno se i negativno odra\u017eava na polo\u017eaj Republike Srpske.<\/p>\n<p>\u201eMi Srbi treba da radimo celovito, racionalno, gde jedni pokazuju ve\u0107i hrabrost, a drugi ve\u0107u odmerenost, ali smo deo istog bloka. Ono \u0161to radi Republika Srpska, ako racionalno posmatramo stvari, to je test za srpstvo u celini\u201c, rekao je on.<\/p>\n<p>An\u0111elkovi\u0107 smatra da srpska patriotska javnost mora biti mnogo aktivnija i da Srpsku gra\u0111ani Srbije do\u017eivljavaju kao Ni\u0161 ili Novi Sad i Beograd.<\/p>\n<p><img title=\"Predrag \u0106erani\u0107, dekan banjalu\u010dkog Fakulteta bezbjednosnih nauka\" src=\"\/wp-content\/uploads\/prethodni\/2022\/tr_srbija_srpska_ukrajina5.jpg\" alt=\"Predrag \u0106erani\u0107, dekan banjalu\u010dkog Fakulteta bezbjednosnih nauka\" width=\"1200\" border=\"0\" \/><\/p>\n<p>Dekan banjalu\u010dkog Fakulteta bezbjednostnih nauka <strong>Predrag \u0106erani\u0107<\/strong> je u izlaganju na temu \u201eUkrajinska kriza i Zatvoreni Balkan\u201c rekao je da inicijativa \u00a0\u201eOtvoreni Balkan&#8220;, prema njegovom mi\u0161ljenju zna\u010di \u201ezatvoreni Balkan\u201c, jer je rije\u010d o prostoru koji je otvoren kada su u pitanju zemlje obuhva\u0107ene ovim politi\u010dkim pojmom, ali je potpuno zatvoren za EU, za Rusiju, Kinu i sve \u0161to dolazi sa Istoka.<\/p>\n<p>\u201eTo je uvezena pamet kako bi se stvorio jedan prostor koji nije po\u017eeljan u EU, ali se ne dozvoljava tim zemljama da podlegnu, ako se ka\u017ee, ruskom i kineskom uticaju\u201c, rekao je \u0106erani\u0107.<\/p>\n<p>Navode\u0107i da nije protiv ideje \u201eOtvorenog Balkana\u201c u ekonomskom smislu, on je skrenuo pa\u017enju da bi taj \u201eOtvoreni Balkan\u201c, po ugledu na EU, imao neke svoje institucije, i da onda ni Srbija ni Srpska ne\u0107e mo\u0107i da rade po svome, nego shodno usagla\u0161avanju i dogovoru.<\/p>\n<p>On \u00a0je istakao da treba biti svjestan da je svaki ustupak na u\u0161trb suverenitete vlastite zemlje radi evropskog puta, evrointegracija itd. samo gubitak, navode\u0107i primjer Makedonije.<\/p>\n<p>\u201eEklatantan primjer\u00a0 je Makedonija, sada Sjeverna, koja se odrekla i imena radi puta u EU, a dobila je samo \u010dlanstvo u NATO\u201c, rekao je \u0106erani\u0107.<\/p>\n<div>\u0106erani\u0107 je istakao da je principijelan, nedvosmislen stav u pogledu ukrajinske krize, o\u010duvao je Republiku Srpsku od spoljnih i unutra\u0161njih pritisaka i da na tom putu treba i ostati.<\/div>\n<p><img title=\"Aleksandar Pavi\u0107, politikolog\" src=\"\/wp-content\/uploads\/prethodni\/2022\/tr_srbija_srpska_ukrajina6.jpg\" alt=\"Aleksandar Pavi\u0107, politikolog\" width=\"1200\" border=\"0\" \/><\/p>\n<p>Politikolog <strong>Aleksandar Pavi\u0107<\/strong> je u izlaganju na temu \u201eSrpska izme\u0111u otvorenih vrata Sankt Peterburga i zalupljenih vrata Brisela\u201c istakao da Srpska i srpski narod u cjelini ne treba nikom da se izvinjavaju kad se okre\u0107u ka onima koji ih bezuslovno prihvataju i nude im ne samo ekonomski napredak ve\u0107 i sigurno pre\u017eivljavanje.<\/p>\n<p>\u201eIzbor koji je napravio i srpski \u010dlan Predsjedni\u0161tva BiH \u0161to je oti\u0161ao u Sankt Peterburg ne samo da je hrabar, nego i prakti\u010dan, zato \u0161to sa takvim izborom mi smo u igri, mi imamo \u0161ansu da se izborimo, da se izvu\u010demo\u201c, istakao je \u00a0Aleksandar Pavi\u0107.<\/p>\n<p>On je podsjetio na Dodikove rije\u010di da Srpska ne\u0107e u\u010destvovati u sankcijama protiv Rusije, jer su Rusi prijatelji, kao i da ministar komunikacija i transporta u Savjetu ministara Vojin Mitrovi\u0107 ju\u010de nije htio da potpi\u0161e jedan evropski sporazum o infrastrukturi u Podunavlju, zato \u0161to je unesena klauzula o ruskoj agresiji u Ukrajini.<\/p>\n<p>\u201eDodik je bio jedini lider iz Evrope u Sankt Peterburgu, gde su potpisani ugovori vredni 100 milijardi dolara pravog novca\u201c, rekao je Pavi\u0107.<\/p>\n<p>On je podsjetio da je Dodika u Sankt Peterburgu primio Vladimir Putin, predsjednik Rusije \u2013 najja\u010de nuklearne sile u svijetu i stalne \u010dlanice Savjeta bezbjednosti UN, kao i ministar spoljnih poslova Sergej Lavrov, dok Brisel ne\u0107e da BiH pru\u017ei ni simboli\u010dnu kandidaturu.<\/p>\n<p>On je rekao da Zapad nikada nije dao Srbima neku po\u0161tenu ponudu, kao na primjer da \u0107e da vrate Kosovo ako u\u0111u u NATO ili u EU, nego samo da treba da slu\u0161aju i da prate EU, \u201eda se manje tu\u0161iraju, griju\u201c.<\/p>\n<p>\u201eNe. Vi treba da date Kosovo, ali i dalje da ostanete u \u010dekaonici, da date Republiku Srpsku, da je podrijete i ru\u0161ite njenu vlast, a zauzvrat \u0107ete dobiti \u2013 kako drugima u Evropi, tako i nama\u201c, rekao je Pavi\u0107.<\/p>\n<p>On smatra da je Dodik jasno rekao u ime svih Srba da 85 odsto \u010dovje\u010danstva nije uvelo sankcije Rusiji i da je ekonmska perspektiva na Istoku, a ne na porobljenom zapadu i njegovim satelitima.<\/p>\n<p>Pavi\u0107 je rekao da je velika stvar to \u0161to Srbija ipak nije uvela sankcije Rusiji.<\/p>\n<p>\u201eMi prisustvujemo ne samo u globalnoj, nego i u srpskoj istoriji jo\u0161 jednoj svetloj stranici koja ne sme da bude ukaljana ni na koji na\u010din. Treba da se dr\u017eimo uprkos svim pritiscima. Narod ne\u0107e sankcije Rusiji\u201c, rekao je Pavi\u0107, navode\u0107i da istra\u017eivanja pokazuju da u srpskom narodu raste podr\u0161ka Rusiji, a opada EU.<\/p>\n<p>On je naveo da je \u201emeka mo\u0107\u201c Srba zbog takvog dr\u017eanja stra\u0161no porasla u Rusiji, Kini, gdje se zna da postoji jedan malobrojni narod koji se dr\u017ei u okru\u017eenju onih koji su bukvalno kleknuli na koljena.<\/p>\n<p>Pavi\u0107 smatra da, kakva god bila takti\u010dka neslaganja me\u0111u Srbima, taj stav treba odr\u017eati.<\/p>\n<p>\u201ePrisustvujemo jednom istorijskom vremenu da sutra mo\u017eemo da se ponosimo time kako su se Srbi pona\u0161ali\u201c, rekao je Pavi\u0107.<\/p>\n<p><img title=\"\u017deljko Budimir, profesor na Fakultetu politi\u010dkih nauka u Banjaluci\" src=\"\/wp-content\/uploads\/prethodni\/2022\/tr_srbija_srpska_ukrajina7.jpg\" alt=\"\u017deljko Budimir, profesor na Fakultetu politi\u010dkih nauka u Banjaluci\" width=\"1200\" border=\"0\" \/><\/p>\n<p>Profesor na Fakultetu politi\u010dkih nauka u Banjaluci <strong>\u017deljko Budimir<\/strong> je u izlaganju na temu \u201e(Re)militarizacija Evropske unije\u201c ocijenio da Beograd i Banjaluka za sada imaju dobru politiku \u0161to se ti\u010de ukrajinske krize, da nisu direktno konfrontirani i nisu dio pakta protiv Rusije, niti su uveli sankcije Rusiji.<\/p>\n<p>Navode\u0107i da \u0107e se ekonomske posljedice ukrajinskog rata osjetiti, on je rekao da Srbija i Srpska moraju da obezbijede dovoljno hrane za naredni period i da je Republika Srpska, koja ne koristi gas, ozbiljan proizvo\u0111a\u010d struje, pa \u0107e mo\u0107i da premosti energetsku krizu.<\/p>\n<p>Budimir je ocijenio da Srbija i Srpska moraju da posmatraju EU kao stranu u ratu i da je pitanje vojne neutralnosti sada sve zna\u010dajnije, kao i da djeluju zajedno da bi zadr\u017eale politiku u svom nacionalnom interesu i ostale van procesa vazalizacije.<\/p>\n<p>\u201eOko strate\u0161kih pitanja koja su i sada ostvarena bez puno razlika moramo djelovati zajedno. Srpska ne mo\u017ee da zadr\u017ei politiku vojne neutralnosti, ako je ne zadr\u017ei i Srbija. I Srbiji je lak\u0161e, ako je Srpska na istom putu\u201c, rekao je Budimir.<\/p>\n<p>On je naveo da bi pristanak Srpske na integracije u EU i NATO zna\u010dio da Republika Srpska de fakto i de jure i na svaki drugi na\u010din prestaje da postoji.<\/p>\n<p>Budimir je ocijeno da SAD vi\u0161e nisu jedini globalni igra\u010d, a da se EU sada dodatno militarizuje, odnosno remilitarizuje kroz vazalizaciju Evrope, koja sada de fakto ratuje protiv Rusije, kao i kroz ubrzano ja\u010danje vojne mo\u0107i starih \u010dlanica EU, kao \u0161to je NJema\u010dka.<\/p>\n<p>On je dodao da se sada mo\u017ee o\u010dekivati sve sna\u017eniji pritisak Nijemaca na ove prostore, koje su smatrali oduvijek svojom sferom.<\/p>\n<p><img title=\"Milomir Stepi\u0107, nau\u010dni savjetnik Instituta za politi\u010dke studije\" src=\"\/wp-content\/uploads\/prethodni\/2022\/tr_srbija_srpska_ukrajina8.jpg\" alt=\"Milomir Stepi\u0107, nau\u010dni savjetnik Instituta za politi\u010dke studije\" width=\"1200\" border=\"0\" \/><\/p>\n<p>Nau\u010dni savjetnik u Institutu za evropske studije <strong>Milomir Stepi\u0107<\/strong> je u izlaganju na temu \u201ePromena granica kao rusko-ukrajinski epilog: balkanska dimenzija\u201c ukauzao na to da u ovom izazovnom vremenu Srbi moraju da znaju \u0161ta ho\u0107e, jer jo\u0161 ne postoji adekvatno srpsko razumijevanje o tome da su sada\u0161nje granice na Balkanu u samom korijenu nacionalnog pitanja i da \u0107e mogu\u0107nosti za njihovo redefinisanje direktno zavisiti od ishoda sukoba u Ukrajini.<\/p>\n<p>Prema njegovim rije\u010dima, ako je mogu\u0107a promjena granica u Ukrajini, o \u010demu se sve \u010de\u0161\u0107e govori i na Zapadu, postavlja se pitanje za\u0161to to ne bi bila mogu\u0107nost i u nekom drugom slu\u010daju, na primjer balkanskom.<\/p>\n<p>\u201ePokazalo se da su postjugoslovenske granice atlantisti\u010dki unipolarni projekat i da su dugoro\u010dno neodr\u017eive, nabijene konfliktnim potencijalom, kao i da su izvor regionalne nestabilnosti, pa su sa srpskog stanovi\u0161ta nepovoljne. NJihova promena u novim geopoliti\u010dkim okolnostima je nu\u017ena i trebalo bi je predstaviti kao logi\u010dnu i ostvarljivu\u201c, ocijenio je Stepi\u0107.<\/p>\n<p><img title=\"Sini\u0161a LJepojevi\u0107, novinar i publicista\" src=\"\/wp-content\/uploads\/prethodni\/2022\/tr_srbija_srpska_ukrajina9.jpg\" alt=\"Sini\u0161a LJepojevi\u0107, novinar i publicista\" width=\"1200\" border=\"0\" \/><\/p>\n<p>Novinar i publicista <strong>Sini\u0161a LJepojevi\u0107 <\/strong>je i izlaganju pod nanjslovom \u201e\u0160ta poslije Ukrajine?\u201c rekao da u me\u0111unarodnim odnosima nakon ukrajinske krize vi\u0161e ni\u0161ta ne\u0107e biti isto i da se mijenja bezbjednosna arhitektura Evrope, kao i da procesi otvoreni uslijed te krize stvaraju \u0161iri i mnogo kreativniji prostor za odbranu srpskih dr\u017eavnih i nacionalnih interesa.<\/p>\n<p>On je ocijenio da EU, koja je sebe proglasila za nosioca te arhitekture vi\u0161e nema nikakav autoritet, a tokom krize u Ukrajini je izvr\u0161ila \u201epoliti\u010dko i ekonomsko samoubistvo\u201c.<\/p>\n<p>\u201eNATO, koji je bio garancija sile bezbjednosti Evrope, nema vi\u0161e kapacitet i pretvorio se u instrument plja\u010dke zemalja \u010dlanica i politi\u010dkih manipulacija. U tim ru\u0161evinama ponovo se pojavljuje Rusija kao nezaobilazan faktor bezbjednosne strukture Evrope\u201c, rekao je LJepojevi\u0107.<\/p>\n<p>On je ukazao da, zbog toga, i Srpska i Srbija treba da povedu ra\u010duna kakve \u0107e korake preduzeti, jer se ve\u0107 najavljuje uvo\u0111enje sankcija Kini, \u010demu zemlje, poput Srbije, mogu da se odupru jedino odlu\u010dnim i principijelnim stavom.<\/p>\n<p>\u201eKlju\u010dni element razbijanja srpskog korpusa je evropski put koji se u dijelu javnosti do\u017eivljava kao religija, \u0161to je veliki problem\u201c, upozorio je LJepojevi\u0107.<\/p>\n<p>On je ukazao da je u poodmaklom procesu izgradnja nekih drugih organizacija i savezni\u0161tava koji potpuno elimini\u0161u zapadni uticaj i dominaciju, kao i dru\u0161tveni model Zapada.<\/p>\n<p>\u201eVa\u017eno je da se stvaranje novih globalnih savezni\u0161tava ne ograni\u010dava samo na geografsku bliskost, \u0161to otvara druga\u010dije perspektive saradnje\u201c, naglasio je LJepojevi\u0107.<\/p>\n<p>On je objasnio da ta savezni\u0161tva prvenstveno nastaju u Evroaziji, ali i u Africi i Ju\u017enoj Americi, kao i da snagu tih saveza pokazuju zemlje BRIKS-a.<\/p>\n<p><img title=\"Du\u0161an Prorokovi\u0107, na\u010delnik Centra za evroazijske studije Instituta za me\u0111unarodnu politiku i privredu\" src=\"\/wp-content\/uploads\/prethodni\/2022\/tr_srbija_srpska_ukrajina9_1.jpg\" alt=\"Du\u0161an Prorokovi\u0107, na\u010delnik Centra za evroazijske studije Instituta za me\u0111unarodnu politiku i privredu\" width=\"1200\" border=\"0\" \/><\/p>\n<p>Na\u010delnik Centra za evroazijske studije Instituta za me\u0111unarodnu politiku i privredu <strong>Du\u0161an Prorokovi\u0107<\/strong> je u izlaganju pod naslovom \u201ePostavljanje EU u ukrajinskoj krizi kao uzrok destabilizacije BiH\u201c rekao da potezi koje vu\u010de Evropska unija imaju smisla ukoliko je cilj vojna konfrontacija sa Rusijom.<\/p>\n<p>Kako je dodao, ukoliko se ne razmatra direktna vojna konfrontacija sa Rusijom kao opcija, onda ni sve do sada preduzete mjere nemaju puno smisla jer, kako je naveo, niti \u0107e Rusija bankrotirati, niti \u0107e ostati izolovana, niti su ukrajinske snage sposobne za bilo kakve ofanzive.<\/p>\n<p>\u201eZahvaljuju\u0107i antiruskoj histeriji koja je poprimila elemente \u010distog rasizma, te suludim merama koje su dovele u pitanje energetsku bezbednost celokupne Evrope, a samim tim na dugi rok i konkurentnost evropske privrede u globalnim razmerama, Evropska unija pucala je sebi u nogu i sada trpi velike posledice&#8220;, rekao je Prorokovi\u0107.<\/p>\n<p><img title=\"Sr\u0111an Peri\u0161i\u0107, profesor geopolitike\" src=\"\/wp-content\/uploads\/prethodni\/2022\/tr_srbija_srpska_ukrajina9_2.jpg\" alt=\"Sr\u0111an Peri\u0161i\u0107, profesor geopolitike\" width=\"1200\" border=\"0\" \/><\/p>\n<p>Profesor geopolitike <strong>Sr\u0111an Peri\u0161i\u0107<\/strong> je u izglaganju pod naslovom \u00a0\u201eSrbi tra\u017ee politi\u010dku neutralnost \u2013 u suprotnom do\u0161lo bi do raskola izme\u0111u naroda i elita\u201c da bi promjena politike neutralnosti i svrstavanje na stranu protiv Rusije Srbiju i Republiku Srpsku pretvorilo u strane u sukobu koji se vodi u Ukrajini, dodaju\u0107i da \u0107e i Beogradu i Banjaluci biti ponu\u0111eno da u\u0111u u NATO.<\/p>\n<p>On je rekao da procjenjuje da \u0107e Srbima, odnosno Srbiji i Republici Srpskoj biti ponu\u0111en ulazak u mini-integracije u regionu i u NATO, budu\u0107i da je evidentno da od u\u010dlanjenja zemalja zapadnog Balkana u EU nema ni\u0161ta.<\/p>\n<p>Prema njegovim rije\u010dima, Srbija \u0107e dobiti ponudu da u\u0111e u NATO po modelu Bugarske iz Drugog svjetskog rata, kada je ta dr\u017eava bila na strani Hitlerove koalicije, ali je sve vrijeme, izuzimaju\u0107i dan kada je Crvena armija u\u0161la u Bugarsku, zadr\u017eala diplomatske odnose sa Sovjetskim Savezom.<\/p>\n<p>Peri\u0161i\u0107 je naveo da \u0107e tako i Srbiji biti ponu\u0111eno da u\u0111e u NATO, a da istovremeno zadr\u017ei diplomatske i druge odnose sa Rusijom.<\/p>\n<p>\u201ePoziv u NATO i mini-integracije su dve zamke koje \u0107e nam biti nu\u0111ene da bi se odr\u017eavao haos na Balkanu\u201c, ukazao je Peri\u0161i\u0107.<\/p>\n<p>Peri\u0161i\u0107 ka\u017ee da NATO pod rukovodstvom SAD te zamke Srbima priprema zbog odr\u017eavanja haosa na Balkanu, kojem doprinosi i dana\u0161nja najava Velike Britanije da \u0107e pove\u0107ati svoje prisustvo u BiH.<\/p>\n<p>Odr\u017eavanje haosa na Balkanu, kako je objasnio Peri\u0161i\u0107, povezano je sa pozicijom SAD, zapravo poku\u0161ajem Amerike da obnovi svoju hegemoniju u svijetu iz unipolarnog perioda, koju je imala do 2008. godine.<\/p>\n<p>\u201eSAD nemaju drugog izbora nego da izazivaju vi\u0161e mini-haosa na raznim neuralgi\u010dnim ta\u010dkama planete, me\u0111u kojima su BiH i Kosovo i Metohija. Izazivaju\u0107i haos kao glavnu strategiju suprotstavljanja Rusiji i Kini, oni su i anga\u017eovali samozvanca Kristijana \u0160mita da deluje u pravcu smenjivanja politi\u010dara iz Republike Srpske, a da zauzvrat ponude Srpskoj da popusti po pitanju \u010dlanstva BiH u NATO\u201c, rekao je Peri\u0161i\u0107.<\/p>\n<p>Peri\u0161i\u0107 je naveo da oni o\u010dekuju da \u0107e uspjeti u tome, uz obe\u0107anje da niko ne\u0107e biti isklju\u010divan iz politi\u010dke sfere i izbora ove godine ako Srpska u\u0111e u NATO.<\/p>\n<p>\u201eTo su te zamke na\u0161e neutralnosti i u Beogradu i u Banjaluci, ali na njih ne smemo da nasednemo, jer u drugom ili tre\u0107em koraku, ako bismo naseli, mi bismo prestali da postojimo\u201c, ocijenio je Peri\u0161i\u0107.<\/p>\n<p>On je ukazao da zato Beograd i Banjaluka neutralnost u ovom ratu moraju da razumiju kao politi\u010dku neutralnost i da je sa\u010duvaju.<\/p>\n<p>\u201eAko bi se Srbi, odnosno Srbija i Srpska, svrstali na stranu Zapada, postali bi strana u sukobu i do\u0161lo bi do raskola u srpskom narodu, odnosno do rascepa izme\u0111u ve\u0107ine naroda i elite koja ga vodi. Taj raskol bi i\u0161ao u pravcu demonstracija i raznih oblika protesta. To bi, u svakom slu\u010daju, zna\u010dilo i politi\u010dko samoubistvo dr\u017eave\u201c, zaklju\u010dio je Peri\u0161i\u0107.<\/p>\n<p><img title=\"\u0110uro Bilbija, novinar i publicista\" src=\"\/wp-content\/uploads\/prethodni\/2022\/tr_srbija_srpska_ukrajina9_3.jpg\" alt=\"\u0110uro Bilbija, novinar i publicista\" width=\"1200\" border=\"0\" \/><\/p>\n<p>Novinar i publicista <strong>\u0110uro Bilbija<\/strong> je u izlganju pod naslovam \u201eDodik je prihvatanjem Putinovih poziva \u2013 izabrao\u201c istakao da EU i NATO prisiljavanjem Srbije i BiH da uvedu sankcije Rusiji poku\u0161avaju da ih uvjere da \u201ebiti na evropskom putu zna\u010di pristati na ulogu \u0161rafa unutar te funkcije\u201c.<\/p>\n<p>Prema njegovim rije\u010dima, srpski \u010dlan Predsjedni\u0161tva BiH Milorad Dodik pokazao je da je izabrao formulu \u201ei Evropa i Rusija\u201c sa pripadanjem civilizacijskom krugu u kojem su i Rusi.<\/p>\n<p>\u201eDodik je time pokazao da je spreman da na tom putu izdr\u017ei. Taj izbor je potvrdio i prihvatanjem ponude Putina za novi susret u septembru. Pretpostavljam da \u0107e od septembra izdr\u017eavanje postati lak\u0161e, makar za jednu geopoliti\u010dku tonu i da \u0107e sam smisao izdr\u017eavanja biti vidljiviji. Ruska pobeda dotad \u0107e biti nesporna i neopoziva, a nova svetska konfiguracija neminovna\u201c, naveo je Bilbija.<\/p>\n<p>On ka\u017ee da za Srbe ni u novim okolnostima ne\u0107e biti \u201ezlatne ribice\u201c, ali \u0107e dobiti \u0161ansu, druga\u010diju od propu\u0161tenih 1918. godine i tokom Drugog svjetskog rata.<\/p>\n<p>\u201ePostoja\u0107e realna \u0161ansa koju ne smemo propustiti nepromi\u0161ljenim prelaskom na stranu onih koji ve\u0107 gube i gubi\u0107e postepeno svih narednih meseci i godina\u201c, rekao je Bilbija.<\/p>\n<p>Kompletan snimak tribine \u201eSrpska i Srbija u pozadini globalnog sukoba u Ukrajini\u201c mo\u017eete pogledati <a href=\"https:\/\/youtu.be\/miufROeAlIY\" target=\"_blank\" rel=\"noopener\">OVDJE<\/a>.<\/p>\n","protected":false},"excerpt":{"rendered":"<p>U organizaciji informativno-politi\u010dkih portala \u201eSve o Srpskoj\u201c i \u201eFakti\u201c i uz podr\u0161ku Predstavni\u0161tva Republike Srpske u Srbiji, u \u010detvrtak, 30. juna, u beogradskom Pres centru UNS-a, uz u\u010de\u0161\u0107e analiti\u010dara iz Republike Srpske i Srbije, odr\u017eana je tribina na temu \u201eSrpska i Srbija u pozadini globalnog sukoba u Ukrajini\u201c. Na tribini su govorili Nenad Kecmanovi\u0107, Dragomir&#8230;<\/p>\n","protected":false},"author":1,"featured_media":3700,"comment_status":"closed","ping_status":"closed","sticky":false,"template":"","format":"standard","meta":[],"categories":[56],"tags":[75],"_links":{"self":[{"href":"https:\/\/predstavnistvorsbg.rs\/sr-Latn\/wp-json\/wp\/v2\/posts\/4892"}],"collection":[{"href":"https:\/\/predstavnistvorsbg.rs\/sr-Latn\/wp-json\/wp\/v2\/posts"}],"about":[{"href":"https:\/\/predstavnistvorsbg.rs\/sr-Latn\/wp-json\/wp\/v2\/types\/post"}],"author":[{"embeddable":true,"href":"https:\/\/predstavnistvorsbg.rs\/sr-Latn\/wp-json\/wp\/v2\/users\/1"}],"replies":[{"embeddable":true,"href":"https:\/\/predstavnistvorsbg.rs\/sr-Latn\/wp-json\/wp\/v2\/comments?post=4892"}],"version-history":[{"count":0,"href":"https:\/\/predstavnistvorsbg.rs\/sr-Latn\/wp-json\/wp\/v2\/posts\/4892\/revisions"}],"wp:featuredmedia":[{"embeddable":true,"href":"https:\/\/predstavnistvorsbg.rs\/sr-Latn\/wp-json\/wp\/v2\/media\/3700"}],"wp:attachment":[{"href":"https:\/\/predstavnistvorsbg.rs\/sr-Latn\/wp-json\/wp\/v2\/media?parent=4892"}],"wp:term":[{"taxonomy":"category","embeddable":true,"href":"https:\/\/predstavnistvorsbg.rs\/sr-Latn\/wp-json\/wp\/v2\/categories?post=4892"},{"taxonomy":"post_tag","embeddable":true,"href":"https:\/\/predstavnistvorsbg.rs\/sr-Latn\/wp-json\/wp\/v2\/tags?post=4892"}],"curies":[{"name":"wp","href":"https:\/\/api.w.org\/{rel}","templated":true}]}}