{"id":4893,"date":"2022-08-04T10:00:07","date_gmt":"2022-08-04T08:00:07","guid":{"rendered":"https:\/\/prs2.profimediagroup.com\/uncategorized-sr-latn\/dodik-i-mirovic-jedinstveni-i-slozni-da-se-zlo-nikad-ne-ponovi\/"},"modified":"2023-05-09T19:42:06","modified_gmt":"2023-05-09T17:42:06","slug":"dodik-i-mirovic-jedinstveni-i-slozni-da-se-zlo-nikad-ne-ponovi-ltn","status":"publish","type":"post","link":"https:\/\/predstavnistvorsbg.rs\/sr-Latn\/prethodni-dogadjaji-sr-latn\/dodik-i-mirovic-jedinstveni-i-slozni-da-se-zlo-nikad-ne-ponovi-ltn\/","title":{"rendered":"Dodik i Mirovi\u0107: Jedinstveni i slo\u017eni, da se zlo nikad ne ponovi"},"content":{"rendered":"<p>Povodom obilje\u017eavanja slave Crkve Svete Marije Magdalene u fru\u0161kogorskom naselju Banstol, danas je slu\u017eena liturgija, a zatim i parastos stradalima u akciji \u201eOluja\u201d, kojima je hram i posve\u0107en. Liturgiji, koju je slu\u017eio vladika sremski Vasilije, uz saslu\u017eenje sve\u0161tenstva eparhije sremske, prisustvovao je predsjednik Pokrajinske vlade Igor Mirovi\u0107, a ovogodi\u0161nji kum slave je srpski \u010dlan Predsjedni\u0161tva BiH Milorad Dodik.<\/p>\n<p>&nbsp;<\/p>\n<p>Nakon svete liturgije slu\u017een je parastos stradalima u akciji \u201eOluja\u201d, kojima je hram i posve\u0107en, u prisustvu velikog broja vjernika i mje\u0161tana koji su tokom 1995. godine i kasnije naselili taj dio Srema.<\/p>\n<p><img title=\"Parastos stradalima u akciji \u201eOluja\u201d u prisustvu velikog broja vjernika i mje\u0161tana\" src=\"\/wp-content\/uploads\/prethodni\/2022\/dodik_na_parastosu_oluja2.jpg\" alt=\"Parastos stradalima u akciji \u201eOluja\u201d u prisustvu velikog broja vjernika i mje\u0161tana\" width=\"1200\" border=\"0\" \/><\/p>\n<p>Dodik je rekao da svi ti ljudi pamte ne samo dan kada je po\u010dela \u201eOluja\u201d, ve\u0107 i svoj zavi\u010daj, iako su novi dom na\u0161li u Srbiji, i doprinijeli razvijanju svog novog kraja.<\/p>\n<p>\u201eNe samo da ne mo\u017eemo da zaboravimo, ne mo\u017eemo da oprostimo \u010dinjenicu da su nemo\u0107ne kolone izbjeglica, u kojima su bile \u017eene, djeca, starci, bili bombardovani od strane njihovih aviona\u201d, rekao je Dodik.<\/p>\n<p>Istakao je da je pro\u0161li vijek &#8211; vijek srpskog stradanja. Dodaju\u0107i da Hrvatska obilje\u017eava \u201eOluju\u201d kao pobjedu, a Srbija parastosima za ubijene u toj akciji, na Petrova\u010dkoj cesti, \u0161irom izbjegli\u010dke kolone&#8230;<\/p>\n<p>\u201eAli, srpski narod je okupljen po\u010detkom ovog vijeka u dvije svoje dr\u017eave, Srbiju i Republiku Srpsku, sa namjerom da kroz ovaj vijek maksimalno doprinese nacionalnom jedinstvu i okupljanju, da prestane sa stradanjem, jer ga je bilo previ\u0161e u pro\u0161lom vijeku\u201d, rekao je Dodik.<\/p>\n<p><img title=\"Prisustvovanje kulturno-umjetni\u010dkom programu nakon liturgije i parastosa\" src=\"\/wp-content\/uploads\/prethodni\/2022\/dodik_na_parastosu_oluja3.jpg\" alt=\"Prisustvovanje kulturno-umjetni\u010dkom programu nakon liturgije i parastosa\" width=\"1200\" border=\"0\" \/><\/p>\n<p>Predsjednik Pokrajinske vlade Igor Mirovi\u0107 rekao je da se i ovim okupljanjem \u0161alje \u201ezavetna poruka\u201d &#8211; da budemo jedinstveni, slo\u017eni, sposobni da izgra\u0111ujemo i Srbiju i RS, da poma\u017eemo srpski narod gdje god se nalazio&#8230;<\/p>\n<p><img title=\"Izjave medijima\" src=\"\/wp-content\/uploads\/prethodni\/2022\/dodik_na_parastosu_oluja4.jpg\" alt=\"Izjave medijima\" width=\"1200\" border=\"0\" \/><\/p>\n<p>\u201eTo je najva\u017enija poruka, jer \u0107emo samo slogom i jedinstvom uspeti da spre\u010dimo da nam se zlo iz 90-ih godina ponovi. Srbija i Srpska slo\u017enije nego ikada grade budu\u0107nost za sve koji \u017eive ne samo u Srbiji i RS, ve\u0107 poma\u017eu sna\u017eno i da Srbi opstanu i u Crnoj Gori, i na KiM, gde su Srbi najvi\u0161e ugro\u017eeni, \u0161to su pokazali i poslednji dani\u201d, rekao je Mirovi\u0107, prenosi Tanjug.<\/p>\n","protected":false},"excerpt":{"rendered":"<p>Povodom obilje\u017eavanja slave Crkve Svete Marije Magdalene u fru\u0161kogorskom naselju Banstol, danas je slu\u017eena liturgija, a zatim i parastos stradalima u akciji \u201eOluja\u201d, kojima je hram i posve\u0107en. Liturgiji, koju je slu\u017eio vladika sremski Vasilije, uz saslu\u017eenje sve\u0161tenstva eparhije sremske, prisustvovao je predsjednik Pokrajinske vlade Igor Mirovi\u0107, a ovogodi\u0161nji kum slave je srpski \u010dlan Predsjedni\u0161tva&#8230;<\/p>\n","protected":false},"author":1,"featured_media":3702,"comment_status":"closed","ping_status":"closed","sticky":false,"template":"","format":"standard","meta":[],"categories":[56],"tags":[75],"_links":{"self":[{"href":"https:\/\/predstavnistvorsbg.rs\/sr-Latn\/wp-json\/wp\/v2\/posts\/4893"}],"collection":[{"href":"https:\/\/predstavnistvorsbg.rs\/sr-Latn\/wp-json\/wp\/v2\/posts"}],"about":[{"href":"https:\/\/predstavnistvorsbg.rs\/sr-Latn\/wp-json\/wp\/v2\/types\/post"}],"author":[{"embeddable":true,"href":"https:\/\/predstavnistvorsbg.rs\/sr-Latn\/wp-json\/wp\/v2\/users\/1"}],"replies":[{"embeddable":true,"href":"https:\/\/predstavnistvorsbg.rs\/sr-Latn\/wp-json\/wp\/v2\/comments?post=4893"}],"version-history":[{"count":0,"href":"https:\/\/predstavnistvorsbg.rs\/sr-Latn\/wp-json\/wp\/v2\/posts\/4893\/revisions"}],"wp:featuredmedia":[{"embeddable":true,"href":"https:\/\/predstavnistvorsbg.rs\/sr-Latn\/wp-json\/wp\/v2\/media\/3702"}],"wp:attachment":[{"href":"https:\/\/predstavnistvorsbg.rs\/sr-Latn\/wp-json\/wp\/v2\/media?parent=4893"}],"wp:term":[{"taxonomy":"category","embeddable":true,"href":"https:\/\/predstavnistvorsbg.rs\/sr-Latn\/wp-json\/wp\/v2\/categories?post=4893"},{"taxonomy":"post_tag","embeddable":true,"href":"https:\/\/predstavnistvorsbg.rs\/sr-Latn\/wp-json\/wp\/v2\/tags?post=4893"}],"curies":[{"name":"wp","href":"https:\/\/api.w.org\/{rel}","templated":true}]}}