{"id":4896,"date":"2022-08-18T10:00:31","date_gmt":"2022-08-18T08:00:31","guid":{"rendered":"https:\/\/prs2.profimediagroup.com\/uncategorized-sr-latn\/licidersko-srce-u-visegradu\/"},"modified":"2023-05-09T19:42:22","modified_gmt":"2023-05-09T17:42:22","slug":"licidersko-srce-u-visegradu-ltn","status":"publish","type":"post","link":"https:\/\/predstavnistvorsbg.rs\/sr-Latn\/prethodni-dogadjaji-sr-latn\/licidersko-srce-u-visegradu-ltn\/","title":{"rendered":"Licidersko srce u Vi\u0161egradu"},"content":{"rendered":"<p>\u010cetvrti dan festivala Licidersko srce po\u010deo je danas u Vi\u0161egradu folklornom radionicom odr\u017eanom u Andri\u0107gradu nakon koje je na\u010delnik op\u0161tine Vi\u0161egrad Mladen \u0110urevi\u0107 uprili\u010dio tradicionalni prijem za u\u010desnike. Prijemu su prisustvovali predstavnici folklornih ansambala iz Ma\u0111arske, Turske, \u010ce\u0161ke, Gr\u010dke, Srbije i Republike Srpske, kao i Predstavni\u0161tva Srpske u Srbiji, organizatori iz Udru\u017eenja \u201eEra&#8220;, grada U\u017eica i direktor preduze\u0107a &#8222;HE na Drini&#8220; Nedeljko Peri\u0161i\u0107.<\/p>\n<p>\u201eLicidersko srce` je sjajan festival koji se 11. put odr\u017eava u Vi\u0161egradu. Ovo je najbolji primjer kako se tradicija naroda mo\u017ee prezentovati van svoje zemlje. Za Vi\u0161egrad je ovo veliki doga\u0111aj koji ima veliku pa\u017enju u svijetu, s obzirom na to da veliki broj zemalja u\u010destvuje&#8220;, istakao je \u0110urevi\u0107.<\/p>\n<p>On je zahvalio organizatorima Udru\u017eenju \u201eEra&#8220; iz U\u017eica, Predstavni\u0161tvu Republike Srpske u Srbiji i svima koji su pomogli da manifestacija opstane.<\/p>\n<p><img title=\"Prijemu kod na\u010delnika su prisustvovali predstavnici folklornih ansambala, Boris Maksimovi\u0107 saradnik Predstavni\u0161tva Srpske u Srbiji, organizatori iz Udru\u017eenja \u201eEra\u201c, grada U\u017eica i direktor preduze\u0107a \u201eHE na Drini\u201c Nedeljko Peri\u0161i\u0107\" src=\"\/wp-content\/uploads\/prethodni\/2022\/ls_uzice2.jpg\" alt=\"Prijemu kod na\u010delnika su prisustvovali predstavnici folklornih ansambala, Boris Maksimovi\u0107 saradnik Predstavni\u0161tva Srpske u Srbiji, organizatori iz Udru\u017eenja \u201eEra\u201c, grada U\u017eica i direktor preduze\u0107a \u201eHE na Drini\u201c Nedeljko Peri\u0161i\u0107\" width=\"1200\" border=\"0\" \/><\/p>\n<p>Saradnik za kulturu u Predstavni\u0161tvu Srpske u Srbiji Borislav Maksimovi\u0107 rekao je da Predstavni\u0161tvo vi\u0161e od deceniju podr\u017eava Festival kao jedan od dobrih primjera promocije srpske kulture i tradicije.<\/p>\n<p>&#8222;Smatramo da ovo predstavlja dobar primjer odnosa izme\u0111u Republike Srpske i Srbije i da je ovo jedan lijep na\u010din saradnje sa obe strane Drine&#8220;, istakao je Maksimovi\u0107.<\/p>\n<p><img title=\"Skup u\u010desnika folklornih ansambala na mostu u Vi\u0161egradu\" src=\"\/wp-content\/uploads\/prethodni\/2022\/ls_uzice3.jpg\" alt=\"Skup u\u010desnika folklornih ansambala na mostu u Vi\u0161egradu\" width=\"1200\" border=\"0\" \/><\/p>\n<p>\u010clan Organizacionog odbora Festivala Goran Paunovi\u0107 rekao je da je cilj Festivala ja\u010danje veza me\u0111u Srbima i da se shvati da isti narod \u017eivi i sa jedne i sa druge strane Drine.<\/p>\n<p>&#8222;Mi to moramo da cenimo, najbli\u017ei smo gradovi jedni sa drugima i moramo da se dr\u017eimo. Osnovni cilj Festivala jeste da ljudima koji do\u0111u objasnimo da je to isti narod i sa jedne i sa druge strane Drine&#8220;, istakao je Paunovi\u0107 i zahvalio na\u010deniku op\u0161tine Vi\u0161egrad i direktoru &#8222;Hidroelektrane&#8220;.<\/p>\n<p><img title=\"Defile u\u010desnika folklornih ansambala\" src=\"\/wp-content\/uploads\/prethodni\/2022\/ls_uzice4.jpg\" alt=\"Defile u\u010desnika folklornih ansambala\" width=\"1200\" border=\"0\" \/><\/p>\n<p>Nakon prijema u gradskoj ku\u0107i odr\u017ean je defile u\u010desnika koji se kretao ulicama Vi\u0161egrada do Andri\u0107grada, gdje je uprili\u010den festivalski koncert.<\/p>\n<p><img title=\"Festivalski koncert u Andri\u0107gradu\" src=\"\/wp-content\/uploads\/prethodni\/2022\/ls_uzice5.jpg\" alt=\"Festivalski koncert u Andri\u0107gradu\" width=\"1200\" border=\"0\" \/><\/p>\n<p>Festival organizuje Udru\u017eenje gra\u0111ana ERA iz U\u017eica, pod pokroviteljstvom Predsjednika Srbije a suorganizatori su Grad U\u017eice, Predstavni\u0161tvo Republike Srpske u Srbiji, Uprava za saradnju sa dijasporom i Srbima u regionu i Turisti\u010dka organizacija Zlatibor, uz podr\u0161ku Ministarstva kulture i informisanja i Ministrastva pravde Vlade Republike Srbije.<\/p>\n","protected":false},"excerpt":{"rendered":"<p>\u010cetvrti dan festivala Licidersko srce po\u010deo je danas u Vi\u0161egradu folklornom radionicom odr\u017eanom u Andri\u0107gradu nakon koje je na\u010delnik op\u0161tine Vi\u0161egrad Mladen \u0110urevi\u0107 uprili\u010dio tradicionalni prijem za u\u010desnike. Prijemu su prisustvovali predstavnici folklornih ansambala iz Ma\u0111arske, Turske, \u010ce\u0161ke, Gr\u010dke, Srbije i Republike Srpske, kao i Predstavni\u0161tva Srpske u Srbiji, organizatori iz Udru\u017eenja \u201eEra&#8220;, grada U\u017eica&#8230;<\/p>\n","protected":false},"author":1,"featured_media":3710,"comment_status":"closed","ping_status":"closed","sticky":false,"template":"","format":"standard","meta":[],"categories":[56],"tags":[75],"_links":{"self":[{"href":"https:\/\/predstavnistvorsbg.rs\/sr-Latn\/wp-json\/wp\/v2\/posts\/4896"}],"collection":[{"href":"https:\/\/predstavnistvorsbg.rs\/sr-Latn\/wp-json\/wp\/v2\/posts"}],"about":[{"href":"https:\/\/predstavnistvorsbg.rs\/sr-Latn\/wp-json\/wp\/v2\/types\/post"}],"author":[{"embeddable":true,"href":"https:\/\/predstavnistvorsbg.rs\/sr-Latn\/wp-json\/wp\/v2\/users\/1"}],"replies":[{"embeddable":true,"href":"https:\/\/predstavnistvorsbg.rs\/sr-Latn\/wp-json\/wp\/v2\/comments?post=4896"}],"version-history":[{"count":0,"href":"https:\/\/predstavnistvorsbg.rs\/sr-Latn\/wp-json\/wp\/v2\/posts\/4896\/revisions"}],"wp:featuredmedia":[{"embeddable":true,"href":"https:\/\/predstavnistvorsbg.rs\/sr-Latn\/wp-json\/wp\/v2\/media\/3710"}],"wp:attachment":[{"href":"https:\/\/predstavnistvorsbg.rs\/sr-Latn\/wp-json\/wp\/v2\/media?parent=4896"}],"wp:term":[{"taxonomy":"category","embeddable":true,"href":"https:\/\/predstavnistvorsbg.rs\/sr-Latn\/wp-json\/wp\/v2\/categories?post=4896"},{"taxonomy":"post_tag","embeddable":true,"href":"https:\/\/predstavnistvorsbg.rs\/sr-Latn\/wp-json\/wp\/v2\/tags?post=4896"}],"curies":[{"name":"wp","href":"https:\/\/api.w.org\/{rel}","templated":true}]}}