{"id":4920,"date":"2022-08-19T10:00:12","date_gmt":"2022-08-19T08:00:12","guid":{"rendered":"https:\/\/prs2.profimediagroup.com\/uncategorized-sr-latn\/svecano-zavrsen-festival-licidersko-srce\/"},"modified":"2023-05-09T19:42:27","modified_gmt":"2023-05-09T17:42:27","slug":"svecano-zavrsen-festival-licidersko-srce-ltn","status":"publish","type":"post","link":"https:\/\/predstavnistvorsbg.rs\/sr-Latn\/prethodni-dogadjaji-sr-latn\/svecano-zavrsen-festival-licidersko-srce-ltn\/","title":{"rendered":"Sve\u010dano zavr\u0161en festival &#8222;Licidersko srce&#8220;"},"content":{"rendered":"<p>Danas je u okviru petog dana festivala \u201eLicidersko srce\u201c organizovana folklorna igraonica na glavnom gradskom trgu u U\u017eicu i grn\u010darska radionica u Zlakusi, gdje su<\/p>\n<p><img title=\"U kviru festivala \u201eLicidersko srce\u201c odr\u017eana je grn\u010darska radionica u Zlakusi\" src=\"\/wp-content\/uploads\/prethodni\/2022\/zatvaranje_ls2.jpg\" alt=\"U kviru festivala \u201eLicidersko srce\u201c odr\u017eana je grn\u010darska radionica u Zlakusi\" width=\"1200\" border=\"0\" \/><\/p>\n<p>mladi u\u010desnici imali prilike da se upoznaju sa tradicionalnim na\u010dinom izrade posu\u0111a.<\/p>\n<p><img title=\"14. Me\u0111unarodni de\u010diji festival folklora \u201eLicidersko srce\u201c zatvoren je uz veli\u010danstveni vatromet\" src=\"\/wp-content\/uploads\/prethodni\/2022\/zatvaranje_ls6.jpg\" alt=\"14. Me\u0111unarodni de\u010diji festival folklora \u201eLicidersko srce\u201c zatvoren je uz veli\u010danstveni vatromet\" width=\"1200\" border=\"0\" \/><\/p>\n<p>Ceremonija zatvaranja odr\u017eana je ve\u010deras na Trgu partizana uz vatromet i igranjem<\/p>\n<p><img loading=\"lazy\" title=\"Festival folklora \u201eLicidersko srce\u201c je odr\u017ean u U\u017eicu, na Zlatiboru i u Vi\u0161egradu\" src=\"\/wp-content\/uploads\/prethodni\/2022\/zatvaranje_ls3.jpg\" alt=\"Festival folklora \u201eLicidersko srce\u201c je odr\u017ean u U\u017eicu, na Zlatiboru i u Vi\u0161egradu\" width=\"500\" height=\"300\" border=\"0\" \/><\/p>\n<p>velikog erskog kola na trgu kojim je sve\u010dano zatvoren ovogodi\u0161nji festival.<\/p>\n<p>&nbsp;<\/p>\n<p><img title=\"Me\u0111unarodni festival folklora \u201eLicidersko srce\u201c okupio je oko 1000 u\u010desnika\" src=\"\/wp-content\/uploads\/prethodni\/2022\/zatvaranje_ls4.jpg\" alt=\"Me\u0111unarodni festival folklora \u201eLicidersko srce\u201c okupio je oko 1000 u\u010desnika\" width=\"1200\" border=\"0\" \/><\/p>\n<p>Me\u0111unarodni festival folklora \u201eLicidersko srce\u201c je odr\u017ean\u00a0od 15. do 19. avgusta u U\u017eicu, na Zlatiboru i u Vi\u0161egradu, i u\u010destvovalo je oko 1000 u\u010desnika iz Ma\u0111arske, Bugarske, Ukrajine, Meksika, Slova\u010dke, \u010ce\u0161ke, Turske, Gr\u010dke, Slovenije,\u00a0 Republike Srpske i Srbije uzrasta od 10 do 16 godina. Republiku Srpsku na festivalu su predstavljala kulturno-umjetni\u010dka dru\u0161tva iz Fo\u010de, Vi\u0161egrada i Pala.<\/p>\n<p><img title=\"Predstavnici folklornih trupa ispred Kulturnog centra Zlatibor\" src=\"\/wp-content\/uploads\/prethodni\/2022\/zatvaranje_ls5.jpg\" alt=\"Predstavnici folklornih trupa ispred Kulturnog centra Zlatibor\" width=\"1200\" border=\"0\" \/><\/p>\n<p>Festival organizuje Udru\u017eenje gra\u0111ana ERA iz U\u017eica, pod pokroviteljstvom Predsjednika Srbije a suorganizatori su Grad U\u017eice, Predstavni\u0161tvo Republike Srpske u Srbiji, Uprava za saradnju sa dijasporom i Srbima u regionu i Turisti\u010dka organizacija Zlatibor, uz podr\u0161ku Ministarstva kulture i informisanja i Ministarstva pravde Vlade Republike Srbije.<\/p>\n","protected":false},"excerpt":{"rendered":"<p>Danas je u okviru petog dana festivala \u201eLicidersko srce\u201c organizovana folklorna igraonica na glavnom gradskom trgu u U\u017eicu i grn\u010darska radionica u Zlakusi, gdje su mladi u\u010desnici imali prilike da se upoznaju sa tradicionalnim na\u010dinom izrade posu\u0111a. Ceremonija zatvaranja odr\u017eana je ve\u010deras na Trgu partizana uz vatromet i igranjem velikog erskog kola na trgu kojim&#8230;<\/p>\n","protected":false},"author":1,"featured_media":3712,"comment_status":"closed","ping_status":"closed","sticky":false,"template":"","format":"standard","meta":[],"categories":[56],"tags":[75],"_links":{"self":[{"href":"https:\/\/predstavnistvorsbg.rs\/sr-Latn\/wp-json\/wp\/v2\/posts\/4920"}],"collection":[{"href":"https:\/\/predstavnistvorsbg.rs\/sr-Latn\/wp-json\/wp\/v2\/posts"}],"about":[{"href":"https:\/\/predstavnistvorsbg.rs\/sr-Latn\/wp-json\/wp\/v2\/types\/post"}],"author":[{"embeddable":true,"href":"https:\/\/predstavnistvorsbg.rs\/sr-Latn\/wp-json\/wp\/v2\/users\/1"}],"replies":[{"embeddable":true,"href":"https:\/\/predstavnistvorsbg.rs\/sr-Latn\/wp-json\/wp\/v2\/comments?post=4920"}],"version-history":[{"count":0,"href":"https:\/\/predstavnistvorsbg.rs\/sr-Latn\/wp-json\/wp\/v2\/posts\/4920\/revisions"}],"wp:featuredmedia":[{"embeddable":true,"href":"https:\/\/predstavnistvorsbg.rs\/sr-Latn\/wp-json\/wp\/v2\/media\/3712"}],"wp:attachment":[{"href":"https:\/\/predstavnistvorsbg.rs\/sr-Latn\/wp-json\/wp\/v2\/media?parent=4920"}],"wp:term":[{"taxonomy":"category","embeddable":true,"href":"https:\/\/predstavnistvorsbg.rs\/sr-Latn\/wp-json\/wp\/v2\/categories?post=4920"},{"taxonomy":"post_tag","embeddable":true,"href":"https:\/\/predstavnistvorsbg.rs\/sr-Latn\/wp-json\/wp\/v2\/tags?post=4920"}],"curies":[{"name":"wp","href":"https:\/\/api.w.org\/{rel}","templated":true}]}}