{"id":4922,"date":"2022-08-25T10:00:46","date_gmt":"2022-08-25T08:00:46","guid":{"rendered":"https:\/\/prs2.profimediagroup.com\/uncategorized-sr-latn\/otvorena-umjetnicka-kolonije-krcedin-predstavnistvu-srpske-zlatna-medalja\/"},"modified":"2023-05-09T19:42:38","modified_gmt":"2023-05-09T17:42:38","slug":"otvorena-umjetnicka-kolonije-krcedin-predstavnistvu-srpske-zlatna-medalja-ltn","status":"publish","type":"post","link":"https:\/\/predstavnistvorsbg.rs\/sr-Latn\/prethodni-dogadjaji-sr-latn\/otvorena-umjetnicka-kolonije-krcedin-predstavnistvu-srpske-zlatna-medalja-ltn\/","title":{"rendered":"Otvorena umjetni\u010dka kolonije Kr\u010dedin, Predstavni\u0161tvu Srpske zlatna medalja"},"content":{"rendered":"<p>Petnaesta umjetni\u010dka kolonija u Kr\u010dedinu, u op\u0161tini In\u0111ija, sve\u010dano je otvorena ve\u010deras u Domu porodice Jak\u0161i\u0107 u Kr\u010dedinu, a u naredna \u010detiri dana, do nedjelje 28. avgusta, okupi\u0107e 62 umjetnika iz 12 zemalja, me\u0111u kojima i iz Republike Srpske.<\/p>\n<p><img title=\"Tradicionalnu koloniju u Kr\u010dedinu otvorio je pjesnik Pero Zubac, koji je otkrio i bistu velikanu srpske knji\u017eevnosti Miki Anti\u0107u\" src=\"\/wp-content\/uploads\/prethodni\/2022\/krcedin_2022_2.jpg\" alt=\"Tradicionalnu koloniju u Kr\u010dedinu otvorio je pjesnik Pero Zubac, koji je otkrio i bistu velikanu srpske knji\u017eevnosti Miki Anti\u0107u\" width=\"1200\" border=\"0\" \/><\/p>\n<p>Ovu manifestaciju, koju je podr\u017ealo i Predstavni\u0161tvo Republike Srpske u Srbiji, otvorio je pjesnik Pero Zubac, koji je otkrio i bistu velikanu srpske knji\u017eevnosti Miroslavu Miki Anti\u0107u.<\/p>\n<p><img title=\"Jubilarna zlatna medalja Umjetni\u010dke kolonije u Kr\u010dedinu uru\u010dena je Predstavni\u0161tvu R. Srpske u Srbiji koju je u ime ove institucije primio Borislav Maksimovi\u0107\" src=\"\/wp-content\/uploads\/prethodni\/2022\/krcedin_2022_3.jpg\" alt=\"Jubilarna zlatna medalja Umjetni\u010dke kolonije u Kr\u010dedinu uru\u010dena je Predstavni\u0161tvu R. Srpske u Srbiji koju je u ime ove institucije primio Borislav Maksimovi\u0107\" width=\"1200\" border=\"0\" \/><\/p>\n<p>Jubilarna zlatna medalja Umjetni\u010dke kolonije u Kr\u010dedinu uru\u010dena je Predstavni\u0161tvu Republike Srpske u Srbiji, koju je u ime ove institucije primio Borislav Maksimovi\u0107.<\/p>\n<p><img title=\"Knji\u017eevnik Miodrag Mi\u0107a Jak\u0161i\u0107 sa roditeljima, LJubicom i Zoranom kao doma\u0107inima dodijeljuje tradiconalnu titulu \u201eJa Kr\u010dedinac\u201c glumici Paulini Manov\" src=\"\/wp-content\/uploads\/prethodni\/2022\/krcedin_2022_4.jpg\" alt=\"Knji\u017eevnik Miodrag Mi\u0107a Jak\u0161i\u0107 sa roditeljima, LJubicom i Zoranom kao doma\u0107inima dodijeljuje tradiconalnu titulu \u201eJa Kr\u010dedinac\u201c glumici Paulini Manov\" width=\"1200\" border=\"0\" \/><\/p>\n<p>Srpskoj glumici Paulini Manov, publicisti i direktoru Arhiva Vojvodine Neboj\u0161i Kuzmanovi\u0107u, muzi\u010daru i vo\u0111i muzi\u010dkog sastava \u201eLegende\u201c Zoranu Da\u0161i\u0107u Da\u0161i i slikaru Radovanu Mi\u0107i Trnavcu dodijeljene su tradiconalne titule \u201eJa Kr\u010dedinac\u201c.<\/p>\n<p><img title=\"Selektor slikarskog saziva i urednik programa knji\u017eevnik Miodrag Mi\u0107a Jak\u0161i\u0107\" src=\"\/wp-content\/uploads\/prethodni\/2022\/krcedin_2022_5.jpg\" alt=\"Selektor slikarskog saziva i urednik programa knji\u017eevnik Miodrag Mi\u0107a Jak\u0161i\u0107\" width=\"1200\" border=\"0\" \/><\/p>\n<p>Selektor slikarskog saziva i urednik programa knji\u017eevnik Miodrag Mi\u0107a Jak\u0161i\u0107 je rekao da je ova manifestacija jedan kulturolo\u0161ki i sociolo\u0161ki fenomen s obzirom na to da je jedna porodica, kojoj i sam pripada, u jednom malom selu napravila jedno umjetni\u010dko doma\u0107instvo, koje u svom sastavu ima i galeriju, otvoreni slikarski atelje, biblioteke, apartmane za smje\u0161taj umjetnika.<\/p>\n<p>On je rekao da su teme ove umjetni\u010dke kolonije slobodne, jer su pozvani umjetnici raznih dobi i razli\u010ditih senzibiliteta, inspiracija, dr\u017eava, nacionalnosti.<\/p>\n<p>\u201e\u017delimo da od svakog od njih dobijemo ono \u0161to oni ose\u0107aju kada do\u0111u u na\u0161 umetni\u010dki dom da stvaraju. Ovo nije tematska kolonija, ovo je prili\u010dno liberalna kolonija u smislu stvarala\u0161tva. Trudimo se da budemo sigurna ku\u0107a umetnicima u njihovom stvaranju\u201c, istakao je Jak\u0161i\u0107, navode\u0107i da \u0107e ova djela biti prikazana i kroz izlo\u017ebe u Srbiji i regionu.<\/p>\n<p>Jak\u0161i\u0107 je naveo da u ovoj koloniji u\u010destvuju slikari zemalja iz regiona, uklju\u010duju\u0107i Bugarsku, Rumuniju, Ma\u0111arsku, Republiku Srpsku, Sjevernu Makedoniju, Hrvatsku, ali i Sloveniju, Poljsku, Italiju, SAD i Kanadu.<\/p>\n<p>\u201ePre svega, nama je \u017eelja da oni upoznaju na\u0161u kulturu i tradiciju, na\u0161u dobrodu\u0161nost, doma\u0107instvo, odnos prema umetnosti i da budu svojevrsni ambasadori prijatelji na\u0161e dr\u017eave i umetnosti\u201c, rekao je Jak\u0161i\u0107.<\/p>\n<p>Roditelji Miodraga Jak\u0161i\u0107a su doma\u0107ini umjetni\u010dke kolonije, koja se odr\u017eava u njihovom domu, tako da su nosioci ove kolonije tri generacije Jak\u0161i\u0107a &#8211; LJubica i Zoran kao doma\u0107ini, sinovi Predrag i Miodrag i unuci Jana i Mihajlo.<\/p>\n<p><img title=\"U muzi\u010dkom dijelu u\u010destvovao je Duo Moderato\" src=\"\/wp-content\/uploads\/prethodni\/2022\/krcedin_2022_7.jpg\" alt=\"U muzi\u010dkom dijelu u\u010destvovao je Duo Moderato\" width=\"1200\" border=\"0\" \/><\/p>\n<p>Sve\u010danom otvaranju prisustvovali su i slikar Dragan Stojkov, knji\u017eevnik Aleksandar \u010cotri\u0107, kantautor Vojislav Mehand\u017ei\u0107, a u muzi\u010dkom dijelu programa u\u010destvovali su Duo Moderato i rok grupa \u201e\u017diva istina\u201c.<\/p>\n<p><img title=\"U prate\u0107em programu Kolonije otvorena je izlo\u017eba slika pod nazivom \u201e\u017dena kao motiv\u201c vi\u0161e autora, izlo\u017eba skulptura Miroljuba Mikija Kr\u0161anina, ambijentalna izlo\u017eba slika Ilije \u0160aule i izlo\u017eba slika i skulptura \u201e\u017diri nad gradom\u201c Aleksandre Radakovi\u0107\" src=\"\/wp-content\/uploads\/prethodni\/2022\/krcedin_2022_6.jpg\" alt=\"U prate\u0107em programu Kolonije otvorena je izlo\u017eba slika pod nazivom \u201e\u017dena kao motiv\u201c vi\u0161e autora, izlo\u017eba skulptura Miroljuba Mikija Kr\u0161anina, ambijentalna izlo\u017eba slika Ilije \u0160aule i izlo\u017eba slika i skulptura \u201e\u017diri nad gradom\u201c Aleksandre Radakovi\u0107\" width=\"1200\" border=\"0\" \/><\/p>\n<p>Tokom trajanja kolonije u Domu Jak\u0161i\u0107a u Kr\u010dedinu bi\u0107e otvorena spomen-soba &#8211; legat Mihajla Todorovi\u0107a Kepe, legende beogradskog pozori\u0161ta \u201eBo\u0161ko Buha\u201c.<\/p>\n<p>U prate\u0107em programu kolonije bi\u0107e otvorena izlo\u017eba slika pod nazivom \u201e\u017dena kao motiv\u201c vi\u0161e autora, izlo\u017eba skulptura Miroljuba Mikija Kr\u0161anina, ambijentalna izlo\u017eba slika Ilije \u0160aule i izlo\u017eba slika i skulptura \u201e\u017diri nad gradom\u201c Aleksandre Radakovi\u0107.<\/p>\n<p>Kolonija se odr\u017eava pod pokroviteljstvom Op\u0161tine In\u0111ija, a u organizaciji udru\u017eenja \u201eMoj Srem\u201c iz Kr\u010dedina i Umjetni\u010dke grupe \u201eArte&#8220; i uz podr\u0161ku Predstavni\u0161tva Republike Srpske u Srbiji.<\/p>\n<p><img src=\"\/wp-content\/uploads\/prethodni\/2022\/krcedin_2022_8.jpg\" width=\"1200\" border=\"0\" \/><\/p>\n","protected":false},"excerpt":{"rendered":"<p>Petnaesta umjetni\u010dka kolonija u Kr\u010dedinu, u op\u0161tini In\u0111ija, sve\u010dano je otvorena ve\u010deras u Domu porodice Jak\u0161i\u0107 u Kr\u010dedinu, a u naredna \u010detiri dana, do nedjelje 28. avgusta, okupi\u0107e 62 umjetnika iz 12 zemalja, me\u0111u kojima i iz Republike Srpske. Ovu manifestaciju, koju je podr\u017ealo i Predstavni\u0161tvo Republike Srpske u Srbiji, otvorio je pjesnik Pero Zubac,&#8230;<\/p>\n","protected":false},"author":1,"featured_media":3716,"comment_status":"closed","ping_status":"closed","sticky":false,"template":"","format":"standard","meta":[],"categories":[56],"tags":[75],"_links":{"self":[{"href":"https:\/\/predstavnistvorsbg.rs\/sr-Latn\/wp-json\/wp\/v2\/posts\/4922"}],"collection":[{"href":"https:\/\/predstavnistvorsbg.rs\/sr-Latn\/wp-json\/wp\/v2\/posts"}],"about":[{"href":"https:\/\/predstavnistvorsbg.rs\/sr-Latn\/wp-json\/wp\/v2\/types\/post"}],"author":[{"embeddable":true,"href":"https:\/\/predstavnistvorsbg.rs\/sr-Latn\/wp-json\/wp\/v2\/users\/1"}],"replies":[{"embeddable":true,"href":"https:\/\/predstavnistvorsbg.rs\/sr-Latn\/wp-json\/wp\/v2\/comments?post=4922"}],"version-history":[{"count":0,"href":"https:\/\/predstavnistvorsbg.rs\/sr-Latn\/wp-json\/wp\/v2\/posts\/4922\/revisions"}],"wp:featuredmedia":[{"embeddable":true,"href":"https:\/\/predstavnistvorsbg.rs\/sr-Latn\/wp-json\/wp\/v2\/media\/3716"}],"wp:attachment":[{"href":"https:\/\/predstavnistvorsbg.rs\/sr-Latn\/wp-json\/wp\/v2\/media?parent=4922"}],"wp:term":[{"taxonomy":"category","embeddable":true,"href":"https:\/\/predstavnistvorsbg.rs\/sr-Latn\/wp-json\/wp\/v2\/categories?post=4922"},{"taxonomy":"post_tag","embeddable":true,"href":"https:\/\/predstavnistvorsbg.rs\/sr-Latn\/wp-json\/wp\/v2\/tags?post=4922"}],"curies":[{"name":"wp","href":"https:\/\/api.w.org\/{rel}","templated":true}]}}