{"id":4923,"date":"2022-08-26T10:00:34","date_gmt":"2022-08-26T08:00:34","guid":{"rendered":"https:\/\/prs2.profimediagroup.com\/uncategorized-sr-latn\/u-beogradu-odrzana-pres-konferencija-o-stradanju-srba-iz-doline-krivaje-i-o-marsu-stazom-egzodusa\/"},"modified":"2023-05-09T19:42:59","modified_gmt":"2023-05-09T17:42:59","slug":"u-beogradu-odrzana-pres-konferencija-o-stradanju-srba-iz-doline-krivaje-i-o-marsu-stazom-egzodusa-ltn","status":"publish","type":"post","link":"https:\/\/predstavnistvorsbg.rs\/sr-Latn\/prethodni-dogadjaji-sr-latn\/u-beogradu-odrzana-pres-konferencija-o-stradanju-srba-iz-doline-krivaje-i-o-marsu-stazom-egzodusa-ltn\/","title":{"rendered":"U Beogradu odr\u017eana pres konferencija o stradanju Srba iz doline krivaje i o mar\u0161u &#8222;Stazom egzodusa&#8220;"},"content":{"rendered":"<p>U Beogradu je odr\u017eana pres konferencija povodom predstoje\u0107e manifestacije \u201eStazom egzodusa\u201c, tokom koje \u0107e 10. septembra biti obilje\u017een ezgodus i stradanje Srba iz doline Krivaje u septembru 1995. godine, sa ciljem da se uka\u017ee na progon srpskog stanovni\u0161tva iz Vozu\u0107e i tih prostora.<\/p>\n<p>Mar\u0161 \u201eStazama egzodusa 2022\u201c odvija se stazom preko Ozrena dugom 22 kilometra kojom su se povla\u010dili napadnuti stanovnici doline Krivaje, ve\u0107 petnaesti put 10. septembra organizuje Zavi\u010dajno udru\u017eenje Zavidovi\u0107ana u Doboju.<\/p>\n<p><img title=\"Zoran Blagojevi\u0107 - komadant \u010detvrte Ozrenske lake pje\u0161adijske brigade i predsjednik Zavi\u010dajnog udru\u017eenja Zavidovi\u0107ana u Doboju\" src=\"\/wp-content\/uploads\/prethodni\/2022\/konf_vozuca2.jpg\" alt=\"Zoran Blagojevi\u0107 - komadant \u010detvrte Ozrenske lake pje\u0161adijske brigade i predsjednik Zavi\u010dajnog udru\u017eenja Zavidovi\u0107ana u Doboju\" width=\"1200\" border=\"0\" \/><\/p>\n<p>Predsjednik Zavi\u010dajnog udru\u017eenja Zavidovi\u0107ana u Doboju Zoran Blagojevi\u0107 je rekao da se svake godine, 10. septembra, obilje\u017eava progon srpskog stanovni\u0161tva sa prostora ju\u017enog dijela Ozrena i Vozu\u0107e, kada je iz 30 sela protjerano 1.920 porodica, sa 7.860 stanovnika.<\/p>\n<p>Tada je, podsje\u0107a on, u sadejstvu Drugog i Tre\u0107eg korpusa takozvane Armije BiH, Tuzlanskog i Zeni\u010dkog korpusa i odreda El Mud\u017eahedin, protjerano kompletno srpsko stanovni\u0161tvo, a po\u010dinjen je stravi\u010dan zlo\u010din nad 64 zarobljena pripadnika Vojske Republike Srpske i civila, kojima se u kampu El Mud\u017eahedin gubi svaki trag.<\/p>\n<p>Oni Srbi koji su pre\u017eivjeli, sje\u0107aju se, ka\u017ee Blagojevi\u0107, da su u mad\u017eahedinskom kampu srpski borci bili obezglavljeni, da su \u017eivi tjerani da ljube odsje\u010dene srpske glave, koje su i\u0161le od \u201eod ruke do ruke\u201c, a ina\u010de je kasnije snimljen i dokumentarni film o tom doga\u0111aju \u201eLJubi brata\u201c.<\/p>\n<p>Blagojevi\u0107 napominje da je za sve ove zlo\u010dine koji su po\u010dinjeni na Vozu\u0107i u periodu protjerivanja srpskog n stanovi\u0161tva sa ovog podru\u010dja, osu\u0111en samo general Tre\u0107eg korpusa takozvane Armije BiH Sakib Mahmuljin, prvo na 10, a kasnije pravosna\u017eno na osam godina zatvora, da bi mu nakon tog bilo dopu\u0161teno da iza\u0111e iz BiH i ode u Istambul, u Tursku.<\/p>\n<p>\u201ePrakti\u010dno, on je napustio zemlju, \u0161to nije smjelo nikako da se dogodi, jer po slovu zakona odmah nakon pravosna\u017ene presude se ide na izdr\u017eavanje kazne. Me\u0111utim, to samo va\u017ei ako je pravosna\u017ena presude za pripadnike Vojske Republike Srpske, dok za bo\u0161njake to ne vrijedi\u201c, ka\u017ee Blagojevi\u0107.<\/p>\n<p>Blagojevi\u0107 je rekao da je na taj na\u010din i ta \u201emlada biljka koja je stasala sa tra\u010dkom pravde koji je vaskrsao, sada prelivena vrelom vodom, a ono malo tra\u010dka nade koji su imali da \u0107e neko odgovarati za ono \u0161to je po\u010dinjeneno je uga\u0161eno\u201c.<\/p>\n<p>On isti\u010de da bi trebalo da odgovaraju svi oni koji su bili egzekutori, \u0161to vrlo dobro zna njihov, kao i to za\u0161to nisu \u017eiva ona 64 Srbina koja su bila zarobljena i kako je mogu\u0107e da niko nije razmijenjen kao \u017eiv.<\/p>\n<p>Blagojevi\u0107 je rekao da se u sje\u0107anje na sve poginule u tom podru\u010dju obilje\u017eava 10. septembra mar\u0161om \u201eStazom egzodusa\u201c od 22 kilometra, gdje se ide u Vozu\u0107u do crkve Svetog Georgija, u \u010dijoj porti je ina\u010de bila masovna grobnica, iz koje je ekshumirano 21 tijelo, od kojih je 17 bilo bez glave.<\/p>\n<p>On je rekao da Srbi i dalje tra\u017ee pravdu, ako mo\u017ee bar mali plami\u010dak te pravde da se zadovolji prema srpskom stanovni\u0161tvu sa tih prostora.<\/p>\n<p>U tim borbama je ina\u010de poginulo 459 srpskih boraca, 412 se vodilo kao nestali, od \u010dega su 283 identifikovana, a 129 ih se jo\u0161 uvijek vodi kao nestali.<\/p>\n<p>U samo 1992. godini, iz Zenice je protjerano 22. 000 Srba, iz Zavidovi\u0107a 11.600, a iz Banovi\u0107a 4.500, tako da su napadali i Vozu\u0107u da je o\u010diste od Srba, kako bi imali \u010distu komunikaciju izme\u0111u Zenice i Tuzle.<\/p>\n<p><img title=\"Predsjednik Op\u0161tine Zvezdara Vladan Jeremi\u0107 i Jovan \u010cakarevi\u0107 u ime doma\u0107ina skupa - udru\u017eenja Koordinacija udru\u017eenja izbjeglih i raseljenih u Srbiji, pozdravili su skup, kome je prisustvovao Borislav Maksimovi\u0107, saradnik za kulturu u Predstavni\u0161tvu Republike Srpske u Srbiji\" src=\"\/wp-content\/uploads\/prethodni\/2022\/konf_vozuca3.jpg\" alt=\"Predsjednik Op\u0161tine Zvezdara Vladan Jeremi\u0107 i Jovan \u010cakarevi\u0107 u ime doma\u0107ina skupa - udru\u017eenja Koordinacija udru\u017eenja izbjeglih i raseljenih u Srbiji, pozdravili su skup, kome je prisustvovao Borislav Maksimovi\u0107, saradnik za kulturu u Predstavni\u0161tvu Republike Srpske u Srbiji\" width=\"1200\" border=\"0\" \/><\/p>\n<p>Pres konferencija je odr\u017eana u skup\u0161tinskoj sali beogradske Op\u0161tine Zvezdara, a osim Blagojevi\u0107a, obratili su se i LJubinko \u0110uri\u0107 iz istog udru\u017eenja, ratni novinar i izvje\u0161ta\u010d iz Vozu\u0107e Lidija \u017dari\u0107, a skup su pozdravili i predsjednik Op\u0161tine Zvezdara Vladan Jeremi\u0107, te Jovan \u010cakarevi\u0107 u ime doma\u0107ina skupa &#8211; udru\u017eenja Koordinacija udru\u017eenja izbjeglih i raseljenih u Srbiji.<\/p>\n<p>Jeremi\u0107 je rekao da su poslije protjerivanja Srba iz BiH oko 10.000 njih prona\u0161lo dom u op\u0161tini Zvezdara.<\/p>\n<p>Srbi iz Vozu\u0107e su surovo prognani u operaciji ABiH \u201eFarz&#8220; \/\u201eUragan&#8220;\/, koja je trajala od 10. do 24. septembra 1995. godine, a prethodilo je NATO bombardovanje i uni\u0161tavanje civilnih repetitora i objekata.<\/p>\n<p>Tada je spaljeno 30 sela, protjerano 1.920 porodica sa 7.860 \u010dlanova, ubijeno oko 500 vojnika i civila a veliki broj Vozu\u0107ana jo\u0161 uvijek se vode kao nestali.<\/p>\n<p>Pres konferenciju je organizovalo Zavi\u010dajno udru\u017eenje Zavidovi\u0107ana Doboj, u saradnji sa udru\u017eenjem \u201eKoordinacija udru\u017eenja izbjeglih i raseljenih u Srbiji\u201c, uz podr\u0161ku Op\u0161tine Zvezdara i Predstavni\u0161tva Republike Srpske u Srbiji ispred koga je prisustvovao Borislav Maksimovi\u0107, saradnik za kulturu.<\/p>\n","protected":false},"excerpt":{"rendered":"<p>U Beogradu je odr\u017eana pres konferencija povodom predstoje\u0107e manifestacije \u201eStazom egzodusa\u201c, tokom koje \u0107e 10. septembra biti obilje\u017een ezgodus i stradanje Srba iz doline Krivaje u septembru 1995. godine, sa ciljem da se uka\u017ee na progon srpskog stanovni\u0161tva iz Vozu\u0107e i tih prostora. Mar\u0161 \u201eStazama egzodusa 2022\u201c odvija se stazom preko Ozrena dugom 22 kilometra&#8230;<\/p>\n","protected":false},"author":1,"featured_media":3718,"comment_status":"closed","ping_status":"closed","sticky":false,"template":"","format":"standard","meta":[],"categories":[56],"tags":[75],"_links":{"self":[{"href":"https:\/\/predstavnistvorsbg.rs\/sr-Latn\/wp-json\/wp\/v2\/posts\/4923"}],"collection":[{"href":"https:\/\/predstavnistvorsbg.rs\/sr-Latn\/wp-json\/wp\/v2\/posts"}],"about":[{"href":"https:\/\/predstavnistvorsbg.rs\/sr-Latn\/wp-json\/wp\/v2\/types\/post"}],"author":[{"embeddable":true,"href":"https:\/\/predstavnistvorsbg.rs\/sr-Latn\/wp-json\/wp\/v2\/users\/1"}],"replies":[{"embeddable":true,"href":"https:\/\/predstavnistvorsbg.rs\/sr-Latn\/wp-json\/wp\/v2\/comments?post=4923"}],"version-history":[{"count":0,"href":"https:\/\/predstavnistvorsbg.rs\/sr-Latn\/wp-json\/wp\/v2\/posts\/4923\/revisions"}],"wp:featuredmedia":[{"embeddable":true,"href":"https:\/\/predstavnistvorsbg.rs\/sr-Latn\/wp-json\/wp\/v2\/media\/3718"}],"wp:attachment":[{"href":"https:\/\/predstavnistvorsbg.rs\/sr-Latn\/wp-json\/wp\/v2\/media?parent=4923"}],"wp:term":[{"taxonomy":"category","embeddable":true,"href":"https:\/\/predstavnistvorsbg.rs\/sr-Latn\/wp-json\/wp\/v2\/categories?post=4923"},{"taxonomy":"post_tag","embeddable":true,"href":"https:\/\/predstavnistvorsbg.rs\/sr-Latn\/wp-json\/wp\/v2\/tags?post=4923"}],"curies":[{"name":"wp","href":"https:\/\/api.w.org\/{rel}","templated":true}]}}