{"id":4953,"date":"2022-09-08T12:00:03","date_gmt":"2022-09-08T10:00:03","guid":{"rendered":"https:\/\/prs2.profimediagroup.com\/uncategorized-sr-latn\/od-danas-predstavljanje-turistickih-potencijala-srpske-u-srbiji\/"},"modified":"2023-05-09T19:43:14","modified_gmt":"2023-05-09T17:43:14","slug":"od-danas-predstavljanje-turistickih-potencijala-srpske-u-srbiji-ltn","status":"publish","type":"post","link":"https:\/\/predstavnistvorsbg.rs\/sr-Latn\/prethodni-dogadjaji-sr-latn\/od-danas-predstavljanje-turistickih-potencijala-srpske-u-srbiji-ltn\/","title":{"rendered":"Od danas predstavljanje turisti\u010dkih potencijala Srpske u Srbiji"},"content":{"rendered":"<p>U Knez Mihailovoj ulici u Beogradu danas je sve\u010dano otvoren \u0161tand Turisti\u010dke organizacije Republike Srpske na kom \u0107e u naredna dva dana biti predstavljeni svi turisti\u010dki potencijali i resursi Republike Srpske koja je ve\u0107 godinama omiljena destinacija gra\u0111ana Srbije.<\/p>\n<p>Otvaranje \u0161tanda je uvertira za ve\u010dera\u0161nje sve\u010dano otvaranje manifestacije \u201eDana Srpske u Srbiji\u201c, koja je za deset godina uspjela da pribli\u017ei i dodatno pove\u017ee Srbiju i Srpsku.<\/p>\n<p><img title=\"Zlatan Kloki\u0107, ministar za evropske integracije i me\u0111unarodnu saradnju R. Srpske\" src=\"\/wp-content\/uploads\/prethodni\/2022\/ds_prom_tur_ponude2.jpg\" alt=\"Zlatan Kloki\u0107, ministar za evropske integracije i me\u0111unarodnu saradnju R. Srpske\" width=\"1200\" border=\"0\" \/><\/p>\n<p>Ministar za evropske integracije i me\u0111unarodnu saradnju Republike Srpske <strong>Zlatan Kloki\u0107<\/strong> izjavio je nakon posjete \u0161tandu da je predstavljanje turisti\u010dke ponude Srpske u Beogradu od izuzetne va\u017enosti, posebno ako se zna da najve\u0107i broj turista u Srpsku dolazi upravo iz Srbije.<\/p>\n<p>On je rekao da Republika Srpska ima \u010dime da se ponosi i \u0161ta da poka\u017ee.<\/p>\n<p><img title=\"Srebrenka Goli\u0107, potpredsjednik Vlade R. Srpske\" src=\"\/wp-content\/uploads\/prethodni\/2022\/ds_prom_tur_ponude3.jpg\" alt=\"Srebrenka Goli\u0107, potpredsjednik Vlade R. Srpske\" width=\"1200\" border=\"0\" \/><\/p>\n<p>Potpredsjednik Vlade Republike Srpske <strong>Srebrenka Goli\u0107<\/strong> izjavila je da Republika Srpska raspola\u017ee brojnim resursima koji gra\u0111ani Srbije jo\u0161 nisu upoznali i ukazala da je na dana\u0161njem sastanku sa gradona\u010delnikom Beograda Aleksandrom \u0160api\u0107em predo\u010dila ideju da vau\u010deri koji se izdaju u Srbiji mogu biti iskori\u0161teni u Srpskoj i obrnuto.<\/p>\n<p>\u201ePredlo\u017ei\u0107u taj model na Vladi Republike Srpske kako bi se na\u0161ao na\u010din da gra\u0111ani iz Srbije mogu svoje vau\u010dere upotrebiti u Republici Srpskoj i obrnuto. Tek \u0107e tada duh specijalnih paralelnih odnosa imati puni smisao&#8220;, rekla je ona.<\/p>\n<p>Na pitanje da li bi pridru\u017eivanje inicijativi \u201eOtvoreni Balkan&#8220; bio dodatni impuls za turizam i privredu Republike Srpske uop\u0161te, Goli\u0107eva je rekla da \u0107e Republika Srpska biti dio te inicijative.<\/p>\n<p>\u201eVi znate kakvi su odnosi u cijeloj BiH, zna\u010di vi\u0161e komplikovani nego \u0161to bi trebali biti, vjerovatno \u0107e privrednici iz drugog dijela BiH shvatiti da im je to jedino rje\u0161enje&#8220;, rekla je ona.<\/p>\n<p><img title=\"Mla\u0111en Cicovi\u0107, \u0161ef Predstavni\u0161tva R. Srpske u Srbiji\" src=\"\/wp-content\/uploads\/prethodni\/2022\/ds_prom_tur_ponude4.jpg\" alt=\"Mla\u0111en Cicovi\u0107, \u0161ef Predstavni\u0161tva R. Srpske u Srbiji\" width=\"1200\" border=\"0\" \/><\/p>\n<p>\u0160ef Predstavni\u0161tva Republike Srpske u Srbiji <strong>Mla\u0111en Cicovi\u0107<\/strong> podsjetio je da predstavljanje turisti\u010dke ponude Srpske tradicionalno prethodi sve\u010danom otvaranju \u201eDana Srpske u Srbiji&#8220; i da to doprinosi jo\u0161 ve\u0107em broju turista iz Srbije, br\u017eem rastu turisti\u010dke privrede i pove\u0107anju kvaliteta turisti\u010dke ponude.<\/p>\n<p>On je izrazio uvjerenje da \u0107e se turizam Republike Srpske predstaviti na izuzetan na\u010din.<\/p>\n<p><img title=\"Zlatan Kloki\u0107, ministar za evropske integracije i me\u0111unarodnu saradnju R. Srpske i Mla\u0111en Cicovi\u0107, \u0161ef Predstavni\u0161tva R. Srpske u Srbiji sa Miodragom Lon\u010darevi\u0107em, direktorom Turisti\u010dke organizacije R. Srpske i saradnicima\" src=\"\/wp-content\/uploads\/prethodni\/2022\/ds_prom_tur_ponude5.jpg\" alt=\"Zlatan Kloki\u0107, ministar za evropske integracije i me\u0111unarodnu saradnju R. Srpske i Mla\u0111en Cicovi\u0107, \u0161ef Predstavni\u0161tva R. Srpske u Srbiji sa Miodragom Lon\u010darevi\u0107em, direktorom Turisti\u010dke organizacije R. Srpske i saradnicima\" width=\"1200\" border=\"0\" \/><\/p>\n<p>Direktor Turisti\u010dke organizacije Republike Srpske <strong>Miodrag Lon\u010darevi\u0107 <\/strong>rekao je da su Turisti\u010dka organizacija Republike Srpske i turisti\u010dke organizacije gradova izuzetno motivisani da se na najbolji na\u010din predstave u Srbiji. &#8222;Na\u0161a bra\u0107a i sestre u velikom broju posje\u0107uju Republiku Srpsku.<\/p>\n<p>Manifestacija je jako va\u017ena. U Beogradu smo od 8. do 10 septembra, a od 12. do 14. septembra u Novom Sadu&#8220;, rekao je on.<\/p>\n","protected":false},"excerpt":{"rendered":"<p>U Knez Mihailovoj ulici u Beogradu danas je sve\u010dano otvoren \u0161tand Turisti\u010dke organizacije Republike Srpske na kom \u0107e u naredna dva dana biti predstavljeni svi turisti\u010dki potencijali i resursi Republike Srpske koja je ve\u0107 godinama omiljena destinacija gra\u0111ana Srbije. Otvaranje \u0161tanda je uvertira za ve\u010dera\u0161nje sve\u010dano otvaranje manifestacije \u201eDana Srpske u Srbiji\u201c, koja je za&#8230;<\/p>\n","protected":false},"author":1,"featured_media":3724,"comment_status":"closed","ping_status":"closed","sticky":false,"template":"","format":"standard","meta":[],"categories":[56],"tags":[75],"_links":{"self":[{"href":"https:\/\/predstavnistvorsbg.rs\/sr-Latn\/wp-json\/wp\/v2\/posts\/4953"}],"collection":[{"href":"https:\/\/predstavnistvorsbg.rs\/sr-Latn\/wp-json\/wp\/v2\/posts"}],"about":[{"href":"https:\/\/predstavnistvorsbg.rs\/sr-Latn\/wp-json\/wp\/v2\/types\/post"}],"author":[{"embeddable":true,"href":"https:\/\/predstavnistvorsbg.rs\/sr-Latn\/wp-json\/wp\/v2\/users\/1"}],"replies":[{"embeddable":true,"href":"https:\/\/predstavnistvorsbg.rs\/sr-Latn\/wp-json\/wp\/v2\/comments?post=4953"}],"version-history":[{"count":0,"href":"https:\/\/predstavnistvorsbg.rs\/sr-Latn\/wp-json\/wp\/v2\/posts\/4953\/revisions"}],"wp:featuredmedia":[{"embeddable":true,"href":"https:\/\/predstavnistvorsbg.rs\/sr-Latn\/wp-json\/wp\/v2\/media\/3724"}],"wp:attachment":[{"href":"https:\/\/predstavnistvorsbg.rs\/sr-Latn\/wp-json\/wp\/v2\/media?parent=4953"}],"wp:term":[{"taxonomy":"category","embeddable":true,"href":"https:\/\/predstavnistvorsbg.rs\/sr-Latn\/wp-json\/wp\/v2\/categories?post=4953"},{"taxonomy":"post_tag","embeddable":true,"href":"https:\/\/predstavnistvorsbg.rs\/sr-Latn\/wp-json\/wp\/v2\/tags?post=4953"}],"curies":[{"name":"wp","href":"https:\/\/api.w.org\/{rel}","templated":true}]}}