{"id":4954,"date":"2022-09-09T10:00:42","date_gmt":"2022-09-09T08:00:42","guid":{"rendered":"https:\/\/prs2.profimediagroup.com\/uncategorized-sr-latn\/u-krusevcu-gostovalo-studentsko-pozoriste-pale\/"},"modified":"2023-05-09T19:43:19","modified_gmt":"2023-05-09T17:43:19","slug":"u-krusevcu-gostovalo-studentsko-pozoriste-pale-ltn","status":"publish","type":"post","link":"https:\/\/predstavnistvorsbg.rs\/sr-Latn\/prethodni-dogadjaji-sr-latn\/u-krusevcu-gostovalo-studentsko-pozoriste-pale-ltn\/","title":{"rendered":"U Kru\u0161evcu gostovalo Studentsko pozori\u0161te Pale"},"content":{"rendered":"<p>U okviru manifestacije \u201eDani Srpske u Srbiji\u201c u Kru\u0161evcu je ve\u010deras (09.09.2022.g.) gostovalo Studentsko pozori\u0161te Pale sa predstavom \u201e186. Stepenik\u201c u re\u017eiji Nemanje Kosti\u0107a i prema tekstu Borislava Peki\u0107a.<\/p>\n<p>Kru\u0161eva\u010dka publika je imala pozitivne impresije o predstavi u kojoj su igrali Veljko \u0110okovi\u0107, Nemanja Popovi\u0107, LJubica \u010cvoro, Nikola \u0110okovi\u0107 i Dimitrije \u0110evi\u0107.<\/p>\n<p>Osim predstavnika grada Kru\u0161evca izvo\u0111enju predstavi je prisustvovala delegacija Predstavni\u0161tva Republike Srpske u Srbiji i pozori\u0161ni reditelj Aleksandar Pejakovi\u0107 iz Banjalu\u010dkog studentskog pozori\u0161ta.<\/p>\n<p><img title=\"U predstavi su igrali Veljko \u0110okovi\u0107, Nemanja Popovi\u0107, LJubica \u010cvoro, Nikola \u0110okovi\u0107 i Dimitrije \u0110evi\u0107\" src=\"\/wp-content\/uploads\/prethodni\/2022\/drugi_dan_krusevac2.jpg\" alt=\"U predstavi su igrali Veljko \u0110okovi\u0107, Nemanja Popovi\u0107, LJubica \u010cvoro, Nikola \u0110okovi\u0107 i Dimitrije \u0110evi\u0107\" width=\"1200\" border=\"0\" \/><\/p>\n<p>Pejakovi\u0107 je izjavio da manifestacija \u201eDani Srpske u Srbiji\u201c na radost Srba sa obje strane Drine, raste i razvija se, prati novo doba, usvaja njegove novine.<\/p>\n<p>On je naglasio da su \u201eDani Srpske u Srbiji\u201c uspje\u0161na manifestacija, prije svega zato \u0161to je njen idejni tvorac, \u0161ef Predstavni\u0161tva Republike Srpske u Srbiji Mla\u0111en Cicovi\u0107, od samog po\u010detka te\u017eio da ona bude utemeljena na evropskim vrijednostima.<\/p>\n<p><img title=\"U Kru\u0161eva\u010dkom pozori\u0161tu predstava Studenskog pozori\u0161ta Pale: \u201e186. stepenik\u201c\" src=\"\/wp-content\/uploads\/prethodni\/2022\/drugi_dan_krusevac4.jpg\" alt=\"U Kru\u0161eva\u010dkom pozori\u0161tu predstava Studenskog pozori\u0161ta Pale: \u201e186. stepenik\u201c\" width=\"1200\" border=\"0\" \/><\/p>\n<p>\u201eManifestacija od osnivanja ne nosi samo evropske vrijednosti, ve\u0107 i vrijednosti koje krase na\u0161u zemlju i Srbiju u \u010dijim temeljima je gostoprimstvo, njegovanje prijateljstva i otvorenost srca prema svima koji vole Republiku Srpsku. Zato je trebamo \u010duvati sa uvjerenjem da je ona samo mla\u0111a sestra otad\u017ebini Srbiji\u201c, rekao je Pejakovi\u0107 novinarima.<\/p>\n<p>On je dodao da ga posebno raduje \u0161to su njegove kolege iz Studentskog pozori\u0161ta Pale ve\u010deras u Kru\u0161evcu.<\/p>\n<p><img title=\"Jelena Todorovi\u0107, pomo\u0107nik gradona\u010delnika Kru\u0161evca na sastanku sa Tatjanom Duvnjak, Jelenom Kusmuk i Anom LJuti\u0107 saradnicima u Predstavni\u0161tvu R. Srpske u Srbiji\" src=\"\/wp-content\/uploads\/prethodni\/2022\/drugi_dan_krusevac3.jpg\" alt=\"Jelena Todorovi\u0107, pomo\u0107nik gradona\u010delnika Kru\u0161evca na sastanku sa Tatjanom Duvnjak, Jelenom Kusmuk i Anom LJuti\u0107 saradnicima u Predstavni\u0161tvu R. Srpske u Srbiji\" width=\"1200\" border=\"0\" \/><\/p>\n<p>Izvo\u0111enju predstave prethodio je sastanak u upravi Grada Kru\u0161evca delegacije Predstavni\u0161tva Republike Srpske u Beogradu kojoj su bili Tatjana Duvnjak, Jelena Kusmuk i Ana LJuti\u0107, sa pomo\u0107nikom gradona\u010delnika Kru\u0161evca Jelenom Todorovi\u0107 na kojem je razgovarano o saradnji gradova i op\u0161tina iz Republike Srpske i Srbije.<\/p>\n<p>Todorovi\u0107eva je istakla da se raduje \u0161to se program \u201eDana Srpske u Srbiji\u201c i ove godine realizuje u Kru\u0161evcu.<\/p>\n<p>Ona je najavila da \u0107e i ubudu\u0107e rado prihvatiti inicijative za unapre\u0111enje saradnje koje budu do\u0161le iz Predstavni\u0161tva ili direktno iz Republike Srpske.<\/p>\n<p>Grad Kru\u0161evac ima potpisanu povelju o bratimljenju sa Bijeljinom od 2008. godine i protokol o uspostavljanju saradnje sa Isto\u010dnim Sarajevom od 2013. godine.<\/p>\n<p>Od 2006. godine izlaga\u010di iz Kru\u0161evca u\u010destvuju na poljoprivrednom sajmu u Bijeljini, a izlaga\u010di iz Bijeljine nastupali su na sajmu u Kru\u0161evcu 2016. i 2017. godine. Planirano je da se ova praksa nastavi.<\/p>\n","protected":false},"excerpt":{"rendered":"<p>U okviru manifestacije \u201eDani Srpske u Srbiji\u201c u Kru\u0161evcu je ve\u010deras (09.09.2022.g.) gostovalo Studentsko pozori\u0161te Pale sa predstavom \u201e186. Stepenik\u201c u re\u017eiji Nemanje Kosti\u0107a i prema tekstu Borislava Peki\u0107a. Kru\u0161eva\u010dka publika je imala pozitivne impresije o predstavi u kojoj su igrali Veljko \u0110okovi\u0107, Nemanja Popovi\u0107, LJubica \u010cvoro, Nikola \u0110okovi\u0107 i Dimitrije \u0110evi\u0107. Osim predstavnika grada&#8230;<\/p>\n","protected":false},"author":1,"featured_media":3726,"comment_status":"closed","ping_status":"closed","sticky":false,"template":"","format":"standard","meta":[],"categories":[56],"tags":[75],"_links":{"self":[{"href":"https:\/\/predstavnistvorsbg.rs\/sr-Latn\/wp-json\/wp\/v2\/posts\/4954"}],"collection":[{"href":"https:\/\/predstavnistvorsbg.rs\/sr-Latn\/wp-json\/wp\/v2\/posts"}],"about":[{"href":"https:\/\/predstavnistvorsbg.rs\/sr-Latn\/wp-json\/wp\/v2\/types\/post"}],"author":[{"embeddable":true,"href":"https:\/\/predstavnistvorsbg.rs\/sr-Latn\/wp-json\/wp\/v2\/users\/1"}],"replies":[{"embeddable":true,"href":"https:\/\/predstavnistvorsbg.rs\/sr-Latn\/wp-json\/wp\/v2\/comments?post=4954"}],"version-history":[{"count":0,"href":"https:\/\/predstavnistvorsbg.rs\/sr-Latn\/wp-json\/wp\/v2\/posts\/4954\/revisions"}],"wp:featuredmedia":[{"embeddable":true,"href":"https:\/\/predstavnistvorsbg.rs\/sr-Latn\/wp-json\/wp\/v2\/media\/3726"}],"wp:attachment":[{"href":"https:\/\/predstavnistvorsbg.rs\/sr-Latn\/wp-json\/wp\/v2\/media?parent=4954"}],"wp:term":[{"taxonomy":"category","embeddable":true,"href":"https:\/\/predstavnistvorsbg.rs\/sr-Latn\/wp-json\/wp\/v2\/categories?post=4954"},{"taxonomy":"post_tag","embeddable":true,"href":"https:\/\/predstavnistvorsbg.rs\/sr-Latn\/wp-json\/wp\/v2\/tags?post=4954"}],"curies":[{"name":"wp","href":"https:\/\/api.w.org\/{rel}","templated":true}]}}