{"id":4955,"date":"2022-09-09T11:00:08","date_gmt":"2022-09-09T09:00:08","guid":{"rendered":"https:\/\/prs2.profimediagroup.com\/uncategorized-sr-latn\/dani-srpske-u-srbiji-djakoviceva-sa-predstavnicima-kragujevca-o-razvoju-saradnje-u-kulturi\/"},"modified":"2023-05-09T19:43:25","modified_gmt":"2023-05-09T17:43:25","slug":"dani-srpske-u-srbiji-djakoviceva-sa-predstavnicima-kragujevca-o-razvoju-saradnje-u-kulturi-ltn","status":"publish","type":"post","link":"https:\/\/predstavnistvorsbg.rs\/sr-Latn\/prethodni-dogadjaji-sr-latn\/dani-srpske-u-srbiji-djakoviceva-sa-predstavnicima-kragujevca-o-razvoju-saradnje-u-kulturi-ltn\/","title":{"rendered":"Dani Srpske u Srbiji &#8211; \u0110akovi\u0107eva sa predstavnicima Kragujevca o razvoju saradnje u kulturi"},"content":{"rendered":"<p>Pomo\u0107nik ministra za kulturu Republike Srpske <strong>Tanja \u0110akovi\u0107 <\/strong>izjavila je danas (09.09.2022.g.), nakon sastanka sa predstavnicima grada Kragujevca da bi ve\u0107 od sljede\u0107e godine mogla da se realizuje konkretna saradnja u oblasti kulture.<br \/>\n\u0110akovi\u0107eva je, poslije susreta sa \u010dlanom Gradskog vije\u0107a za kulturu Miljanom Bjeleti\u0107em u okviru manifestacije \u201eDani Srpske u Srbiji\u201c, navela da postoje mogu\u0107nosti za razvoj saradnje u oblasti muzike i pozori\u0161ne umjetnosti.<\/p>\n<p>\u201eJako je va\u017eno \u0161to je Predstavni\u0161tvo Republike Srpske u Srbiji pokrenulo ovakvu manifestaciju jo\u0161 prije deset godina s ciljem da se gra\u0111anima u Srbiji predstavi kultura Republike Srspke, na\u0161i umjetnici i kulturno stvarala\u0161tvo, ali i prirodne ljepote, prirodni, turisti\u010dki i drugi potencijali\u201c, rekla je \u0110akovi\u0107eva novinarima.<\/p>\n<p>Ona je istakla da su ustanove kulture u Srpskoj naro\u010dito oslonjene na ustanove kulture u Sriji, a umjetnici i kulturni radnici ve\u0107 imaju blisku saradnju i samo im je potrebna podr\u0161ka.<\/p>\n<p>\u201eMinistarstvo prosvjete i kulture Republike Srpske podr\u017eava takve vidove saradnje, a isto tako i grad Kragujevac i svi ostali gradovi koji su ve\u0107 deset godina u\u010desnici ove zna\u010dajne manifestacije\u201c, navela je \u0110akovi\u0107eva.<\/p>\n<p><img title=\"Miljan Bjeleti\u0107, \u010dlan Gradskog ve\u0107a za kulturu i Ana Petrovi\u0107 iz Galerije Ku\u0107e \u0110ure Jak\u0161i\u0107a u razgovaru su sa delegacijom R. Srpske\" src=\"\/wp-content\/uploads\/prethodni\/2022\/drugi_dan_kragujevac2.jpg\" alt=\"Miljan Bjeleti\u0107, \u010dlan Gradskog ve\u0107a za kulturu i Ana Petrovi\u0107 iz Galerije Ku\u0107e \u0110ure Jak\u0161i\u0107a u razgovaru su sa delegacijom R. Srpske\" width=\"1200\" border=\"0\" \/><\/p>\n<p><strong>Bjeleti\u0107 <\/strong>je rekao da postoji obostrana \u017eelja i razumijevanje da se saradnja sa Republikom Srpskom ne zasniva samo na ovoj, kako je istakao, va\u017enoj manifestaciji \u010diji je Kragujevac doma\u0107in deseti, jubilarni put, ve\u0107 da bude dvosmjerna.<\/p>\n<p>\u201eMislim da je mogu\u0107e da saradnju intenziviramo i to u gradovima koji mogu da okupe i veliki broj posjetilaca i koji mogu da budu dobri doma\u0107ini u smislu da mogu da okupe takve vrsne umjetnike i ne samo publiku, ve\u0107 i ustanove kulture\u201c, rekao je Bjeleti\u0107.<\/p>\n<p>On je napomenuo da \u0107e se jo\u0161 razgovarati o tome, jer je o\u010digledno da postoji dosta prostora za unapre\u0111enje saradnje.<\/p>\n<p>\u201eO\u010digledno je da postoji razumijevanje i zajedni\u010dka \u017eelja da se ta saradnja intenzivira ne samo kada je u pitanju grad pobratim &#8211; Fo\u010da, ve\u0107 i sa drugim gradovima koji organizuju va\u017ene festivale, \u0161to nacionalnog, \u0161to me\u0111unarodnog karaktera, a grad Kragujevac svakako ima \u0161ta da ponudi\u201c, istakao je Bjeleti\u0107.<\/p>\n<p>Sastanku je prisustvovao i saradnik za razvoj i unapre\u0111enje saradnje u prosvjeti, kulturi i umjetnosti u Predstavni\u0161tvu Republike Srpske Borislav Maksimovi\u0107.<\/p>\n<p><img title=\"U Kragujevcu u Knja\u017eevsko-srpskom teataru, odigrana predstava Gradskog pozori\u0161ta \u201eSemberija\u201c Bijeljina, \u201eKomedija ometena u razvoju\u201c\" src=\"\/wp-content\/uploads\/prethodni\/2022\/drugi_dan_kragujevac3.jpg\" alt=\"U Kragujevcu u Knja\u017eevsko-srpskom teataru, odigrana predstava Gradskog pozori\u0161ta \u201eSemberija\u201c Bijeljina, \u201eKomedija ometena u razvoju\u201c\" width=\"1200\" border=\"0\" \/><\/p>\n<p>U okviru manifestacije \u201eDani Srpske u Srbiji\u201c u Kragujevcu je ve\u010deras u Knja\u017eevsko-srpskom teatru odigrana i predstava Gradskog pozori\u0161ta \u201eSemberija\u201c Bijeljina pod naslovom \u201eKomedija ometena u razvoju\u201c.<\/p>\n<p><img title=\"U Kragujevcu u Knja\u017eevsko-srpskom teatru odigrana predstava u sklopu Dani Srpske u Srbiji\" src=\"\/wp-content\/uploads\/prethodni\/2022\/drugi_dan_kragujevac4.jpg\" alt=\"U Kragujevcu u Knja\u017eevsko-srpskom teatru odigrana predstava u sklopu Dani Srpske u Srbiji\" width=\"1200\" border=\"0\" \/><\/p>\n","protected":false},"excerpt":{"rendered":"<p>Pomo\u0107nik ministra za kulturu Republike Srpske Tanja \u0110akovi\u0107 izjavila je danas (09.09.2022.g.), nakon sastanka sa predstavnicima grada Kragujevca da bi ve\u0107 od sljede\u0107e godine mogla da se realizuje konkretna saradnja u oblasti kulture. \u0110akovi\u0107eva je, poslije susreta sa \u010dlanom Gradskog vije\u0107a za kulturu Miljanom Bjeleti\u0107em u okviru manifestacije \u201eDani Srpske u Srbiji\u201c, navela da postoje&#8230;<\/p>\n","protected":false},"author":1,"featured_media":3728,"comment_status":"closed","ping_status":"closed","sticky":false,"template":"","format":"standard","meta":[],"categories":[56],"tags":[75],"_links":{"self":[{"href":"https:\/\/predstavnistvorsbg.rs\/sr-Latn\/wp-json\/wp\/v2\/posts\/4955"}],"collection":[{"href":"https:\/\/predstavnistvorsbg.rs\/sr-Latn\/wp-json\/wp\/v2\/posts"}],"about":[{"href":"https:\/\/predstavnistvorsbg.rs\/sr-Latn\/wp-json\/wp\/v2\/types\/post"}],"author":[{"embeddable":true,"href":"https:\/\/predstavnistvorsbg.rs\/sr-Latn\/wp-json\/wp\/v2\/users\/1"}],"replies":[{"embeddable":true,"href":"https:\/\/predstavnistvorsbg.rs\/sr-Latn\/wp-json\/wp\/v2\/comments?post=4955"}],"version-history":[{"count":0,"href":"https:\/\/predstavnistvorsbg.rs\/sr-Latn\/wp-json\/wp\/v2\/posts\/4955\/revisions"}],"wp:featuredmedia":[{"embeddable":true,"href":"https:\/\/predstavnistvorsbg.rs\/sr-Latn\/wp-json\/wp\/v2\/media\/3728"}],"wp:attachment":[{"href":"https:\/\/predstavnistvorsbg.rs\/sr-Latn\/wp-json\/wp\/v2\/media?parent=4955"}],"wp:term":[{"taxonomy":"category","embeddable":true,"href":"https:\/\/predstavnistvorsbg.rs\/sr-Latn\/wp-json\/wp\/v2\/categories?post=4955"},{"taxonomy":"post_tag","embeddable":true,"href":"https:\/\/predstavnistvorsbg.rs\/sr-Latn\/wp-json\/wp\/v2\/tags?post=4955"}],"curies":[{"name":"wp","href":"https:\/\/api.w.org\/{rel}","templated":true}]}}