{"id":4956,"date":"2022-09-09T12:00:31","date_gmt":"2022-09-09T10:00:31","guid":{"rendered":"https:\/\/prs2.profimediagroup.com\/uncategorized-sr-latn\/ministarka-gasic-posetila-stand-tors-a-u-okviru-manifestacije-dani-srpske-u-srbiji\/"},"modified":"2023-05-09T19:43:30","modified_gmt":"2023-05-09T17:43:30","slug":"ministarka-gasic-posetila-stand-tors-a-u-okviru-manifestacije-dani-srpske-u-srbiji-ltn","status":"publish","type":"post","link":"https:\/\/predstavnistvorsbg.rs\/sr-Latn\/prethodni-dogadjaji-sr-latn\/ministarka-gasic-posetila-stand-tors-a-u-okviru-manifestacije-dani-srpske-u-srbiji-ltn\/","title":{"rendered":"Ministarka Ga\u0161i\u0107 posetila \u0160tand tors-a u okviru manifestacije &#8222;Dani Srpske u Srbiji&#8220;"},"content":{"rendered":"<p>Danas, 10.09.2022. godine, drugog dana jubilarne desete manifestacije \u201eDani Srpske u Srbiji&#8220;, u Knez Mihailovoj ulici u Beogradu na \u0161tandu Turisti\u010dke organizacije Republike Srpske nastavljeno je sa predstavljanjem svih turisti\u010dkih potencijala i resursa Republike Srpske, koja je ve\u0107 godinama omiljena destinacija gra\u0111ana Srbije.<\/p>\n<p><img title=\"Suzana Ga\u0161i\u0107, ministarka trgovine i turizma posetila \u0160tand tors-a u okviru manifestacije \u201eDani Srpske u Srbiji\u201d\" src=\"\/wp-content\/uploads\/prethodni\/2022\/drugi_dan_tors2.jpg\" alt=\"Suzana Ga\u0161i\u0107, ministarka trgovine i turizma posetila \u0160tand tors-a u okviru manifestacije \u201eDani Srpske u Srbiji\u201d\" width=\"1200\" border=\"0\" \/><\/p>\n<p>\u0160tand Turisti\u010dke organizacije Republike Srpske u Beogradu danas je posjetila i Suzana Ga\u0161i\u0107, ministarka trgovine i turizma.<\/p>\n<p><img title=\"Suzana Ga\u0161i\u0107, ministarka trgovine i turizma sa Jelenom Kusmuk saradnikom za privredu u Predstavni\u0161tvu R. Srpske u Srbiji\" src=\"\/wp-content\/uploads\/prethodni\/2022\/drugi_dan_tors3.jpg\" alt=\"Suzana Ga\u0161i\u0107, ministarka trgovine i turizma sa Jelenom Kusmuk saradnikom za privredu u Predstavni\u0161tvu R. Srpske u Srbiji\" width=\"1200\" border=\"0\" \/><\/p>\n<p>Promocija turisti\u010dke ponude Republike Srpske povodom jubilarne desete manifestacije \u201eDani Srpske u Srbiji\u201c nastavlja se i sutra u Beogradu, a od 12.09. u Novom Sadu.<\/p>\n","protected":false},"excerpt":{"rendered":"<p>Danas, 10.09.2022. godine, drugog dana jubilarne desete manifestacije \u201eDani Srpske u Srbiji&#8220;, u Knez Mihailovoj ulici u Beogradu na \u0161tandu Turisti\u010dke organizacije Republike Srpske nastavljeno je sa predstavljanjem svih turisti\u010dkih potencijala i resursa Republike Srpske, koja je ve\u0107 godinama omiljena destinacija gra\u0111ana Srbije. \u0160tand Turisti\u010dke organizacije Republike Srpske u Beogradu danas je posjetila i Suzana&#8230;<\/p>\n","protected":false},"author":1,"featured_media":3730,"comment_status":"closed","ping_status":"closed","sticky":false,"template":"","format":"standard","meta":[],"categories":[56],"tags":[75],"_links":{"self":[{"href":"https:\/\/predstavnistvorsbg.rs\/sr-Latn\/wp-json\/wp\/v2\/posts\/4956"}],"collection":[{"href":"https:\/\/predstavnistvorsbg.rs\/sr-Latn\/wp-json\/wp\/v2\/posts"}],"about":[{"href":"https:\/\/predstavnistvorsbg.rs\/sr-Latn\/wp-json\/wp\/v2\/types\/post"}],"author":[{"embeddable":true,"href":"https:\/\/predstavnistvorsbg.rs\/sr-Latn\/wp-json\/wp\/v2\/users\/1"}],"replies":[{"embeddable":true,"href":"https:\/\/predstavnistvorsbg.rs\/sr-Latn\/wp-json\/wp\/v2\/comments?post=4956"}],"version-history":[{"count":0,"href":"https:\/\/predstavnistvorsbg.rs\/sr-Latn\/wp-json\/wp\/v2\/posts\/4956\/revisions"}],"wp:featuredmedia":[{"embeddable":true,"href":"https:\/\/predstavnistvorsbg.rs\/sr-Latn\/wp-json\/wp\/v2\/media\/3730"}],"wp:attachment":[{"href":"https:\/\/predstavnistvorsbg.rs\/sr-Latn\/wp-json\/wp\/v2\/media?parent=4956"}],"wp:term":[{"taxonomy":"category","embeddable":true,"href":"https:\/\/predstavnistvorsbg.rs\/sr-Latn\/wp-json\/wp\/v2\/categories?post=4956"},{"taxonomy":"post_tag","embeddable":true,"href":"https:\/\/predstavnistvorsbg.rs\/sr-Latn\/wp-json\/wp\/v2\/tags?post=4956"}],"curies":[{"name":"wp","href":"https:\/\/api.w.org\/{rel}","templated":true}]}}