{"id":4957,"date":"2022-09-09T13:00:38","date_gmt":"2022-09-09T11:00:38","guid":{"rendered":"https:\/\/prs2.profimediagroup.com\/uncategorized-sr-latn\/srpski-jezik-i-cirilica-temelj-kulturnog-i-nacionalnog-identiteta\/"},"modified":"2023-05-09T19:43:36","modified_gmt":"2023-05-09T17:43:36","slug":"srpski-jezik-i-cirilica-temelj-kulturnog-i-nacionalnog-identiteta-ltn","status":"publish","type":"post","link":"https:\/\/predstavnistvorsbg.rs\/sr-Latn\/prethodni-dogadjaji-sr-latn\/srpski-jezik-i-cirilica-temelj-kulturnog-i-nacionalnog-identiteta-ltn\/","title":{"rendered":"Srpski jezik i \u0107irilica &#8211; temelj kulturnog i nacionalnog identiteta"},"content":{"rendered":"<p>Srpski jezik i \u0107irilica temelj su kulturnog i nacionalnog identiteta i njihova za\u0161tita je klju\u010dna za srpski kulturolo\u0161ki opstanak, poru\u010dila je danas ministar prosvjete i kulture Republike Srpske Natalija Trivi\u0107 u Beogradu, na manifestaciji \u201eDani Srpske u Srbiji\u201c.<\/p>\n<p>&nbsp;<\/p>\n<p>Deseta po redu manifestacija Dani Srpske u Srbiji sve\u010dano otvorena u Beogradu&#8220; Beogradu je ve\u010deras sve\u010dano otvorena deseta manifestacija Dani Srpske u Srbiji.<\/p>\n<p><img title=\"Natalija Trivi\u0107, ministarka prosvete i kulture Republike Srpske i Branko Ru\u017ei\u0107, prvi potpredsednik Vlade i ministar prosvete, nauke i tehnolo\u0161kog razvoja Republike Srbije\" src=\"\/wp-content\/uploads\/prethodni\/2022\/drugi_dan_ds_okrugli_sto2.jpg\" alt=\"Natalija Trivi\u0107, ministarka prosvete i kulture Republike Srpske i Branko Ru\u017ei\u0107, prvi potpredsednik Vlade i ministar prosvete, nauke i tehnolo\u0161kog razvoja Republike Srbije\" width=\"1200\" border=\"0\" \/><\/p>\n<p><strong>Trivi\u0107eva<\/strong>, koja u\u010destvuje u radu panela o temi: \u201eIdentitet: jezik, umetnost, kultura \u2013 Jedinstvenost kulturnog prostora Republike Srpske i Republike Srbije\u201c na Univerzitetu umjetnosti u Beogradu, istakla je jedinstvenost prostora Srpske i Srbije.<\/p>\n<p>\u201eIdentitet jednog naroda kroz razne oblike kulturnog i materijalnog i duhovnog naslje\u0111a zaista se njeguje izme\u0111u Srbije i Srpske na na\u010din da smo donijeli Povelju o srpskom kulturnom prostoru, da organizujemo razli\u010dite programe poput ovog panela, ali i razli\u010ditih foruma o za\u0161titi \u0107irilice, srpskog jezika i pisma&#8220;, rekla je Trivi\u0107eva.<\/p>\n<p>Ona je konstatovala da je kultura klju\u010dni resurs za razvoj i da aktivno uklju\u010divanje javnosti u proces o\u010duvanja ba\u0161tine ima veliku ulogu u podizanju svijesti gra\u0111ana o zna\u010daju kulturnog naslje\u0111a, a kroz odgovaraju\u0107e obrazovanje i informisanje o kulturnoj ba\u0161tini i njenom zna\u010daju za afirmaciju kulturnog identiteta.<\/p>\n<p>\u201eKulturno naslje\u0111e smo du\u017eni sa\u010duvati, za\u0161tititi i ostaviti budu\u0107im generacijama kao \u0161to su nama ostavili na\u0161i preci. Ukoliko znamo ko smo, u kojem smjeru se kre\u0107emo i \u0161ta ta\u010dno posjedujemo, tada mo\u017eemo definisati kulturu na\u0161eg dru\u0161tva. Izgradnjom kulturnog identiteta, dru\u0161tvo defini\u0161e kulturu&#8220;, ocijenila je Trivi\u0107eva.<\/p>\n<p>Ona je ukazala da je u Republici Srpskoj stupio na snagu Zakon o za\u0161titi, o\u010duvanju i upotrebi jezika srpskog naroda i \u0107irili\u010dkog pisma koji ure\u0111uje sistem za\u0161tite, o\u010duvanja i na\u010din kori\u0161tenja jezika i pisma srpskog naroda kao nematerijalnog kulturnog naslje\u0111a, te utvr\u0111uje na\u010din dru\u0161tvene brige o za\u0161titi i o\u010duvanju jezika srpskog naroda i \u0107irili\u010dkog pisma.<\/p>\n<p>Ona je napomenula da je isti zakon, sa manjim izmjenama, prilago\u0111enim dr\u017eavnom ure\u0111enju i prilikama donesen 15. septembra pro\u0161le godine i u Republici Srbiji, saop\u0161teno je iz resornog ministarstva.<\/p>\n<p>\u201eDono\u0161enje ovih zakonskih rje\u0161enja je prirodan i logi\u010dan slijed u primjeni Povelje o srpskom kulturnom prostoru, sporazuma koji defini\u0161e zajedni\u010dko djelovanje Republike Srpske i Srbije, potpisan izme\u0111u dva nadle\u017ena ministarstva&#8220;, navela je Trivi\u0107eva.<\/p>\n<p><img title=\"Branko Ru\u017ei\u0107, prvi potpredsednik Vlade i ministar prosvete, nauke i tehnolo\u0161kog razvoja Republike Srbije\" src=\"\/wp-content\/uploads\/prethodni\/2022\/drugi_dan_ds_okrugli_sto3.jpg\" alt=\"Natalija Trivi\u0107, ministarka prosvete i kulture Republike Srpske i Branko Ru\u017ei\u0107, prvi potpredsednik Vlade i ministar prosvete, nauke i tehnolo\u0161kog razvoja Republike Srbije\" width=\"1200\" border=\"0\" \/><\/p>\n<p>Ministar prosvjete, nauke i tehnolo\u0161kog razvoja Srbije <strong>Branko Ru\u017ei\u0107<\/strong> istakao je va\u017enost da Srbi budu zajedno i da se u svakom trenutku osje\u0107a me\u0111usobna bliskost.<\/p>\n<p>\u201eJedan smo narod, u mentalnom, kulturolo\u0161kom i sa aspekta tradicije, istorije, vere i nismo u poziciji ni da pomislimo da je mogu\u0107e da nam neko uskrati afirmaciju takvih prava&#8220;, rekao je Ru\u017ei\u0107.<\/p>\n<p>On je ukazao da postoje poku\u0161aji nekih da rijeku Drinu predstave kao &#8222;razdelnicu&#8220; srpskog naroda, istakav\u0161i da to ona nije, ve\u0107 da Drina spaja, da je ona ki\u010dma koja u svakom smislu povezuje.<\/p>\n<p>\u201eObaveza Srbije kao mati\u010dne dr\u017eave je da sve vrednosti srpskog naroda afirmi\u0161e kako u Republici Srpskoj tako i svuda gde \u017eive Srbi i da na taj na\u010din i srpski identitet stavi na pijadestal koji zaslu\u017euje, ne ugro\u017eavaju\u0107i, naravno nikog drugog&#8220;, rekao je Ru\u017ei\u0107.<\/p>\n<p><img title=\"Mla\u0111en Cicovi\u0107, \u0161ef Predstavni\u0161tva R. Srpske u Srbiji\" src=\"\/wp-content\/uploads\/prethodni\/2022\/drugi_dan_ds_okrugli_sto4.jpg\" alt=\"Mla\u0111en Cicovi\u0107, \u0161ef Predstavni\u0161tva R. Srpske u Srbiji\" width=\"1200\" border=\"0\" \/><\/p>\n<p>\u0160ef Predstavni\u0161tva Republike Srpske u Srbiji <strong>Mla\u0111en Cicovi\u0107<\/strong> poru\u010dio je danas da Srbi u Republici Srpskoj i u Srbiji nemaju pre\u010deg i va\u017enijeg posla od za\u0161tite i njegovanja srpskog jezika i pisma, \u0107irilice, pravoslavne vjere, svoje tradicije i istorije.<\/p>\n<p>On je naglasio da je jedinstvenost srpskog kulturno-umjetni\u010dkog i informativnog prostora sa dvije strane Drine u za\u0161titi jezika, pisma, vjere i narodnog blaga veliko ohrabrenje i najve\u0107a pomo\u0107.<\/p>\n<p>Cicovi\u0107 je naveo da je manifestacija \u201cDani Srpske u Srbiji\u201c u sklopu koje je ovaj panel organizovan postala jo\u0161 &#8222;jedan most preko Drine&#8220;, naj\u0161iri i najljep\u0161i.<\/p>\n<p><img title=\"U\u010desnici panela\" src=\"\/wp-content\/uploads\/prethodni\/2022\/drugi_dan_ds_okrugli_sto5.jpg\" alt=\"U\u010desnici panela\" width=\"1200\" border=\"0\" \/><\/p>\n<div>Na panelu su u\u010destvovali i rektor Univerziteta umetnosti u Beogradu, Mirjana Nikoli\u0107, zamjenik upravnika Narodne biblioteke Srbije Dragan Pure\u0161i\u0107, upravnik Univerzitetske biblioteke \u201eSvetozar Markovi\u0107&#8220; Aleksandar Jerkov, direktor Narodne i univerzitetske biblioteke Republike Srpske LJilja Petrovi\u0107 Ze\u010di\u0107, vr\u0161ilac du\u017enosti direktora Narodnog pozpri\u0161ta Republike Srpske Dijana Grbi\u0107, urednik Kulturno-umetni\u010dkog programa RTS-a Vladimir Kecmanovi\u0107, te urednik Kulturnog programa RTRS-a Ernest Zavila.<\/div>\n<p><img title=\"Natalija Trivi\u0107, ministarka prosvete i kulture R. Srpske i Mla\u0111en Cicovi\u0107, \u0161ef Predstavni\u0161tva R. Srpske u Srbiji u razgovoru sa Mirjanom Nikoli\u0107, rektorom Univerziteta umetnosti u Beogradu\" src=\"\/wp-content\/uploads\/prethodni\/2022\/drugi_dan_ds_okrugli_sto6.jpg\" alt=\"Natalija Trivi\u0107, ministarka prosvete i kulture R. Srpske i Mla\u0111en Cicovi\u0107, \u0161ef Predstavni\u0161tva R. Srpske u Srbiji u razgovoru sa Mirjanom Nikoli\u0107, rektorom Univerziteta umetnosti u Beogradu\" width=\"1200\" border=\"0\" \/><\/p>\n","protected":false},"excerpt":{"rendered":"<p>Srpski jezik i \u0107irilica temelj su kulturnog i nacionalnog identiteta i njihova za\u0161tita je klju\u010dna za srpski kulturolo\u0161ki opstanak, poru\u010dila je danas ministar prosvjete i kulture Republike Srpske Natalija Trivi\u0107 u Beogradu, na manifestaciji \u201eDani Srpske u Srbiji\u201c. &nbsp; Deseta po redu manifestacija Dani Srpske u Srbiji sve\u010dano otvorena u Beogradu&#8220; Beogradu je ve\u010deras sve\u010dano&#8230;<\/p>\n","protected":false},"author":1,"featured_media":3732,"comment_status":"closed","ping_status":"closed","sticky":false,"template":"","format":"standard","meta":[],"categories":[56],"tags":[75],"_links":{"self":[{"href":"https:\/\/predstavnistvorsbg.rs\/sr-Latn\/wp-json\/wp\/v2\/posts\/4957"}],"collection":[{"href":"https:\/\/predstavnistvorsbg.rs\/sr-Latn\/wp-json\/wp\/v2\/posts"}],"about":[{"href":"https:\/\/predstavnistvorsbg.rs\/sr-Latn\/wp-json\/wp\/v2\/types\/post"}],"author":[{"embeddable":true,"href":"https:\/\/predstavnistvorsbg.rs\/sr-Latn\/wp-json\/wp\/v2\/users\/1"}],"replies":[{"embeddable":true,"href":"https:\/\/predstavnistvorsbg.rs\/sr-Latn\/wp-json\/wp\/v2\/comments?post=4957"}],"version-history":[{"count":0,"href":"https:\/\/predstavnistvorsbg.rs\/sr-Latn\/wp-json\/wp\/v2\/posts\/4957\/revisions"}],"wp:featuredmedia":[{"embeddable":true,"href":"https:\/\/predstavnistvorsbg.rs\/sr-Latn\/wp-json\/wp\/v2\/media\/3732"}],"wp:attachment":[{"href":"https:\/\/predstavnistvorsbg.rs\/sr-Latn\/wp-json\/wp\/v2\/media?parent=4957"}],"wp:term":[{"taxonomy":"category","embeddable":true,"href":"https:\/\/predstavnistvorsbg.rs\/sr-Latn\/wp-json\/wp\/v2\/categories?post=4957"},{"taxonomy":"post_tag","embeddable":true,"href":"https:\/\/predstavnistvorsbg.rs\/sr-Latn\/wp-json\/wp\/v2\/tags?post=4957"}],"curies":[{"name":"wp","href":"https:\/\/api.w.org\/{rel}","templated":true}]}}