{"id":4959,"date":"2022-09-11T10:00:07","date_gmt":"2022-09-11T08:00:07","guid":{"rendered":"https:\/\/prs2.profimediagroup.com\/uncategorized-sr-latn\/dani-srpske-u-srbiji-narodno-pozoriste-republike-srpske-predstavilo-se-vranjancima-komedijom-hrkaci-a-vrapcici-svojim-koncertom-najmladjim-beogradjanima\/"},"modified":"2023-05-09T19:43:46","modified_gmt":"2023-05-09T17:43:46","slug":"dani-srpske-u-srbiji-narodno-pozoriste-republike-srpske-predstavilo-se-vranjancima-komedijom-hrkaci-a-vrapcici-svojim-koncertom-najmladjim-beogradjanima-ltn","status":"publish","type":"post","link":"https:\/\/predstavnistvorsbg.rs\/sr-Latn\/prethodni-dogadjaji-sr-latn\/dani-srpske-u-srbiji-narodno-pozoriste-republike-srpske-predstavilo-se-vranjancima-komedijom-hrkaci-a-vrapcici-svojim-koncertom-najmladjim-beogradjanima-ltn\/","title":{"rendered":"Dani Srpske u Srbiji &#8211; Narodno pozori\u0161te Republike Srpske predstavilo se vranjancima komedijom &#8222;Hrka\u010di&#8220;, a &#8222;Vrap\u010di\u0107i&#8220; svojim koncertom najmla\u0111im beogra\u0111anima"},"content":{"rendered":"<div>U vranjanskom pozori\u0161tu \u201eBora Stankovi\u0107\u201c ve\u010deras (11.09.2022.g.) je u okviru manifestacije \u201eDani Srpske u Srbije\u201c izvedena komedija \u201eHrka\u010di\u201c Narodnog pozori\u0161ta Republike Srpske.<\/div>\n<p><img title=\"Autor i reditelj predstave \u201eHrka\u010di\u201c je Nikola Pejakovi\u0107\" src=\"\/wp-content\/uploads\/prethodni\/2022\/cetvrti_dan_vranje2.jpg\" alt=\"Autor i reditelj predstave \u201eHrka\u010di\u201c je Nikola Pejakovi\u0107\" width=\"1200\" border=\"0\" \/><\/p>\n<div>Autor i reditelj predstave je Nikola Pejakovi\u0107, a ona se bavi pandemijom virusa korona, ali i ljudima i bolestima koje napadaju du\u0161u te govori o demonskom egu, strastima i moralnom sunovratu modernog dru\u0161tva i civilizacije.<\/div>\n<p><img title=\"Delegacija R. Srpske u sastavu: Dijana Grbi\u0107, v.d. direktora Narodnog pozori\u0161ta R. Srpske i Borislav Maksimovi\u0107, saradnik u Predstavni\u0161tvu R. Srpske razgovarali su sa gradona\u010delnikom Vranja Slobodanom Milenkovi\u0107em i njegovim saradnicima\" src=\"\/wp-content\/uploads\/prethodni\/2022\/cetvrti_dan_vranje3.jpg\" alt=\"Delegacija R. Srpske u sastavu: Dijana Grbi\u0107, v.d. direktora Narodnog pozori\u0161ta R. Srpske i Borislav Maksimovi\u0107, saradnik u Predstavni\u0161tvu R. Srpske razgovarali su sa gradona\u010delnikom Vranja Slobodanom Milenkovi\u0107em i njegovim saradnicima\" width=\"1200\" border=\"0\" \/><\/p>\n<p>Gradona\u010delnik Vranja Slobodan Milenkovi\u0107 je prethodno uprili\u010dio prijem za delegaciju Republike Srpske poru\u010div\u0161i da je jako ponosan \u0161to je Vranje ve\u0107 \u010detvrtu godinu uklju\u010deno u manifestaciju \u201eDani Srpske u Srbiji\u201c.<\/p>\n<p>On je sagovornicima prenio da grad Vranje kao lokalna samouprava ima poseban odnos prema Republici Srpskoj.<\/p>\n<p>\u201eIzme\u0111u ostalog mi smo se pobratimili sa op\u0161tinom Brod. Odavde je jedinica iz vranjske kasarne 1992. godine bila na rati\u0161tu i bukvalno odbranila Brod. Mnogi su tu poginuli i ranjeni, ali je to stvorilo jednu neraskidivu vezu izme\u0111u Republike Srpske i Vranja\u201c, rekao je on.<\/p>\n<p>Milenkovi\u0107 je naglasio da Vranje ima izuzetnu saradnju i sa Trebinjem i Isto\u010dnim Sarajevom.<\/p>\n<p>\u201eCilj ove manifestacije je upravo upoznavanje jednog istog naroda sa obe strane Drine. Tako da Vam \u017eelim dobrodo\u0161licu i zaista sam ponosan \u0161to je grad Vranje deo ovog programa\u201c, rekao je on.<\/p>\n<p><img title=\"Borislav Maksimovi\u0107, saradnik u Predstavni\u0161tvu R. Srpske, Dijana Grbi\u0107, v.d. direktora Narodnog pozori\u0161ta R. Srpske, Slobodan Milenkovi\u0107, gradona\u010delnik Vranja sa saradnicima\" src=\"\/wp-content\/uploads\/prethodni\/2022\/cetvrti_dan_vranje4.jpg\" alt=\"Borislav Maksimovi\u0107, saradnik u Predstavni\u0161tvu R. Srpske, Dijana Grbi\u0107, v.d. direktora Narodnog pozori\u0161ta R. Srpske, Slobodan Milenkovi\u0107, gradona\u010delnik Vranja sa saradnicima\" width=\"1200\" border=\"0\" \/><\/p>\n<p>Vr\u0161ilac du\u017enosti direktora Narodnog pozori\u0161ta Republike Srpske Dijana Grbi\u0107 rekla je da se to pozori\u0161te svake godine odazivalo pozivu Predstavni\u0161tva Republike Srpske u Srbiji, koji je organizator manifestacije i da je gostovalo u mnogim gradovima, ali nikada u Vranju.<\/p>\n<p>Ona je izrazila nadu da \u0107e susreti Narodnog pozori\u0161ta Republike Srpske i vranjanske publike u budu\u0107nosti biti \u010de\u0161\u0107i.<\/p>\n<p>Saradnik za razvoj i unaprije\u0111enje saradnje u prosvjeti, kulturi i umjetnosti u Predstavni\u0161tvu Republike Srpske u Srbiji Borislav Maksimovi\u0107 se zahvalio na dobrodo\u0161lici posjeti\u0161i da je projekat \u201eDani Srpske u Srbiji\u201c pokrenut od strane Predstavni\u0161tva prije deset godina u cilju da prezentuje kulturu, umjetnost i privredu Republike Srpske i da podstakne saradnju izme\u0111u institucija i pojedinaca.<\/p>\n<p>On je naveo da je Vranje, bilo partner organizatoru od samih po\u010detaka i uvijek sjajan doma\u0107in i dodao da se nada da \u0107e se saradnja u budu\u0107nosti odvijati na jo\u0161 vi\u0161em nivou.<\/p>\n<p>\u201eSvakako, vjerujem da \u0107emo se vidjeti i na narednim \u201eDanima Srpske u Srbiji\u201c i da \u0107e se saradnja nastaviti u najboljem smjeru, rekao je on.<\/p>\n<p><img title=\"De\u010dji kulturni centar Beograd - nastup dje\u010djeg hora \u201eVrap\u010di\u0107i\u201c iz Banje Luke\" src=\"\/wp-content\/uploads\/prethodni\/2022\/cetvrti_dan_vrapcici1.jpg\" alt=\"De\u010dji kulturni centar Beograd - nastup dje\u010djeg hora \u201eVrap\u010di\u0107i\u201c iz Banje Luke\" width=\"1200\" border=\"0\" \/><\/p>\n<p>U De\u010djem kulturnom centru Beograd, najmla\u0111a publika je mogla da pogleda \u201eTenis kraljica\u201c koncert dje\u010djeg hora \u201eVrap\u010di\u0107i\u201c iz Banje Luke.<\/p>\n<p><img title=\"U Beogradu u De\u010djem kulturnom centru Beograd, publika je u\u017eivala u \u201eTenis kraljici\u201c koncertu dje\u010djeg hora \u201eVrap\u010di\u0107i\u201c iz Banje Luke\" src=\"\/wp-content\/uploads\/prethodni\/2022\/cetvrti_dan_vrapcici2.jpg\" alt=\"U Beogradu u De\u010djem kulturnom centru Beograd, publika je u\u017eivala u \u201eTenis kraljici\u201c koncertu dje\u010djeg hora \u201eVrap\u010di\u0107i\u201c iz Banje Luke\" width=\"1200\" border=\"0\" \/><\/p>\n<p>Branislav \u0110akovi\u0107, rukovodilac ovoga hora se zahvalio Predstavni\u0161tvu Republike Srpske u Srbiji na ovogodi\u0161njem pozivu i dodao da je \u0161ef Predstavni\u0161tva gospodin Mla\u0111en Cicivi\u0107 jo\u0161 ranijih godina prepoznao kvalitete ovoga hora i pozivao ih da u\u010destvuju na manifestaciji Dani Srpske u Srbiji \u00a0i da se predstave najmla\u0111oj\u00a0 publici u Srbiji.<\/p>\n","protected":false},"excerpt":{"rendered":"<p>U vranjanskom pozori\u0161tu \u201eBora Stankovi\u0107\u201c ve\u010deras (11.09.2022.g.) je u okviru manifestacije \u201eDani Srpske u Srbije\u201c izvedena komedija \u201eHrka\u010di\u201c Narodnog pozori\u0161ta Republike Srpske. Autor i reditelj predstave je Nikola Pejakovi\u0107, a ona se bavi pandemijom virusa korona, ali i ljudima i bolestima koje napadaju du\u0161u te govori o demonskom egu, strastima i moralnom sunovratu modernog dru\u0161tva&#8230;<\/p>\n","protected":false},"author":1,"featured_media":3736,"comment_status":"closed","ping_status":"closed","sticky":false,"template":"","format":"standard","meta":[],"categories":[56],"tags":[75],"_links":{"self":[{"href":"https:\/\/predstavnistvorsbg.rs\/sr-Latn\/wp-json\/wp\/v2\/posts\/4959"}],"collection":[{"href":"https:\/\/predstavnistvorsbg.rs\/sr-Latn\/wp-json\/wp\/v2\/posts"}],"about":[{"href":"https:\/\/predstavnistvorsbg.rs\/sr-Latn\/wp-json\/wp\/v2\/types\/post"}],"author":[{"embeddable":true,"href":"https:\/\/predstavnistvorsbg.rs\/sr-Latn\/wp-json\/wp\/v2\/users\/1"}],"replies":[{"embeddable":true,"href":"https:\/\/predstavnistvorsbg.rs\/sr-Latn\/wp-json\/wp\/v2\/comments?post=4959"}],"version-history":[{"count":0,"href":"https:\/\/predstavnistvorsbg.rs\/sr-Latn\/wp-json\/wp\/v2\/posts\/4959\/revisions"}],"wp:featuredmedia":[{"embeddable":true,"href":"https:\/\/predstavnistvorsbg.rs\/sr-Latn\/wp-json\/wp\/v2\/media\/3736"}],"wp:attachment":[{"href":"https:\/\/predstavnistvorsbg.rs\/sr-Latn\/wp-json\/wp\/v2\/media?parent=4959"}],"wp:term":[{"taxonomy":"category","embeddable":true,"href":"https:\/\/predstavnistvorsbg.rs\/sr-Latn\/wp-json\/wp\/v2\/categories?post=4959"},{"taxonomy":"post_tag","embeddable":true,"href":"https:\/\/predstavnistvorsbg.rs\/sr-Latn\/wp-json\/wp\/v2\/tags?post=4959"}],"curies":[{"name":"wp","href":"https:\/\/api.w.org\/{rel}","templated":true}]}}