{"id":4961,"date":"2022-09-12T12:00:14","date_gmt":"2022-09-12T10:00:14","guid":{"rendered":"https:\/\/prs2.profimediagroup.com\/uncategorized-sr-latn\/razgovor-o-ucvrscivanju-veza-cacka-i-srpske-i-koncert-one-tri\/"},"modified":"2023-05-09T19:37:26","modified_gmt":"2023-05-09T17:37:26","slug":"razgovor-o-ucvrscivanju-veza-cacka-i-srpske-i-koncert-one-tri-ltn","status":"publish","type":"post","link":"https:\/\/predstavnistvorsbg.rs\/sr-Latn\/prethodni-dogadjaji-sr-latn\/razgovor-o-ucvrscivanju-veza-cacka-i-srpske-i-koncert-one-tri-ltn\/","title":{"rendered":"Razgovor o u\u010dvr\u0161\u0107ivanju veza \u010ca\u010dka i Srpske i koncert &#8222;One tri&#8220;"},"content":{"rendered":"<p>U okviru manifestacije Dani Srpske u Srbiji delegacija Republike Srpske iz Ministarstva za evropske integracije i me\u0111unarodnu saradnju razgovarala je u \u010ca\u010dku sa zamjenikom gradona\u010delnika Vladanom Mili\u0107em i pomo\u0107nikom gradona\u010delnika Miroslavom Petkovi\u0107em o u\u010dvr\u0161\u0107ivanju veza izme\u0111u Grada \u010ca\u010dka i Republike Srpske.<\/p>\n<p><img title=\"U delegaciju R. Srpske u gradskoj upravi \u010ca\u010dka bili su Nemanja Kova\u010devi\u0107, pomo\u0107nik ministra i Goran Vu\u010di\u0107, \u0161ef kabineta ministra u ministarstvu za evropske integracije i me\u0111unarodnu saradnju u Vladi R. Srpske\" src=\"\/wp-content\/uploads\/prethodni\/2022\/peti_dan_rs_cacak2.jpg\" alt=\"U delegaciju R. Srpske u gradskoj upravi \u010ca\u010dka bili su Nemanja Kova\u010devi\u0107, pomo\u0107nik ministra i Goran Vu\u010di\u0107, \u0161ef kabineta ministra u ministarstvu za evropske integracije i me\u0111unarodnu saradnju u Vladi R. Srpske\" width=\"1200\" border=\"0\" \/><\/p>\n<div>\n<p>Na prijemu u gradskoj upravi \u010ca\u010dka delegaciju Republike Srpske \u010dinili su Nemanja Kova\u010devi\u0107, pomo\u0107nik ministra za me\u0111unarodnu saradnju i Goran Vu\u010di\u0107, \u0161ef Kabineta ministra za evropske integracije i me\u0111unarodnu saradnju u Vladi Republike Srpske.<img title=\"Sa predstavnicima Grada \u010ca\u010dka razgovaralo se na temu u\u010dvr\u0161\u0107ivanja veza izme\u0111u Grada \u010ca\u010dka i R. Srpske\" src=\"\/wp-content\/uploads\/prethodni\/2022\/peti_dan_rs_cacak3.jpg\" alt=\"Sa predstavnicima Grada \u010ca\u010dka razgovaralo se na temu u\u010dvr\u0161\u0107ivanja veza izme\u0111u Grada \u010ca\u010dka i R. Srpske\" width=\"1200\" border=\"0\" \/><\/p>\n<div>\n<p>Kova\u010devi\u0107 je rekao da je tokom razgovora nagla\u0161ena posve\u0107enost njegovanju zajedni\u010dke tradicije i kulture kao i stavljen akcenat na osna\u017eivanje programa i projekata koje imaju za cilj povezivanje i saradnju mladih ljudi sa ove strane rijeke Drine.<\/p>\n<p>On je naveo da se jubilarna, deseta po redu manifestacija \u201eDani Srpske u Srbiji\u201c odr\u017eava u godini proslavljanja 30 godina Republike Srpske \u0161to joj daje na posebnoj va\u017enosti.<\/p>\n<p>\u201cTim povodom smo i razgovarali sa predstavnicima Grada \u010ca\u010dka na temu u\u010dvr\u0161\u0107ivanja veza izme\u0111u Grada \u010ca\u010dka i Republike Srpske. Povezivanje op\u0161tina i gradova iz Srbije i Srpske je u fokusu ovogodi\u0161nje manifestacije i zbog toga me raduje da je jedan od gradova doma\u0107ina i Grad \u010ca\u010dak\u201c, rekao je Kova\u010devi\u0107.<img title=\"U \u010ca\u010dku je u Domu kulture odr\u017ean koncert grupe \u201eOne tri\u201c iz Banje Luke\" src=\"\/wp-content\/uploads\/prethodni\/2022\/peti_dan_rs_cacak4.jpg\" alt=\"U \u010ca\u010dku je u Domu kulture odr\u017ean koncert grupe \u201eOne tri\u201c iz Banje Luke\" width=\"1200\" border=\"0\" \/><\/p>\n<div>Nakon toga uve\u010de je u Domu kulture odr\u017ean koncert grupe \u201eOne tri\u201c iz Banjaluke, sa vokalima Ru\u017eica \u010cavi\u0107 Tomi\u0107evi\u0107, Svetlana Ceca Vidovi\u0107 i Maja Tati\u0107.<br \/>\n<img title=\"\u201eOne tri\u201c su izvele muzi\u010dki-scensku predstavu pod nazivom \u201eMrgude\u201c nastalu po motivima djela Petra Ko\u010di\u0107a\" src=\"\/wp-content\/uploads\/prethodni\/2022\/peti_dan_rs_cacak5.jpg\" alt=\"\u201eOne tri\u201c su izvele muzi\u010dki-scensku predstavu pod nazivom \u201eMrgude\u201c nastalu po motivima djela Petra Ko\u010di\u0107a\" width=\"1200\" border=\"0\" \/><\/p>\n<div>\u201eOne tri\u201c su izvele muzi\u010dki-scensku predstavu pod nazivom \u201eMrgude\u201c nastalu po motivima djela Petra Ko\u010di\u0107a, a Vidovi\u0107eva je izjavila da im je posebno drago \u0161to nastupaju u \u010ca\u010dku, gdje svi iz grupe imaju puno prijatelja.<br \/>\n<img title=\"Grupa \u201eOne tri\u201c iz Banjaluke, sa vokalima Ru\u017eica \u010cavi\u0107 Tomi\u0107evi\u0107, Svetlana Ceca Vidovi\u0107 i Maja Tati\u0107\" src=\"\/wp-content\/uploads\/prethodni\/2022\/peti_dan_rs_cacak6.jpg\" alt=\"Grupa \u201eOne tri\u201c iz Banjaluke, sa vokalima Ru\u017eica \u010cavi\u0107 Tomi\u0107evi\u0107, Svetlana Ceca Vidovi\u0107 i Maja Tati\u0107\" width=\"1200\" border=\"0\" \/><\/p>\n<div>\u201eMi smo spremne da jednu predivnu emociju koju nosimo prema muzici i prema na\u0161oj domovini prenesemo i ovde na publiku koja je do\u0161la na koncert\u201c, rekla je Vidovi\u0107eva.<\/div>\n<\/div>\n<\/div>\n<\/div>\n<\/div>\n","protected":false},"excerpt":{"rendered":"<p>U okviru manifestacije Dani Srpske u Srbiji delegacija Republike Srpske iz Ministarstva za evropske integracije i me\u0111unarodnu saradnju razgovarala je u \u010ca\u010dku sa zamjenikom gradona\u010delnika Vladanom Mili\u0107em i pomo\u0107nikom gradona\u010delnika Miroslavom Petkovi\u0107em o u\u010dvr\u0161\u0107ivanju veza izme\u0111u Grada \u010ca\u010dka i Republike Srpske. Na prijemu u gradskoj upravi \u010ca\u010dka delegaciju Republike Srpske \u010dinili su Nemanja Kova\u010devi\u0107, pomo\u0107nik&#8230;<\/p>\n","protected":false},"author":1,"featured_media":9949,"comment_status":"closed","ping_status":"closed","sticky":false,"template":"","format":"standard","meta":[],"categories":[56],"tags":[75],"_links":{"self":[{"href":"https:\/\/predstavnistvorsbg.rs\/sr-Latn\/wp-json\/wp\/v2\/posts\/4961"}],"collection":[{"href":"https:\/\/predstavnistvorsbg.rs\/sr-Latn\/wp-json\/wp\/v2\/posts"}],"about":[{"href":"https:\/\/predstavnistvorsbg.rs\/sr-Latn\/wp-json\/wp\/v2\/types\/post"}],"author":[{"embeddable":true,"href":"https:\/\/predstavnistvorsbg.rs\/sr-Latn\/wp-json\/wp\/v2\/users\/1"}],"replies":[{"embeddable":true,"href":"https:\/\/predstavnistvorsbg.rs\/sr-Latn\/wp-json\/wp\/v2\/comments?post=4961"}],"version-history":[{"count":0,"href":"https:\/\/predstavnistvorsbg.rs\/sr-Latn\/wp-json\/wp\/v2\/posts\/4961\/revisions"}],"wp:featuredmedia":[{"embeddable":true,"href":"https:\/\/predstavnistvorsbg.rs\/sr-Latn\/wp-json\/wp\/v2\/media\/9949"}],"wp:attachment":[{"href":"https:\/\/predstavnistvorsbg.rs\/sr-Latn\/wp-json\/wp\/v2\/media?parent=4961"}],"wp:term":[{"taxonomy":"category","embeddable":true,"href":"https:\/\/predstavnistvorsbg.rs\/sr-Latn\/wp-json\/wp\/v2\/categories?post=4961"},{"taxonomy":"post_tag","embeddable":true,"href":"https:\/\/predstavnistvorsbg.rs\/sr-Latn\/wp-json\/wp\/v2\/tags?post=4961"}],"curies":[{"name":"wp","href":"https:\/\/api.w.org\/{rel}","templated":true}]}}