{"id":4962,"date":"2022-09-12T13:00:33","date_gmt":"2022-09-12T11:00:33","guid":{"rendered":"https:\/\/prs2.profimediagroup.com\/uncategorized-sr-latn\/dani-srpske-u-zrenjaninu-dogovoreno-intenziviranje-saradnje-sa-tri-bratska-grada\/"},"modified":"2023-05-09T19:37:20","modified_gmt":"2023-05-09T17:37:20","slug":"dani-srpske-u-zrenjaninu-dogovoreno-intenziviranje-saradnje-sa-tri-bratska-grada-ltn","status":"publish","type":"post","link":"https:\/\/predstavnistvorsbg.rs\/sr-Latn\/prethodni-dogadjaji-sr-latn\/dani-srpske-u-zrenjaninu-dogovoreno-intenziviranje-saradnje-sa-tri-bratska-grada-ltn\/","title":{"rendered":"Dani Srpske u Zrenjaninu &#8211; dogovoreno intenziviranje saradnje sa tri bratska grada"},"content":{"rendered":"<p>Delegacija Predstavni\u0161tva Republike Srpske u Srbiji ve\u010deras je sa rukovodstom Zrenjanina, u okviru manifestacije \u201eDani Srpske u Srbiji\u201c, dogovorila intenziviranje saradnje sa tri bratska grada &#8211; Bijeljinom, Trebinjem i Lakta\u0161ima, kao i pro\u0161irenje projekta studentske prakse.<\/p>\n<p><img title=\"Tro\u010dlana delegacija Predstavni\u0161tva R. Srpske u Srbiji u sastavu: Mla\u0111en Cicovi\u0107, \u0161ef Predstavni\u0161tva, Tatjana Duvnjak i Jelena Kusmuk, saradnici u Predstavni\u0161tvu\" src=\"\/wp-content\/uploads\/prethodni\/2022\/peti_dan_rs_zrenjanin2.jpg\" alt=\"Tro\u010dlana delegacija Predstavni\u0161tva R. Srpske u Srbiji u sastavu: Mla\u0111en Cicovi\u0107, \u0161ef Predstavni\u0161tva, Tatjana Duvnjak i Jelena Kusmuk, saradnici u Predstavni\u0161tvu\" width=\"1200\" border=\"0\" \/><\/p>\n<p>\u0160ef Predstavni\u0161tva Republike Srpske u Srbiji Mla\u0111en Cicovi\u0107 rekao je da je sa gradona\u010delenikom Zrenjanina Simom Salapurom i njegovim saradnicima dogovoreno i da se intenzivira saradnja mladih, istaknutih mladih umjetnika i privrednika.<\/p>\n<p>Kada je rije\u010d o pro\u0161irenju studentske prakse, Cicovi\u0107 je naveo da je dogovoreno da se sa Kancelarijom mladih u Zrenjaninu pokrene inicijativa da studenti iz Republike Srpske u tom gradu obavljaju praksu.<\/p>\n<p><img title=\"Simo Salapura, gradona\u010delenik Zrenjanina sa Sa\u0161om Santovacem, zamenikom i Cicom Vu\u010dkovi\u0107, pomo\u0107nikom u gradskoj upravi Zrenjanina\" src=\"\/wp-content\/uploads\/prethodni\/2022\/peti_dan_rs_zrenjanin3.jpg\" alt=\"Simo Salapura, gradona\u010delenik Zrenjanina sa Sa\u0161om Santovacem, zamenikom i Cicom Vu\u010dkovi\u0107, pomo\u0107nikom u gradskoj upravi Zrenjanina\" width=\"1200\" border=\"0\" \/><\/p>\n<p>Salapura je rekao da ih za Republiku Srpsku posebno ve\u017ee to \u0161to imaju sporazume o bratimljenju sa Trebinjem, Bijeljinom i Lakta\u0161ima, kao i dobre veze sa Vi\u0161egradom i Bile\u0107om.<\/p>\n<p>On je istakao da su veze Vojvodine, tog dijela Banata, mnogo dublje i du\u017ee sa Republikom Srpskom i da to pokazuje i porijeklo i kontakti izme\u0111u naseljenih mjesta.<\/p>\n<p>\u201ePosebno nas raduje da pratimo ono \u0161to rade rukovodstva vlada Srbije i Srpske u smislu pribli\u017eavanja ne samo kada je u pitanju kultura nego svaka oblast ekonomskog razvoja\u201c, rekao je Salapura.<\/p>\n<p><img title=\"Prepun Kulturni centar Zrenjanin pred nastup etno grupe \u201cIva\u201d\" src=\"\/wp-content\/uploads\/prethodni\/2022\/peti_dan_rs_zrenjanin4.jpg\" alt=\"Prepun Kulturni centar Zrenjanin pred nastup etno grupe \u201cIva\u201d\" width=\"1200\" border=\"0\" \/><\/p>\n<p>U Kulturnom centru Zrenjanin ve\u010deras je odr\u017ean i koncert etno-grupe \u201eIva\u201c iz Doboja.<\/p>\n<p><img title=\"Koncert etno grupe \u201eIva\u201d iz Doboja u Kulturnom centru u Zrenjaninu\" src=\"\/wp-content\/uploads\/prethodni\/2022\/peti_dan_rs_zrenjanin5.jpg\" alt=\"Koncert etno grupe \u201eIva\u201d iz Doboja u Kulturnom centru u Zrenjaninu\" width=\"1200\" border=\"0\" \/><\/p>\n<p>Cicovi\u0107 je rekao da je etno-grupa \u201eIva\u201c imala sjajan nastup u prepunoj sali Kulturnog centra i na najbolji na\u010din predstavila Republiku Srpsku.<\/p>\n<p><img title=\"Delegacija Predstavni\u0161tva R. Srpske u Srbiji sa doma\u0107inima na koncertu\" src=\"\/wp-content\/uploads\/prethodni\/2022\/peti_dan_rs_zrenjanin6.jpg\" alt=\"Delegacija Predstavni\u0161tva R. Srpske u Srbiji sa doma\u0107inima na koncertu\" width=\"1200\" border=\"0\" \/><\/p>\n<p>Programi desete jubilarne manifestacije \u201eDani Srpske u Srbiji\u201c nastavljaju se sutra u Ni\u0161u i Subotici, kao i turisti\u010dka ponuda u Novom Sadu.<\/p>\n","protected":false},"excerpt":{"rendered":"<p>Delegacija Predstavni\u0161tva Republike Srpske u Srbiji ve\u010deras je sa rukovodstom Zrenjanina, u okviru manifestacije \u201eDani Srpske u Srbiji\u201c, dogovorila intenziviranje saradnje sa tri bratska grada &#8211; Bijeljinom, Trebinjem i Lakta\u0161ima, kao i pro\u0161irenje projekta studentske prakse. \u0160ef Predstavni\u0161tva Republike Srpske u Srbiji Mla\u0111en Cicovi\u0107 rekao je da je sa gradona\u010delenikom Zrenjanina Simom Salapurom i njegovim&#8230;<\/p>\n","protected":false},"author":1,"featured_media":3742,"comment_status":"closed","ping_status":"closed","sticky":false,"template":"","format":"standard","meta":[],"categories":[56],"tags":[75],"_links":{"self":[{"href":"https:\/\/predstavnistvorsbg.rs\/sr-Latn\/wp-json\/wp\/v2\/posts\/4962"}],"collection":[{"href":"https:\/\/predstavnistvorsbg.rs\/sr-Latn\/wp-json\/wp\/v2\/posts"}],"about":[{"href":"https:\/\/predstavnistvorsbg.rs\/sr-Latn\/wp-json\/wp\/v2\/types\/post"}],"author":[{"embeddable":true,"href":"https:\/\/predstavnistvorsbg.rs\/sr-Latn\/wp-json\/wp\/v2\/users\/1"}],"replies":[{"embeddable":true,"href":"https:\/\/predstavnistvorsbg.rs\/sr-Latn\/wp-json\/wp\/v2\/comments?post=4962"}],"version-history":[{"count":0,"href":"https:\/\/predstavnistvorsbg.rs\/sr-Latn\/wp-json\/wp\/v2\/posts\/4962\/revisions"}],"wp:featuredmedia":[{"embeddable":true,"href":"https:\/\/predstavnistvorsbg.rs\/sr-Latn\/wp-json\/wp\/v2\/media\/3742"}],"wp:attachment":[{"href":"https:\/\/predstavnistvorsbg.rs\/sr-Latn\/wp-json\/wp\/v2\/media?parent=4962"}],"wp:term":[{"taxonomy":"category","embeddable":true,"href":"https:\/\/predstavnistvorsbg.rs\/sr-Latn\/wp-json\/wp\/v2\/categories?post=4962"},{"taxonomy":"post_tag","embeddable":true,"href":"https:\/\/predstavnistvorsbg.rs\/sr-Latn\/wp-json\/wp\/v2\/tags?post=4962"}],"curies":[{"name":"wp","href":"https:\/\/api.w.org\/{rel}","templated":true}]}}