{"id":4964,"date":"2022-09-13T11:00:36","date_gmt":"2022-09-13T09:00:36","guid":{"rendered":"https:\/\/prs2.profimediagroup.com\/uncategorized-sr-latn\/dani-srpske-u-srbiji-slobodna-zona-subotica-primjer-i-za-republiku-srpsku\/"},"modified":"2023-05-09T19:37:11","modified_gmt":"2023-05-09T17:37:11","slug":"dani-srpske-u-srbiji-slobodna-zona-subotica-primjer-i-za-republiku-srpsku-ltn","status":"publish","type":"post","link":"https:\/\/predstavnistvorsbg.rs\/sr-Latn\/prethodni-dogadjaji-sr-latn\/dani-srpske-u-srbiji-slobodna-zona-subotica-primjer-i-za-republiku-srpsku-ltn\/","title":{"rendered":"Dani Srpske u Srbiji \u2013 Slobodna zona Subotica primjer i za Republiku Srpsku"},"content":{"rendered":"<p>U okviru manifestacije \u201eDani Srpske u Srbiji\u201c ministar za evropske integracije i me\u0111unarodnu saradnju Republike Srpske Zlatan Kloki\u0107 razgovarao je sa zvani\u010dnicima Grada Subotice o ja\u010danju saradnje Subotice sa Srpskom i gradovima i op\u0161tinama Srpske, kojima je predstavljena i Slobodna zona Subotica.<\/p>\n<p><img title=\"Stevan Baki\u0107 gradona\u010delnik Subotice i njegovi saradnici na sastanku sa Zlatanom Kloki\u0107em, ministrom za evropske integracije i me\u0111unarodnu saradnju R. Srpske, Mla\u0111enom Cicovi\u0107em, \u0161efom Predstavni\u0161tva R. Srpske u Srbiji, Tatjanom Duvnjak, saradnikom u Predstavni\u0161tvu, te predstavnicima gradova i op\u0161tina R. Srpske\" src=\"\/wp-content\/uploads\/prethodni\/2022\/sesti_dan_subotica2.jpg\" alt=\"Stevan Baki\u0107 gradona\u010delnik Subotice i njegovi saradnici na sastanku sa Zlatanom Kloki\u0107em, ministrom za evropske integracije i me\u0111unarodnu saradnju R. Srpske, Mla\u0111enom Cicovi\u0107em, \u0161efom Predstavni\u0161tva R. Srpske u Srbiji, Tatjanom Duvnjak, saradnikom u Predstavni\u0161tvu, te predstavnicima gradova i op\u0161tina R. Srpske\" width=\"1200\" border=\"0\" \/><\/p>\n<p>Sastanku Kloki\u0107a sa gradona\u010delnikom Subotice Stevanom Baki\u0107em i njegovim saradnicima, prisustvovali su i \u0161ef Predstavni\u0161tva Republike Srpske u Srbiji Mla\u0111en Cicovi\u0107, saradnica u Predstavni\u0161tvu Tatjana Duvnjak, te predstavnici\u00a0gradova i op\u0161tina iz Banjaluke, Prijedora, Zvornika, Modri\u010de, Srpca, \u0160amca, Rogatice, Sokolca.<\/p>\n<p><img title=\"Zlatan Kloki\u0107, ministar za evropske integracije i me\u0111unarodnu saradnju R. Srpske\" src=\"\/wp-content\/uploads\/prethodni\/2022\/sesti_dan_subotica3.jpg\" alt=\"Zlatan Kloki\u0107, ministar za evropske integracije i me\u0111unarodnu saradnju R. Srpske\" width=\"1200\" border=\"0\" \/><\/p>\n<p><strong>Kloki\u0107<\/strong> je, nakon sastanka rekao da je bilo rije\u010di o tome kako je poslovna zona Subotica uspjela da se izgradi, kao i da treba da bude primjer dobre prakse kako bi je primijenili i u Republici Srpskoj.<\/p>\n<p>\u201eNajbolje je u\u010diti od najboljih. A najbolja je poslovna zona Subotice\u201c, rekao je Kloki\u0107.<\/p>\n<p>On je izrazio nadu da \u0107e u vremenu pred nama\u00a0i u Republici Srpskoj neka od lokalnih samouprava imati priliku da osnuje svoju poslovnu zonu po ugledu nasuboticu.<\/p>\n<p>\u201eOvo je primjer kako treba da razvijamo privredne aktivnosti, jer je Srbija za nas najzna\u010dajniji spoljnotrgovisnki partner i o\u010deujemo da ovakvi doga\u0111aji mogu samo doprinijeti jo\u0161 vi\u0161e razvoju ekonomije s obje strane Drine\u201c, rekao je Kloki\u0107.<\/p>\n<p>On je zahvalio gradona\u010delniku Subotice na toplom do\u010deku i \u0161to je Subotica doma\u0107in manifestacije Dani Srpske u Srbiji, te izrazio zadovoljstvo \u0161to je odre\u0111eni broj na\u010delnika iz Republike Srpske\u00a0\u00a0prisustvovao sastanku.<\/p>\n<p><img title=\"Mla\u0111en Cicovi\u0107, \u0161ef Predstavni\u0161tva R. Srpske u Srbiji\" src=\"\/wp-content\/uploads\/prethodni\/2022\/sesti_dan_subotica4.jpg\" alt=\"Mla\u0111en Cicovi\u0107, \u0161ef Predstavni\u0161tva R. Srpske u Srbiji\" width=\"1200\" border=\"0\" \/><\/p>\n<p><strong>Cicovi\u0107<\/strong> je, zahvaliv\u0161i se doma\u0107inu na prijemu, podsjetio da Predstavni\u0161tvo Republike Srpske u Srbiji radi na ja\u010danju saradnje naroda iz Republike Srpske i Srbije, te\u00a0\u00a0istakao zna\u010daj predstavljanja dobre prakse Slobodne zone Subotica predstavnicima gradova i op\u0161tina iz Republike Srpske.<\/p>\n<p>\u201eMislim da smo uradili najbolje predstavljanjem Republike Srpske, a u Subotici radimo najbolji posao sa Srpsku i Srbiju\u201c, rekao je Cicovi\u0107.<\/p>\n<p>On je podsjetio da su 2013. godine po\u010deli prvi Dani Srpske u Srbiji, a da ove godine Republika Srpska slavi 30 godina postojanja, te da Predstavni\u0161tvo obilje\u017eava i desetu jubilarnu manifestaciju \u201eDana Srpske\u201c u deset gradova \u0161irom Srbije.<\/p>\n<p>\u201eOve godine smo nastojali da predstavimo \u0161ta je to Republika Srpska danas i \u0161ta to Republika Srpska \u017eeli da bude u budu\u0107nosti. Mislim da smo to uradili na najbolji na\u010din\u201c, rekao je Cicovi\u0107.<\/p>\n<p>On je naveo da je manifestaciju \u201eDane Srpske\u201c\u00a0\u00a0u Narodnom pozori\u0161tu u Beogradu simboli\u010dki otvorio premijer Srpske, a zatvori\u0107e je sutra uve\u010de u pozori\u0161tu u novom Sadu premijer Vojvodine .<\/p>\n<p><img title=\"Stevan Baki\u0107, gradona\u010delnik Subotice\" src=\"\/wp-content\/uploads\/prethodni\/2022\/sesti_dan_subotica5.jpg\" alt=\"Stevan Baki\u0107, gradona\u010delnik Subotice\" width=\"1200\" border=\"0\" \/><\/p>\n<p>Gradona\u010delnik Subotice\u00a0<strong>Baki\u0107<\/strong> je rekao da\u00a0svi ovi doga\u0111aji idu u pravcu realizacije politike predsjednika Srbije Aleksandra Vu\u010di\u0107a, odnosno prijateljstva, bratske sloge Republike Srpske i Srbije i gra\u0111ena jedinstva dva ista naroda sa obje strane Drine.<\/p>\n<p>On je naveo da su dana\u0161nji susreti bili konkretni i sadr\u017eajni, kao i da je gostima iz Republike Srpske prezentovana Slobodna zona Subotica kako funkcioni\u0161e i posti\u017ee poslovne uspjehe.<\/p>\n<p>Baki\u0107 je podsjetio da na proteklom susretu sa Cicovi\u0107em u februaru 2021. godine istaknuto da Subotica ima veliki potencijal kako sa cijelom Republikom Srpskom, tako i sa njenim gradovima i op\u0161tinama.<\/p>\n<p>On je dodao da u Subotici djeluje vi\u0161e zavi\u010dajnih udru\u017eenja, koja su izuzetno aktivna i predstavljaju veliki potencijal za u\u010dvr\u0161\u0107ivanje saradnje Srbijei Srpske.<\/p>\n<p><img title=\"Delegacija R. Srpske posjetila je Srpski kulturni centar u Subotici\" src=\"\/wp-content\/uploads\/prethodni\/2022\/sesti_dan_subotica6.jpg\" alt=\"Delegacija R. Srpske posjetila je Srpski kulturni centar u Subotici\" width=\"1200\" border=\"0\" \/><\/p>\n<p>Nakon sastanka su Kloki\u0107 i\u00a0Cicovi\u0107 posjetili Srpski kulturni centar, a prezentaciji Slobodne zone Subotica su prisustvovali predstavnici\u00a0\u00a0gradova i op\u0161tina iz Republike Srpske &#8211; iz Banjaluke, Prijedora, Zvornika, Modri\u010de, Srpca, \u0160amca, Rogatice, Sokolca.<\/p>\n<p>Na prijemu se obratila prisutnim i direktor Uprave za slobodne zone pri Ministarstvu finansija Srbije Jasmina \u0160tambuk.<\/p>\n<p><img title=\"U De\u010dijem pozori\u0161tu Subotica odigrana je predstava Dje\u010dijeg pozori\u0161ta R. Srpske \u201eKralj \u017dabac\u201c\" src=\"\/wp-content\/uploads\/prethodni\/2022\/sesti_dan_subotica7.jpg\" alt=\"U De\u010dijem pozori\u0161tu Subotica odigrana je predstava Dje\u010dijeg pozori\u0161ta R. Srpske \u201eKralj \u017dabac\u201c\" width=\"1200\" border=\"0\" \/><\/p>\n<p>Prethodno je u De\u010dijem pozori\u0161tu Subotica igrana predstava\u00a0Dje\u010dijeg pozori\u0161ta Republike Srpske \u201eKralj \u017dabac&#8220;, a ve\u010deras je u Srpskom kulturnom centru \u201eSveti Sava&#8220;<\/p>\n<p><img title=\"U Srpskom kulturnom centru Sveti Sava odr\u017ean je koncert muzi\u010dkog sastava Katera iz Isto\u010dnog Sarajeva\" src=\"\/wp-content\/uploads\/prethodni\/2022\/sesti_dan_subotica8.jpg\" alt=\"U Srpskom kulturnom centru Sveti Sava odr\u017ean je koncert muzi\u010dkog sastava Katera iz Isto\u010dnog Sarajeva\" width=\"1200\" border=\"0\" \/><\/p>\n<p>odr\u017ean\u00a0koncert muzi\u010dkog sastava \u201eKatera&#8220;\u00a0iz Isto\u010dnog Sarajeva.<\/p>\n","protected":false},"excerpt":{"rendered":"<p>U okviru manifestacije \u201eDani Srpske u Srbiji\u201c ministar za evropske integracije i me\u0111unarodnu saradnju Republike Srpske Zlatan Kloki\u0107 razgovarao je sa zvani\u010dnicima Grada Subotice o ja\u010danju saradnje Subotice sa Srpskom i gradovima i op\u0161tinama Srpske, kojima je predstavljena i Slobodna zona Subotica. Sastanku Kloki\u0107a sa gradona\u010delnikom Subotice Stevanom Baki\u0107em i njegovim saradnicima, prisustvovali su i&#8230;<\/p>\n","protected":false},"author":1,"featured_media":3746,"comment_status":"closed","ping_status":"closed","sticky":false,"template":"","format":"standard","meta":[],"categories":[56],"tags":[75],"_links":{"self":[{"href":"https:\/\/predstavnistvorsbg.rs\/sr-Latn\/wp-json\/wp\/v2\/posts\/4964"}],"collection":[{"href":"https:\/\/predstavnistvorsbg.rs\/sr-Latn\/wp-json\/wp\/v2\/posts"}],"about":[{"href":"https:\/\/predstavnistvorsbg.rs\/sr-Latn\/wp-json\/wp\/v2\/types\/post"}],"author":[{"embeddable":true,"href":"https:\/\/predstavnistvorsbg.rs\/sr-Latn\/wp-json\/wp\/v2\/users\/1"}],"replies":[{"embeddable":true,"href":"https:\/\/predstavnistvorsbg.rs\/sr-Latn\/wp-json\/wp\/v2\/comments?post=4964"}],"version-history":[{"count":0,"href":"https:\/\/predstavnistvorsbg.rs\/sr-Latn\/wp-json\/wp\/v2\/posts\/4964\/revisions"}],"wp:featuredmedia":[{"embeddable":true,"href":"https:\/\/predstavnistvorsbg.rs\/sr-Latn\/wp-json\/wp\/v2\/media\/3746"}],"wp:attachment":[{"href":"https:\/\/predstavnistvorsbg.rs\/sr-Latn\/wp-json\/wp\/v2\/media?parent=4964"}],"wp:term":[{"taxonomy":"category","embeddable":true,"href":"https:\/\/predstavnistvorsbg.rs\/sr-Latn\/wp-json\/wp\/v2\/categories?post=4964"},{"taxonomy":"post_tag","embeddable":true,"href":"https:\/\/predstavnistvorsbg.rs\/sr-Latn\/wp-json\/wp\/v2\/tags?post=4964"}],"curies":[{"name":"wp","href":"https:\/\/api.w.org\/{rel}","templated":true}]}}