{"id":5005,"date":"2022-09-15T11:00:41","date_gmt":"2022-09-15T09:00:41","guid":{"rendered":"https:\/\/prs2.profimediagroup.com\/uncategorized-sr-latn\/svecano-zatvorena-manifestacija-dani-srpske-u-srbiji\/"},"modified":"2023-05-09T19:36:45","modified_gmt":"2023-05-09T17:36:45","slug":"svecano-zatvorena-manifestacija-dani-srpske-u-srbiji-ltn","status":"publish","type":"post","link":"https:\/\/predstavnistvorsbg.rs\/sr-Latn\/prethodni-dogadjaji-sr-latn\/svecano-zatvorena-manifestacija-dani-srpske-u-srbiji-ltn\/","title":{"rendered":"Sve\u010dano zatvorena manifestacija Dani Srpske u Srbiji"},"content":{"rendered":"<p>U Novom Sadu sino\u0107 (14.09.2022.g.) je sve\u010dano zatvorena manifestacija \u201eDani Srpske u Srbiji\u201c tokom koje su u prethodnih sedam dana u deset gradova prikazani turisti\u010dki, privredni, kulturni, nau\u010dni, obrazovni i svi drugi potencijali Republike Srpske.<\/p>\n<p>Sve\u010danosti u Srpskom narodnom pozori\u0161tu prisustvovali su: Zlatan Kloki\u0107, specijalni izaslanik Predsjednika Republike Srpske i ministar za evropske integracije i me\u0111unarodnu saradnju, I\u0161tvan Pastor, predsednik skup\u0161tine AP Vojvodine, Igor Mirovi\u0107 predsednik Pokrajinske vlade Vojvodine, gradona\u010delnik Novog Sada Milo\u0161 Vu\u010devi\u0107, pokrajinski sekretari i druge ugledne zvanice iz Srbije i Republike Srpske.<\/p>\n<p>Okupljenima su se obratili, Mla\u0111en Cicovi\u0107, \u0161ef Predstavni\u0161tva Republike Srpske, Milo\u0161 Vu\u010devi\u0107, gradona\u010delnik Novog Sada, Zlatan Kloki\u0107, specijalni izaslanik Predsjednika Republike Srpske i Igor Mirovi\u0107, predsednik Vlade AP Vojvodine, koji je zatvorio manifestaciju besjedom.<\/p>\n<p><img title=\"Mla\u0111en Cicovi\u0107, \u0161ef Predstavni\u0161tva R. Srpske u Srbiji\" src=\"\/wp-content\/uploads\/prethodni\/2022\/sv_zatvaranje_ds2.jpg\" alt=\"Mla\u0111en Cicovi\u0107, \u0161ef Predstavni\u0161tva R. Srpske u Srbiji\" width=\"1200\" border=\"0\" \/><\/p>\n<p>\u0160ef Predstavni\u0161tva Republike Srpske u Srbiji <strong>Mla\u0111en Cicovi\u0107 <\/strong>rekao je obra\u0107aju\u0107i se na zatvaranju \u201eDana Srpske u Srbiji\u201c da je ovom manifestacijom potvr\u0111ena iskrena ljubav srpskog naroda sa dvije strane Drine.<\/p>\n<p>Cicovi\u0107 je istakao da je Predstavni\u0161tvo Republike Srpske u Srbiji ovogodi\u0161njom manifestacijom potvrdilo i sadr\u017eajnu i solidarnu saradnju kako najvi\u0161ih, tako i svih drugih institucija Srpske i Srbije.<\/p>\n<p>On je dodao da o uspjehu ove manifestacije najrje\u010ditije govore podaci koliko su bili posje\u0107eni programi u Beogradu, Kraljevu, Kru\u0161evcu, Kragujevcu, \u010ca\u010dku, Ni\u0161u, Vranju, Zrenjaninu, Subotici, kao i koliko je prisutnih ve\u010deras na zavr\u0161noj sve\u010danosti \u201eDana Srpske u Srbiji\u201c u Srpskom narodnom pozori\u0161tu u Novom Sadu.<\/p>\n<p>\u201eOrganizuju\u0107i 10. jubilarnu manifestaciju sve vrijeme smo imali u vidu \u017eelju i obavezu da bude na nivou na koji nas obavezuje svijetli jubilej &#8211; 30 godina Republike Srpske&#8220;, napomenuo je Cicovi\u0107.<\/p>\n<p>Cicovi\u0107 je istakao da je najva\u017enije u dosada\u0161njem radu Predstavni\u0161tva Republike Srpske u Srbiji rad na o\u010duvanju jezika i pisma, srpskog pisma, \u0107irilice, vjere pravoslavne, tradicije i narodnog duhovnog blaga.<\/p>\n<p>On je dodao da su osnovni uslov za sve to sloga, sabornost i nikad pre\u010de jedinstvo \u0161to je \u010dvrsta garancija za mir, slobodu, jednakost i svaki napredak u borbi za bolji \u017eivot.<\/p>\n<p>Cicovi\u0107 je ukazao da se to ostvarivalo kroz saradnju Predstavni\u0161tva sa dr\u017eavnim institucijama Srbije, te institucijama kulture i umjetnosti, sa istaknutim stvaraocima u Srbiji, ali i sa zavi\u010dajnim udru\u017eenjima gra\u0111ana Srbije koji su ro\u0111eni ili su porijeklom iz Republike Srpske.<\/p>\n<p>Imaju\u0107i sve to u vidu, Cicovi\u0107 je zahvalio institucijama i ljudima u tim institucijama u Srbiji koji su pomogli Predstavni\u0161tvu da jasnije i ljep\u0161e predstavi lijepu i ponosnu Republiku Srpsku.<\/p>\n<p><img title=\"Milo\u0161 Vu\u010devi\u0107, gradona\u010delnik Novog Sada\" src=\"\/wp-content\/uploads\/prethodni\/2022\/sv_zatvaranje_ds3.jpg\" alt=\"Milo\u0161 Vu\u010devi\u0107, gradona\u010delnik Novog Sada\" width=\"1200\" border=\"0\" \/><\/p>\n<p>Gradona\u010delnik Novog Sada <strong>Milo\u0161 Vu\u010devi\u0107<\/strong> rekao je na sve\u010danosti zatvaranja da je srpski narod najja\u010di kada je zajedno i jedinstven, te da Srbija ima \u010dvrst oslonac u bratskoj Republici Srpskoj, kao \u0161to i Srpska ima u matici Srbiji.<\/p>\n<p>&#8222;U na\u0161oj kulturi, tradiciji i veri je da volimo svoju bra\u0107u, da ne diramo tu\u0111e, ali da ne damo svoje. Zato su sloga i jedinstvo duboko u na\u0161im korenima i upisani u na\u0161e gene&#8220;, istakao je Vu\u010devi\u0107.<\/p>\n<p>Vu\u010devi\u0107 je rekao da su Srbi iz Panonske ravnice stasavali sa sje\u0107anjem na svoje slavne pretke koji su ostvarili vi\u0161evjekovni san o prisajedinjenju Vojvodine ostalim srpskim zemljama.<\/p>\n<p>\u201eNastavljamo kao zavet za budu\u0107nost da se borimo i poma\u017eemo svom narodu gde god da je, da budemo \u010dvrsta brana svakom poku\u0161aju da nas odvoje i razjedine, da \u010duvamo na\u0161e svetinje, da nikad ne prestanemo da se borimo za njih, da nikada ne dozvolimo da se uni\u0161te koreni postojanja na\u0161eg srpskog naroda&#8220;, naglasio je Vu\u010devi\u0107.<\/p>\n<p>On je rekao da Srbija ima \u010dvrst oslonac u bratskoj Republici Srpskoj, kao \u0161to Srpska ima u matici Srbiji i da zato Drina nije granica ve\u0107 spona srpskog naroda sa obje obale rijeke.<\/p>\n<p>U Novom Sadu je, ka\u017ee, vi\u0161e od 7.000 studenata iz Republike Srpske i treba sve u\u010diniti da se obezbijedi prosperitet za generacije koje dolaze.<\/p>\n<p>Vu\u010devi\u0107 je rekao da Srbi mo\u017eda nisu broj\u010dano veliki narod, ali su narod sa velikom istorijom, koja obavezuje da nikada ne dozvole nove \u201eJasenovce, Jadovna, Gline, strati\u0161ta, `Oluje`&#8220;.<\/p>\n<p>\u201eOtad\u017ebina je ono \u0161to spaja. Ne smemo da dozvolimo da nam ponestane snage da brinemo jedni o drugima jer samo tako mo\u017eemo opstati kao narod, uprkos svim pretnjama i izazovima sa kojima se suo\u010dava na\u0161 narod danas na Kosovu i Metohiji, u Srpskoj, u Crnoj Gori, Federaciji BiH&#8220;, rekao je Vu\u010devi\u0107.<\/p>\n<p>On je istakao da Srbi moraju da budu jedinstveni i da budu sna\u017eno uz svoju dr\u017eavu i dr\u017eavno rukovodstvo, kao da moraju sa\u010duvati mir i stabilnost, a ja\u010dati ekonomski.<\/p>\n<p>Vu\u010devi\u0107 je podsjetio da Srbija i Srpska sutra obele\u017eavaju 104 godine od proboja Solunskog fronta i da \u0107e zajedno bratski proslaviti Dan srpskog jedinstva, slobode i zastave.<\/p>\n<p>\u201eSrpsku trobojku nosi\u0107emo sa ponosom uvek i svugde. Novi Sad \u0107e sna\u017eno podr\u017eavati i u\u010destvovati u programima Republike Srpske. \u017divela Republika Srpska, \u017eivela na\u0161a Srbija&#8220;, rekao je Vu\u010devi\u0107.<\/p>\n<p><img title=\"Zlatan Kloki\u0107, izaslanik Predsjednika R. Srpske i ministar za evropske integracije i me\u0111unarodnu saradnju\" src=\"\/wp-content\/uploads\/prethodni\/2022\/sv_zatvaranje_ds4.jpg\" alt=\"Zlatan Kloki\u0107, izaslanik Predsjednika R. Srpske i ministar za evropske integracije i me\u0111unarodnu saradnju\" width=\"1200\" border=\"0\" \/><\/p>\n<p>Manifestacija \u201eDani Srpske u Srbiji\u201c va\u017ena je za jedinstvo i sabornost srpskog naroda s obje strane Drine i zna\u010dajan most iskrene saradnje Republike Srpske i Srbije, rekao je na zatvaranju ove manifestacije specijalni izaslanik predsjednika Republike Srpske <strong>Zlatan Kloki\u0107<\/strong>.<\/p>\n<p>Kloki\u0107, koji je ministar za evropske integracije i me\u0111unarodnu saradnju, istakao je da su Republika Srpska i Srbija oduvijek imale dobre odnose, ali da su posljednjih nekoliko godina nikad bolji.<\/p>\n<p>\u201eZajedno defini\u0161emo strate\u0161ke, infrastrukturne projekte jednako va\u017ene za Republiku Srpsku i Srbiju. Zajedno pripremamo programe za nacionalnu grupu predmeta u osnovnom i srednjem obrazovanju. Zajedno uspostavljamo kulturu sje\u0107anja i slavimo Dan srpskog jedinstva i nacionalne zastave&#8220;, istakao je Kloki\u0107 u obra\u0107anju u Novom Sadu.<\/p>\n<p>On je zahvalio prisutnima \u0161to su ovaj skup u\u010dinili jo\u0161 spektakularnijim, a posebno je zahvalio Predstavni\u0161tvu Republike Srpske u Srbiji i \u0161efu tog predstavni\u0161tva Mla\u0111enu Cicovi\u0107u, koji je sve ove godine okupljao i isticao va\u017enost jedinstva.<\/p>\n<p>Kloki\u0107 je istakao da pune sale na svim projekcijama proteklih sedam dana jasno prikazuju va\u017enost ove manifestacije i koliko ona zna\u010di za Srbe sa obje strane Drine, za njihovo jedinstvo i sabornost.<\/p>\n<p>On je podsjetio da je 2013. godine zapo\u010deta ideja da se Srbiji i njenim gra\u0111anima predstavi Republika Srpska i njeni potencijali, da je to svake godine ra\u0111eno na nov i jedinstven na\u010din.<\/p>\n<p>\u201eIz skoro svih krajeva Republike Srpske predstavili smo kulturu, nauku, prosvjetu, privredu, umjetnost i na\u0161u tradiciju&#8220;, naveo je Kloki\u0107.<\/p>\n<p>On je istakao je da ovo jedan od mostova koje zajedno grade Srpska i Srbija stvaraju\u0107i jo\u0161 \u010dvr\u0161\u0107e veze.<\/p>\n<p><img title=\"Igor Mirovi\u0107, predsednik Vlade AP Vojvodine\" src=\"\/wp-content\/uploads\/prethodni\/2022\/sv_zatvaranje_ds5.jpg\" alt=\"Igor Mirovi\u0107, predsednik Vlade AP Vojvodine\" width=\"1200\" border=\"0\" \/><\/p>\n<p>Predsednik Pokrajinske vlade Vojvodine <strong>Igor Mirovi\u0107<\/strong> zvani\u010dno je zatvorio manifestaciju \u201eDana Srpske u Srbiji&#8220;, te poru\u010dio da je narodno jedinstvo klju\u010dna rije\u010d za ostvarivanje svih nacionalnih ciljeva i za pobjedu u svim borbama.<\/p>\n<p>Mirovi\u0107 je istakao da na narodnom jedinstvu insistiraju predsjednik Srbije Aleksandar Vu\u010di\u0107, srpski \u010dlan Predsjedni\u0161tva BiH Milorad Dodik i Srpska pravoslavna crkva.<\/p>\n<p>Mirovi\u0107 je ukazao da je sada\u0161nje vrijeme velikih izazova, ali da se Srbija nikada ne\u0107e odre\u0107i Kosova i Metohije, toga da \u010dvrsto stoji iza Republike Srpske i da sa\u010duva vojnu neutralnost, kao strate\u0161ko opredjeljenje.<\/p>\n<p>\u201eSmeta im \u0161to Republika Srpska odoleva sve besomu\u010dnijim napadima na njen status, koji je garantovan me\u0111unarodnim Dejtonskim sporazumom, \u0161to njeno rukovodstvo i narod nisu hteli da ustuknu pod pretnjama i ucenama, \u0161to ne krije svoju ljubav prema Srbiji&#8220;, zaklju\u010dio je on.<\/p>\n<p>Mirovi\u0107 je rekao da su u temelje Republike Srpske ugra\u0111eni \u017eivoti najboljih srpskih k\u0107eri i sinova, a da je veliku \u017ertvu dala i Srbija koja je bila izlo\u017eena sankcijama, ucjenama, pritiscima, \u0161to je rezultiralo uni\u0161tavanjem djela njene ekonomije i smanjivanju potencijala da u svakom momentu pomogne svom narodu preko Drine.<\/p>\n<p>On je naglasio da se ova zna\u010dajna manifestacija zatvara samo formalno, a da su mnogo dublji i trajniji smisao imaju su\u0161tinske veze, podsjetiv\u0161i i na one kroz Sporazum o specijalnim i paralelnim vezama i sporazum o saradnji sa Autonomnom pokrajinom Vojvodinom.<\/p>\n<p><img title=\"Koncert Zdru\u017eenog simfonijskog orkestra Narodnog pozori\u0161ta R. Srpske iz Banja Luke i Srpskog narodnog pozori\u0161ta iz Novog Sada, kojim diriguje Branka Rado\u0161evi\u0107-Mitrovi\u0107\" src=\"\/wp-content\/uploads\/prethodni\/2022\/sv_zatvaranje_ds6.jpg\" alt=\"Koncert Zdru\u017eenog simfonijskog orkestra Narodnog pozori\u0161ta R. Srpske iz Banja Luke i Srpskog narodnog pozori\u0161ta iz Novog Sada, kojim diriguje Branka Rado\u0161evi\u0107-Mitrovi\u0107\" width=\"1200\" border=\"0\" \/><\/p>\n<p>U umjetni\u010dkom dijelu programa bio je koncert Zdru\u017eenog simfonijskog orkestra Narodnog pozori\u0161ta Republike Srpske iz Banjaluke i Srpskog narodnog pozori\u0161ta iz Novog Sada, kojim je dirigovala Branka Rado\u0161evi\u0107-Mitrovi\u0107.<\/p>\n<p><img title=\"Neboj\u0161a Babi\u0107 bariton, Marija Nagraisalovi\u0107 najmla\u0111a solistkinja, Karolina Mihajlovi\u0107 sopran i Biljana \u0110urovi\u0107 glumica i voditelj programa\" src=\"\/wp-content\/uploads\/prethodni\/2022\/sv_zatvaranje_ds7.jpg\" alt=\"Neboj\u0161a Babi\u0107 bariton, Marija Nagraisalovi\u0107 najmla\u0111a solistkinja, Karolina Mihajlovi\u0107 sopran i Biljana \u0110urovi\u0107 glumica i voditelj programa\" width=\"1200\" border=\"0\" \/><\/p>\n<p>Poslije \u201eFantazije na srpske teme\u201c Korsakova i \u201eKraji\u0161kih skica\u201c Mladena Jankovi\u0107a, bariton Neboj\u0161a Babi\u0107, pjevao je \u201eAriju kneza Ive\u201c iz opere \u201eKnez Ivo od Semberije\u201c Isidora Baji\u0107a.<\/p>\n<p>Sopran Karolina Mihajlovi\u0107 izvodila je \u201eAriju Stanke\u201c iz opere \u201eNa uranku\u201c Stanislava Bini\u010dkog, dok je \u010duvenu pjesmu srpske vojske \u201eTamo daleko\u201c pjevala zajedno sa Babi\u0107em.<\/p>\n<p>Popularnu pjesmu \u201eNe dam\u201c Gorana Viti\u0107a i Milice Doskovi\u0107 pjevala je najmla\u0111a solistkinja Marija Nagraisalovi\u0107, koja je izazvala ovacije publike, a simfonijski orkestar je, osim valcera iz svite \u201eMaskarada\u201c \/prema LJermontovu\/ Arama Ha\u010daturjana, izveo i \u201eMar\u0161 na Drinu\u201c Stanislava Bini\u010dkog.<\/p>\n<p><img title=\"Sve\u010dano zatvaranje manifestacije Dani Srpske u Srbiji u Srpskom narodnom pozori\u0161tu u Novom Sadu\" src=\"\/wp-content\/uploads\/prethodni\/2022\/sv_zatvaranje_ds8.jpg\" alt=\"Sve\u010dano zatvaranje manifestacije Dani Srpske u Srbiji u Srpskom narodnom pozori\u0161tu u Novom Sadu\" width=\"1200\" border=\"0\" \/><\/p>\n<p>Manifestacija \u201eDani Srpske u Srbiji\u201c, koju je organizovalo Predstavni\u0161tvo Republike Srpske u Srbiji, odr\u017eana je od 8. do 14. septembra u 10 gradova, u kojima je predstavljena kultura, umjetnost, privreda, nauka i prosvjeta Srpske. Prvi put manifestacija \u201eDani Srpske u Srbiji\u201c organizovana je 2013. godine.<\/p>\n<p>Video izvje\u0161taje sa sve\u010danog zatvaranja Dana Srpske u Srbiji mo\u017eete vidjeti <a href=\"https:\/\/m.youtube.com\/watch?v=zJGZXy-26Bc\" target=\"_blank\" rel=\"noopener\">OVDJE<\/a><\/p>\n<p>Pogledajte jo\u0161 jedan pogled na Dane Srpske u Srbiji <a href=\"https:\/\/www.youtube.com\/watch?v=ezHZ8RSGS68\" target=\"_blank\" rel=\"noopener\">OVDJE<\/a><\/p>\n","protected":false},"excerpt":{"rendered":"<p>U Novom Sadu sino\u0107 (14.09.2022.g.) je sve\u010dano zatvorena manifestacija \u201eDani Srpske u Srbiji\u201c tokom koje su u prethodnih sedam dana u deset gradova prikazani turisti\u010dki, privredni, kulturni, nau\u010dni, obrazovni i svi drugi potencijali Republike Srpske. Sve\u010danosti u Srpskom narodnom pozori\u0161tu prisustvovali su: Zlatan Kloki\u0107, specijalni izaslanik Predsjednika Republike Srpske i ministar za evropske integracije i&#8230;<\/p>\n","protected":false},"author":1,"featured_media":3752,"comment_status":"closed","ping_status":"closed","sticky":false,"template":"","format":"standard","meta":[],"categories":[56],"tags":[75],"_links":{"self":[{"href":"https:\/\/predstavnistvorsbg.rs\/sr-Latn\/wp-json\/wp\/v2\/posts\/5005"}],"collection":[{"href":"https:\/\/predstavnistvorsbg.rs\/sr-Latn\/wp-json\/wp\/v2\/posts"}],"about":[{"href":"https:\/\/predstavnistvorsbg.rs\/sr-Latn\/wp-json\/wp\/v2\/types\/post"}],"author":[{"embeddable":true,"href":"https:\/\/predstavnistvorsbg.rs\/sr-Latn\/wp-json\/wp\/v2\/users\/1"}],"replies":[{"embeddable":true,"href":"https:\/\/predstavnistvorsbg.rs\/sr-Latn\/wp-json\/wp\/v2\/comments?post=5005"}],"version-history":[{"count":0,"href":"https:\/\/predstavnistvorsbg.rs\/sr-Latn\/wp-json\/wp\/v2\/posts\/5005\/revisions"}],"wp:featuredmedia":[{"embeddable":true,"href":"https:\/\/predstavnistvorsbg.rs\/sr-Latn\/wp-json\/wp\/v2\/media\/3752"}],"wp:attachment":[{"href":"https:\/\/predstavnistvorsbg.rs\/sr-Latn\/wp-json\/wp\/v2\/media?parent=5005"}],"wp:term":[{"taxonomy":"category","embeddable":true,"href":"https:\/\/predstavnistvorsbg.rs\/sr-Latn\/wp-json\/wp\/v2\/categories?post=5005"},{"taxonomy":"post_tag","embeddable":true,"href":"https:\/\/predstavnistvorsbg.rs\/sr-Latn\/wp-json\/wp\/v2\/tags?post=5005"}],"curies":[{"name":"wp","href":"https:\/\/api.w.org\/{rel}","templated":true}]}}