{"id":5010,"date":"2022-10-24T10:00:56","date_gmt":"2022-10-24T08:00:56","guid":{"rendered":"https:\/\/prs2.profimediagroup.com\/uncategorized-sr-latn\/svecano-otvoren-nastup-republike-srpske-na-sajmu-knjiga-u-beogradu\/"},"modified":"2023-05-09T19:36:06","modified_gmt":"2023-05-09T17:36:06","slug":"svecano-otvoren-nastup-republike-srpske-na-sajmu-knjiga-u-beogradu-ltn","status":"publish","type":"post","link":"https:\/\/predstavnistvorsbg.rs\/sr-Latn\/prethodni-dogadjaji-sr-latn\/svecano-otvoren-nastup-republike-srpske-na-sajmu-knjiga-u-beogradu-ltn\/","title":{"rendered":"Sve\u010dano otvoren nastup Republike Srpske na Sajmu knjiga u Beogradu"},"content":{"rendered":"<p>Reprezentativni nastup Republike Srpske pod motom \u201e\u010citajmo zajedno \u2013 \u0107irilicom\u201c sve\u010dano je danas otvoren na Me\u0111unarodnom sajmu knjiga u Beogradu.<\/p>\n<p><img title=\"Zlatan Kloki\u0107 ministar za evropske integracije i me\u0111unarodnu saradnju R Srpske, Natalija Trivi\u0107 ministar prosvjete i kulture R. Srpske, Radovan Joki\u0107 pomo\u0107nik ministra za savremeno stvarala\u0161tvo Ministarstva kulture i informisanja R. Srbije, Mla\u0111en Cicovi\u0107 \u0161ef Predstavni\u0161tva R. Srpske u Srbiji i veliki broj visokih zvanica na sve\u010danom otvaranju\" src=\"\/wp-content\/uploads\/prethodni\/2022\/nastup_rs_na_sajmu_knj2.jpg\" alt=\"Zlatan Kloki\u0107 ministar za evropske integracije i me\u0111unarodnu saradnju R Srpske, Natalija Trivi\u0107 ministar prosvjete i kulture R. Srpske, Radovan Joki\u0107 pomo\u0107nik ministra za savremeno stvarala\u0161tvo Ministarstva kulture i informisanja R. Srbije, Mla\u0111en Cicovi\u0107 \u0161ef Predstavni\u0161tva R. Srpske u Srbiji i veliki broj visokih zvanica na sve\u010danom otvaranju\" width=\"1200\" border=\"0\" \/><\/p>\n<div>Nastup je otvorila ministar prosvjete i kulture Republike Srpske <strong>Natalija Trivi\u0107<\/strong> u prisustvu ministra za evropske integracije i me\u0111unarodnu saradnju Zlatana Kloki\u0107a i \u010dlanova Akademije nauka i umjetnosti Republike Srpske i Srpske akademije nauka i umetnosti.<\/div>\n<p><img title=\"Natalija Trivi\u0107, ministar prosvjete i kulture R. Srpske na sve\u010danom otvoranju dvanaestog reprezentativnog nastupa R. Srpske na Me\u0111unarodnom beogradskom sajmu knjiga\" src=\"\/wp-content\/uploads\/prethodni\/2022\/nastup_rs_na_sajmu_knj3.jpg\" alt=\"Natalija Trivi\u0107, ministar prosvjete i kulture R. Srpske na sve\u010danom otvoranju dvanaestog reprezentativnog nastupa R. Srpske na Me\u0111unarodnom beogradskom sajmu knjiga\" width=\"1200\" border=\"0\" \/><\/p>\n<p>Trivi\u0107eva je istakla da se srpski narod tokom svog postojanja borio da sa\u010duva svoje najve\u0107e vrijednosti &#8211; jezik i pismo, jer ga to \u010dini narodom.<\/p>\n<p>\u201eSrpska \u0107irilica je temelj na\u0161eg identiteta i zato ne smijemo dozvoliti da se gubi. Najplemenitije misli, najljep\u0161a osje\u0107anja i najva\u017eniji zakoni napisani su \u0107irilicom\u201c, podsjetila je Trivi\u0107eva.<\/p>\n<p>Ona je napomenula da dana\u0161nje generacije \u017eive u vremenu digitalizacije i u eri novih medija, tako da je njihov na\u010din obrazovanja potpuno druga\u010diji od onoga koji su imali na\u0161i preci.<\/p>\n<p>\u201eVa\u017eno je shvatiti da se tradicionalno i moderno ne isklju\u010duju, ve\u0107 nadopunjuju. Zato je Ministarstvo prosvjete i kulture anga\u017eovalo studente zavr\u0161nih godina grafi\u010dkog dizajna kako bi kreirali \u0107irili\u010dno pismo u fontovima koji mogu da se koriste na internetu\u201c, naglasila je Trivi\u0107eva.<\/p>\n<p><img title=\"Mla\u0111en Cicovi\u0107, \u0161ef Predstavni\u0161tva R. Srpske u Srbiji na sve\u010danom otvoranju dvanaestog reprezentativnog nastupa R. Srpske na Me\u0111unarodnom beogradskom sajmu knjiga pozdravio je publiku i predstavnike medija\" src=\"\/wp-content\/uploads\/prethodni\/2022\/nastup_rs_na_sajmu_knj4.jpg\" alt=\"Mla\u0111en Cicovi\u0107, \u0161ef Predstavni\u0161tva R. Srpske u Srbiji na sve\u010danom otvoranju dvanaestog reprezentativnog nastupa R. Srpske na Me\u0111unarodnom beogradskom sajmu knjiga pozdravio je publiku i predstavnike medija\" width=\"1200\" border=\"0\" \/><\/p>\n<p>U ime Predstavni\u0161tva Republike Srpske u Srbiji goste, publiku i predstavnike medija pozdravio je \u0161ef Predstavni\u0161tva Republike Srpske u Srbiji <strong>Mla\u0111en Cicovi\u0107<\/strong>, a u ime Ministarstva kulture i informisanja Srbije pomo\u0107nik ministra za savremeno stvarala\u0161tvo Radovan Joki\u0107.<\/p>\n<p>Cicovi\u0107 je istakao da je za ovogodi\u0161nji slogan \u201e\u010citajmo zajedno \u0107irilicom\u201c izabran kako bi se \u0161iroj javnosti skrenula pa\u017enja da svi zajedno moramo da radimo na o\u010duvanju srpskog nacionalnog identiteta, jezika, pisma i na\u0161e kulture, tradicije, pravoslavne vjere i obi\u010daja.<\/p>\n<p>\u201eAko se tako sa\u010duvamo na ovim prostorima, sigurno \u0107emo imati izvjesnu budu\u0107nost&#8220;, poru\u010dio je Cicovi\u0107.<\/p>\n<p><img title=\"Radovan Joki\u0107, pomo\u0107nik ministra za savremeno stvarala\u0161tvo Ministarstva kulture i informisanja R. Srbije\" src=\"\/wp-content\/uploads\/prethodni\/2022\/nastup_rs_na_sajmu_knj5.jpg\" alt=\"Radovan Joki\u0107, pomo\u0107nik ministra za savremeno stvarala\u0161tvo Ministarstva kulture i informisanja R. Srbije\" width=\"1200\" border=\"0\" \/><\/p>\n<p><strong>Radovan Joki\u0107<\/strong> je izjavio da Srbija i Republika Srpska moraju da budu zajedno u borbi za o\u010duvanje srpskog jezika i \u0107irilice, jer je to supstancijalni dio \u010duvanja na\u0161eg nacionalnog identiteta.<\/p>\n<p>\u201eI\u0107i \u0107emo i dalje zajedno kao i do sada, jer Ministarstvo kulture i informisanja Srbije kontinuirano podr\u017eava kulturne delatnosti ustanova i udru\u017eenja u Republici Srpskoj i u BiH u celini, a posebno u oblasti jezika i pisma&#8220;, rekao je Joki\u0107.<\/p>\n<p><img title=\"Panel o srpskom jeziku i pismu, govore: prof. dr Milo\u0161 Kova\u010devi\u0107, prof. dr Veljko Brbori\u0107, prof. dr Aleksandar Milanovi\u0107 i predstavnici ministarstava kulture Srpske i Srbije Tanja \u0110akovi\u0107, Mladen Veskovi\u0107 i moderator Anja Vukeli\u0107, saradnik u Predstavni\u0161tvu R. Srpske u Srbiji\" src=\"\/wp-content\/uploads\/prethodni\/2022\/nastup_rs_na_sajmu_knj5_1.jpg\" alt=\"Panel o srpskom jeziku i pismu, govore: prof. dr Milo\u0161 Kova\u010devi\u0107, prof. dr Veljko Brbori\u0107, prof. dr Aleksandar Milanovi\u0107 i predstavnici ministarstava kulture Srpske i Srbije Tanja \u0110akovi\u0107, Mladen Veskovi\u0107 i moderator Anja Vukeli\u0107, saradnik u Predstavni\u0161tvu R. Srpske u Srbiji\" width=\"1200\" border=\"0\" \/><\/p>\n<div>U nastavku sve\u010danog otvaranja uslijedio je <strong>panel o srpskom jeziku i pismu<\/strong>, uz u\u010de\u0161\u0107e profesora Veljka Brbori\u0107a, Milo\u0161a Kova\u010devi\u0107a, Aleksandra Milanovi\u0107a i predstavnika ministarstava kulture Srpske i Srbije Tanje \u0110akovi\u0107 i Mladena Veskovi\u0107a.<\/div>\n<div>\n<p>Panelisti su upozorili da je opasanost po \u0107irilicu direktna opasnost za \u010ditav srpski narod, jer je \u0107irilica osnova njegovog postojanja. Tako\u0111e su istakli da je digitalizacija dodatno ugrozila na\u0161e tradicionalno pismo, po\u0161to je daleko ve\u0107i izbor latini\u010dnih fontova.<\/p>\n<p>&#8211; Kroz istoriju smo svedoci da, kad god je bio progon Srba, progonila se \u0107irilica. Kada ukinete \u0107irilicu, vi ne ukidate samo srpski jezik nego i srpski narod. Ukidate narod time \u0161to ste ukinuli njegovu osnovu, jer ono \u0161to povezuje na\u0161u kulturu u osam vekova i \u0161to je zajedni\u010dko srpskoj kulturi je upravo \u0107irilica. Apsurdno je kad strancima danas morate da obja\u0161njavate od koga je vi to \u0161titite, od koga tra\u017eite da je upotrebljava, jer tra\u017eite od onih kojima je \u0107irilica identitetski kriterijum. Tra\u017eite od Srba da budu Srbi, da \u0107irilica bude ono po \u010demu se prepoznajemo &#8211; kazao je na panelu profesor Milo\u0161 Kova\u010devi\u0107.Jedno od pitanja na tribini bilo je i da li smo svesni va\u017enosti obrazovanja i \u010ditanja.<\/p>\n<p>&#8211; Naravno da jesmo i moramo biti, jer sve ono \u0161to je budu\u0107nost srpstva, i u Srbiji i u Republici Srpskoj, nalazi se u \u0161kolama. Na\u010din na koji postupamo sa mladima, kako ih u\u010dimo, to je na\u0161a budu\u0107nost. Mislim da je odnos dr\u017eave i \u0161kole kao odnos setve i \u017eetve. Nezdravo je da na\u0161i \u0111aci ne \u010ditaju Branka \u0106opi\u0107a, Petra Ko\u010di\u0107a, Ivu Andri\u0107a&#8230; Danas mo\u017eete zavr\u0161iti gimnaziju a da ka\u017eete da ih niste pro\u010ditali &#8211; upozorio je profesor Veljko Brbori\u0107, aludiraju\u0107i na nastavne planove u BiH.<\/p>\n<p>On je podsetio da je jedan od glavnih zadataka \u0161kolstva u obrazovanju kroz srpski jezik i knji\u017eevnost &#8222;razvijanje ljubavi prema jeziku i knji\u017eevnosti i potrebe da se on neguje i \u010duva&#8220;.<\/p>\n<p>Govore\u0107i o ulozi medija u (ne)promovisanju \u0107irilice, profesor Aleksandar Milanovi\u0107 skrenuo je pa\u017enju da je veliki broj medija u Srbiji u stranom vlasni\u0161tvu i da to diktira i njihov odnos prema \u0107irilici:<\/p>\n<p>&#8211; Latini\u010dni mediji su protivnici \u0107irilice i vode neprekidnu borbu protiv nje u tekstovima, u reakcijama kobajagi &#8222;\u010ditalaca&#8220;, na portalima&#8230; \u0106irilica se poku\u0161ava predstaviti kao zastarelo, selja\u010dko, anahrono, neevropsko pismo. U tim medijima vi vidite jasnu strategiju da se \u0107irilica obezvredi a da nam se latinica predstavi kao ne\u0161to mnogo modernije, evropskije, &#8222;gradskije&#8220; pismo i da je na\u0161 kulturolo\u0161ki korak u budu\u0107nost taj da se odreknemo zastarele \u0107irilice. Ali, \u0107irilica nije selja\u010dko, ve\u0107 moderno evropsko pismo.<\/p>\n<\/div>\n<p><img title=\"U sali \u201eVasko Popa\u201c JP \u201eZavod za ud\u017ebenike i nastavna sredstva\u201c a.d. Isto\u010dno Sarajevo predstavlja knjigu Kako sam zavolela svoje ime autora Sonje Arsi\u0107 Vukomanovi\u0107\" src=\"\/wp-content\/uploads\/prethodni\/2022\/nastup_rs_na_sajmu_knj6.jpg\" alt=\"U sali \u201eVasko Popa\u201c JP \u201eZavod za ud\u017ebenike i nastavna sredstva\u201c a.d. Isto\u010dno Sarajevo predstavlja knjigu Kako sam zavolela svoje ime autora Sonje Arsi\u0107 Vukomanovi\u0107\" width=\"1200\" border=\"0\" \/><\/p>\n<p>Nakon sve\u010danog otvaranja u oviru \u0161tanda Republike Srpske zapo\u010deo je program promocija sa predstavljanjem dvije knjige za djecu u izdanju <strong>Zavoda za ud\u017ebenike i nastavna sredstva Isto\u010dno Sarajevo<\/strong> \u2013 <strong>\u201eKako sam zavoljela svoje ime\u201c Sonje Arsi\u0107 Vukomanovi\u0107,<\/strong> koja govori o tinejd\u017eerki \u010diji se \u017eivot sveo na internet, \u201eInstagram\u201c i smajlije, a koja se suo\u010dava sa stvarnim svijetom, pa joj se taj \u017eivot ru\u0161i.<\/p>\n<p><img title=\"Predstavljanje knjige \u201e\u0160u\u0161uova \u010dudesna avantura\u201c Sanje Klisari\u0107\" src=\"\/wp-content\/uploads\/prethodni\/2022\/nastup_rs_na_sajmu_knj7.jpg\" alt=\"Predstavljanje knjige \u201e\u0160u\u0161uova \u010dudesna avantura\u201c Sanje Klisari\u0107\" width=\"1200\" border=\"0\" \/><\/p>\n<div>Druga knjiga je <strong>\u201e\u0160u\u0161uova \u010dudesna avantura&#8220; Sanje Klisari\u0107 <\/strong>o odrastanju preko \u017eivotinjskog svijeta, odnosno jedne koale koja je glavni junak, a sanjar je i kre\u0107e na put oko svijeta gdje sre\u0107e razli\u010dite ljude i egzoti\u010dne \u017eivotinje. Inspiracija autorke bio je slu\u010daj iz njenog djetinjstva kada je vidjela kako je oko 40 koala u Australiji umrlo od stresa jer je zbog nemara ljudi izgorjelo njihovo stani\u0161te &#8211; bambusova \u0161uma.<\/div>\n<p><img title=\"JU Specijalna biblioteka za slijepa i slabovida lica R. Srpske predstavlja izdanje Kosovske pri\u010de autora Grigorija Bo\u017eovi\u0107a, govore: Aleksandra Savi\u0107 i Jelena Radakovi\u0107\" src=\"\/wp-content\/uploads\/prethodni\/2022\/nastup_rs_na_sajmu_knj8.jpg\" alt=\"JU Specijalna biblioteka za slijepa i slabovida lica R. Srpske predstavlja izdanje Kosovske pri\u010de autora Grigorija Bo\u017eovi\u0107a, govore: Aleksandra Savi\u0107 i Jelena Radakovi\u0107\" width=\"1200\" border=\"0\" \/><\/p>\n<div><strong>Specijalna biblioteka za slijepa i slabovida lica Republike Srpske<\/strong> predstavila je izdanje na Brajevom pismu \u201eKosovske pri\u010de\u201c Grigorija Bo\u017eovi\u0107a, u okviru edicije \u201eOtrgnuti od zaborava&#8220;. Jelena Radakovi\u0107 iz Specijalne biblioteke navela je da su se opredijelili da Bo\u017eovi\u0107a uvrste u ovu ediciju zbog na\u010dina na koji je izgubio \u017eivot, jer je strijeljan poslije Drugog svjetskog rata, navodno kao saradnik neprijatelja. Ona je rekla da je Bo\u017eovi\u0107 stalno mislio i pisao o Kosovu, borio se za su\u017eivot na Kosovu i Metohiji i da je pisao o Srbima, Albancima, Turcima, Bugarima i Romima.<\/div>\n<p><img title=\"Udru\u017eenje knji\u017eevnika R. Srpske predstavilo je svoja izdanja: \u010dasopis Nova stvarnost, govore: Predrag Bjelo\u0161evi\u0107 i autori\" src=\"\/wp-content\/uploads\/prethodni\/2022\/nastup_rs_na_sajmu_knj9.jpg\" alt=\"Udru\u017eenje knji\u017eevnika R. Srpske predstavilo je svoja izdanja: \u010dasopis Nova stvarnost, govore: Predrag Bjelo\u0161evi\u0107 i autori\" width=\"1200\" border=\"0\" \/><\/p>\n<p><strong>Udru\u017eenje knji\u017eevnika Republike Srpske<\/strong> predstavilo svoja izdanja, kao i \u010dasopis &#8222;Nova stvarnost&#8220;. O deset izdanja su govorili, izme\u0111u ostalih, predsjednik ovog udru\u017eenja Predrag Bjelo\u0161evi\u0107, koji je istakao da su ovo izdanja u posljednje dvije godine, a da je ovo udru\u017eenja od prije pet godina po\u010delo i svoju izdava\u010dku djelatnost, tokom koje je izdalo oko 30 naslova. Govore\u0107i o \u010dasopisu &#8222;Nova stvarnost&#8220;, on je rekao da su umjetnici Republike Srpske nova stvarnost na balkanskim prostorima.<\/p>\n<p><img title=\"njenom sada\u0161njem prostoru od Milanskog edikta do kraja srednjeg vijeka autora dr Slavoljuba Luki\u0107a, Bojana Vujinovi\u0107a i Marka Jankovi\u0107a, govore: autori\" src=\"\/wp-content\/uploads\/prethodni\/2022\/nastup_rs_na_sajmu_knj9_1.jpg\" alt=\"njenom sada\u0161njem prostoru od Milanskog edikta do kraja srednjeg vijeka autora dr Slavoljuba Luki\u0107a, Bojana Vujinovi\u0107a i Marka Jankovi\u0107a, govore: autori\" width=\"1200\" border=\"0\" \/><\/p>\n<p><strong>Arhiv Republike Srpske<\/strong> predstavio je monografiju \u201eSakralna arhitektura banjalu\u010dke Eparhije na njenom sada\u0161njem prostoru od Milanskog edikta do kraja srednjeg vijeka\u201c autora Slavoljuba Luki\u0107a, Bojana Vujinovi\u0107a i Marka Jankovi\u0107a. Master arheologije Bojan Vujinovi\u0107 rekao je Srni da je knjiga pisana kako bi se potvrdilo da je BiH oduvijek imala srpski predznak i da se pri\u010da o postojanju srpskog stanovni\u0161tva na tom prostoru mo\u017ee ispratiti od najranijih vremena. \u201ePokazujemo da i mi na tom prostoru nismo `tikva bez korijena`. Danas je taj prostor organizovan kroz jednu novu politi\u010dku situaciju koja se zove Republika Srpska, unutar BiH&#8220;, rekao je Vujinovi\u0107.<\/p>\n<p>Video izvje\u0161taje sa sve\u010danog otvaranja i dana\u0161njih promocija pogledajte <a href=\"https:\/\/youtu.be\/CZssXu-F96c\" target=\"_blank\" rel=\"noopener\">OVDJE<\/a><\/p>\n","protected":false},"excerpt":{"rendered":"<p>Reprezentativni nastup Republike Srpske pod motom \u201e\u010citajmo zajedno \u2013 \u0107irilicom\u201c sve\u010dano je danas otvoren na Me\u0111unarodnom sajmu knjiga u Beogradu. Nastup je otvorila ministar prosvjete i kulture Republike Srpske Natalija Trivi\u0107 u prisustvu ministra za evropske integracije i me\u0111unarodnu saradnju Zlatana Kloki\u0107a i \u010dlanova Akademije nauka i umjetnosti Republike Srpske i Srpske akademije nauka i&#8230;<\/p>\n","protected":false},"author":1,"featured_media":3762,"comment_status":"closed","ping_status":"closed","sticky":false,"template":"","format":"standard","meta":[],"categories":[56],"tags":[75],"_links":{"self":[{"href":"https:\/\/predstavnistvorsbg.rs\/sr-Latn\/wp-json\/wp\/v2\/posts\/5010"}],"collection":[{"href":"https:\/\/predstavnistvorsbg.rs\/sr-Latn\/wp-json\/wp\/v2\/posts"}],"about":[{"href":"https:\/\/predstavnistvorsbg.rs\/sr-Latn\/wp-json\/wp\/v2\/types\/post"}],"author":[{"embeddable":true,"href":"https:\/\/predstavnistvorsbg.rs\/sr-Latn\/wp-json\/wp\/v2\/users\/1"}],"replies":[{"embeddable":true,"href":"https:\/\/predstavnistvorsbg.rs\/sr-Latn\/wp-json\/wp\/v2\/comments?post=5010"}],"version-history":[{"count":0,"href":"https:\/\/predstavnistvorsbg.rs\/sr-Latn\/wp-json\/wp\/v2\/posts\/5010\/revisions"}],"wp:featuredmedia":[{"embeddable":true,"href":"https:\/\/predstavnistvorsbg.rs\/sr-Latn\/wp-json\/wp\/v2\/media\/3762"}],"wp:attachment":[{"href":"https:\/\/predstavnistvorsbg.rs\/sr-Latn\/wp-json\/wp\/v2\/media?parent=5010"}],"wp:term":[{"taxonomy":"category","embeddable":true,"href":"https:\/\/predstavnistvorsbg.rs\/sr-Latn\/wp-json\/wp\/v2\/categories?post=5010"},{"taxonomy":"post_tag","embeddable":true,"href":"https:\/\/predstavnistvorsbg.rs\/sr-Latn\/wp-json\/wp\/v2\/tags?post=5010"}],"curies":[{"name":"wp","href":"https:\/\/api.w.org\/{rel}","templated":true}]}}