{"id":5012,"date":"2022-10-26T10:00:25","date_gmt":"2022-10-26T08:00:25","guid":{"rendered":"https:\/\/prs2.profimediagroup.com\/uncategorized-sr-latn\/udruzenja-izdavaca-srbije-i-srpske-potpisali-sporazum-o-saradnji\/"},"modified":"2023-05-09T19:35:54","modified_gmt":"2023-05-09T17:35:54","slug":"udruzenja-izdavaca-srbije-i-srpske-potpisali-sporazum-o-saradnji-ltn","status":"publish","type":"post","link":"https:\/\/predstavnistvorsbg.rs\/sr-Latn\/prethodni-dogadjaji-sr-latn\/udruzenja-izdavaca-srbije-i-srpske-potpisali-sporazum-o-saradnji-ltn\/","title":{"rendered":"Udru\u017eenja izdava\u010da Srbije i Srpske potpisali sporazum o saradnji"},"content":{"rendered":"<p>Na 65. Me\u0111unarodnom sajmu knjiga u Beogradu danas je potpisan sporazum o saradnji Udru\u017eenja profesionalnih izdava\u010da Srbije i Udru\u017eenja izdava\u010da Republike Srpske.<\/p>\n<p><img title=\"Mla\u0111enu Cicovi\u0107u \u0161efu Predstavni\u0161tva R. Srpske u Srbiji uru\u010dena je Povelja Udru\u017eenja profesionalnih izdava\u010da Srbije i Udru\u017eenja izdava\u010da R. Srpske\" src=\"\/wp-content\/uploads\/prethodni\/2022\/potp_sporazum_izdavaca2.jpg\" alt=\"Mla\u0111enu Cicovi\u0107u \u0161efu Predstavni\u0161tva R. Srpske u Srbiji uru\u010dena je Povelja Udru\u017eenja profesionalnih izdava\u010da Srbije i Udru\u017eenja izdava\u010da R. Srpske\" width=\"1200\" border=\"0\" \/><\/p>\n<p>Nakon ceremonije potpisivanja \u0161efu Predstavni\u0161tva Republike Srpske u Srbiji Mla\u0111enu Cicovi\u0107u uru\u010dena je Povelja Udru\u017eenja profesionalnih izdava\u010da Srbije i Udru\u017eenja izdava\u010da Republike Srpske za posebne zasluge u kulturnoj razmjeni i povezivanju izdava\u010da Srbije i Republike Srpske.<\/p>\n<p>Sporazum su popisali predsjednik Udru\u017eenja profesionalnih izdava\u010da Srbije Zoran Hamovi\u0107 i Udru\u017eenja izdava\u010da Republike Srpske Nenad Novakovi\u0107, koji su istakli da je ovaj dokument samo formalizacija dosada\u0161nje saradnje.<\/p>\n<p>\u201eNa\u0161 cilj je da se mi, manji, naslonimo na pouzdanijeg i boljeg brata iz Beograda i da na taj na\u010din mo\u017eemo da ostvarujemo neke benefite, prije svega kad nastupamo na me\u0111unarodnim manifestacijama, ovdje u Srbiji i u Republici Srpskoj\u201d, rekao je Novakovi\u0107.<\/p>\n<p>On je naveo da \u0107e se poku\u0161ati zakonodavno rije\u0161eti da izdava\u010di iz Srbije mogu u\u010destvovati na otkupu knjiga u Republici Srpskoj i obrnuto. Novakovi\u0107 je istakao da je Cicovi\u0107 kao \u0161ef Predstavni\u0161tva Republike Srpske u Srbiji oslonac i uzdanica za ve\u0107inu radnika u kulturi iz Republike Srpske i da je Povelja samo na\u010din da se skrene pa\u017enja na ovog vanrednog pregaoca.<\/p>\n<p><img title=\"Sporazum su popisali predsjednik Udru\u017eenja profesionalnih izdava\u010da Srbije Zoran Hamovi\u0107 i Udru\u017eenja izdava\u010da R. Srpske Nenad Novakovi\u0107\" src=\"\/wp-content\/uploads\/prethodni\/2022\/potp_sporazum_izdavaca3.jpg\" alt=\"Sporazum su popisali predsjednik Udru\u017eenja profesionalnih izdava\u010da Srbije Zoran Hamovi\u0107 i Udru\u017eenja izdava\u010da R. Srpske Nenad Novakovi\u0107\" width=\"1200\" border=\"0\" \/><\/p>\n<p>Primaju\u0107i povelju, Cicovi\u0107 se zahvalio Hamovi\u0107u i Novakovi\u0107u prije svega za sve \u0161to \u010dine kada je u pitanju knjiga, kultura, srpski jezik i \u0107irilica za o\u010duvanje srpskog nacionalnog identiteta. Cicovi\u0107 je naveo da 2009. godine, kada je predlo\u017eio da Republika Srpska na najpresti\u017enijoj kulturnoj manifestaciji u jugoisto\u010dnoj Evropi, Beogradskom sajmu knjiga, nastupi na reprezentativnom \u0161tandu, nije bilo dovoljno knjiga da se postavi na police \u0161tanda.<\/p>\n<p>\u201eOve godine Predstavni\u0161tvo na reprezentativnom \u0161tandu Republike Srpske predstavlja 34 izdava\u010da i promovisa\u0107e 125 paslova. Osim toga na na\u0161em \u0161tandu su izlo\u017eena izdanja koja ne\u0107e biti promovisana, ali su izlo\u017eena\u201d, rekao je Cicovi\u0107. On je istakao da je u okviru \u0161tanda Srpske i \u0161tand Udru\u017eenja izdava\u010da Republike Srpske na kojem se mogu kupiti knjige.<\/p>\n","protected":false},"excerpt":{"rendered":"<p>Na 65. Me\u0111unarodnom sajmu knjiga u Beogradu danas je potpisan sporazum o saradnji Udru\u017eenja profesionalnih izdava\u010da Srbije i Udru\u017eenja izdava\u010da Republike Srpske. Nakon ceremonije potpisivanja \u0161efu Predstavni\u0161tva Republike Srpske u Srbiji Mla\u0111enu Cicovi\u0107u uru\u010dena je Povelja Udru\u017eenja profesionalnih izdava\u010da Srbije i Udru\u017eenja izdava\u010da Republike Srpske za posebne zasluge u kulturnoj razmjeni i povezivanju izdava\u010da Srbije&#8230;<\/p>\n","protected":false},"author":1,"featured_media":3766,"comment_status":"closed","ping_status":"closed","sticky":false,"template":"","format":"standard","meta":[],"categories":[56],"tags":[75],"_links":{"self":[{"href":"https:\/\/predstavnistvorsbg.rs\/sr-Latn\/wp-json\/wp\/v2\/posts\/5012"}],"collection":[{"href":"https:\/\/predstavnistvorsbg.rs\/sr-Latn\/wp-json\/wp\/v2\/posts"}],"about":[{"href":"https:\/\/predstavnistvorsbg.rs\/sr-Latn\/wp-json\/wp\/v2\/types\/post"}],"author":[{"embeddable":true,"href":"https:\/\/predstavnistvorsbg.rs\/sr-Latn\/wp-json\/wp\/v2\/users\/1"}],"replies":[{"embeddable":true,"href":"https:\/\/predstavnistvorsbg.rs\/sr-Latn\/wp-json\/wp\/v2\/comments?post=5012"}],"version-history":[{"count":0,"href":"https:\/\/predstavnistvorsbg.rs\/sr-Latn\/wp-json\/wp\/v2\/posts\/5012\/revisions"}],"wp:featuredmedia":[{"embeddable":true,"href":"https:\/\/predstavnistvorsbg.rs\/sr-Latn\/wp-json\/wp\/v2\/media\/3766"}],"wp:attachment":[{"href":"https:\/\/predstavnistvorsbg.rs\/sr-Latn\/wp-json\/wp\/v2\/media?parent=5012"}],"wp:term":[{"taxonomy":"category","embeddable":true,"href":"https:\/\/predstavnistvorsbg.rs\/sr-Latn\/wp-json\/wp\/v2\/categories?post=5012"},{"taxonomy":"post_tag","embeddable":true,"href":"https:\/\/predstavnistvorsbg.rs\/sr-Latn\/wp-json\/wp\/v2\/tags?post=5012"}],"curies":[{"name":"wp","href":"https:\/\/api.w.org\/{rel}","templated":true}]}}