{"id":5014,"date":"2022-10-27T10:00:04","date_gmt":"2022-10-27T08:00:04","guid":{"rendered":"https:\/\/prs2.profimediagroup.com\/uncategorized-sr-latn\/cetvrti-dan-promocija-na-standu-republike-srpske-na-sajmu-knjiga-u-beogradu\/"},"modified":"2023-05-09T19:35:42","modified_gmt":"2023-05-09T17:35:42","slug":"cetvrti-dan-promocija-na-standu-republike-srpske-na-sajmu-knjiga-u-beogradu-ltn","status":"publish","type":"post","link":"https:\/\/predstavnistvorsbg.rs\/sr-Latn\/prethodni-dogadjaji-sr-latn\/cetvrti-dan-promocija-na-standu-republike-srpske-na-sajmu-knjiga-u-beogradu-ltn\/","title":{"rendered":"\u010cetvrti dan promocija na \u0161tandu Republike Srpske na sajmu knjiga u Beogradu"},"content":{"rendered":"<p>Danas je na \u0161tandu Predstavni\u0161tva Republike Srpske u Srbiji (hala 2, nivo A), \u0161est izdava\u010da iz Srpske predstavilo svoja izdanja, a na kraju petog sajamskog dana odr\u017eano je tradicionalno, deseto po redu, knji\u017eevno ve\u010de pjesnika iz Srbije, Srpske, Crne Gore i rasijanja.<\/p>\n<p><img title=\"Udru\u017eenje strip autora i obo\u017eavalaca stripa \u201eDeveta dimenzija\u201c B. Luka predstavlja strip izdanje Zmija pod ledom i Stivenson - unutra\u0161nji pirat, govori Zoran Peji\u0107\" src=\"\/wp-content\/uploads\/prethodni\/2022\/peti_d_sajma_knj1.jpg\" alt=\"Udru\u017eenje strip autora i obo\u017eavalaca stripa \u201eDeveta dimenzija\u201c B. Luka predstavlja strip izdanje Zmija pod ledom i Stivenson - unutra\u0161nji pirat, govori Zoran Peji\u0107\" width=\"1200\" border=\"0\" \/><\/p>\n<p>Promocije su zapo\u010dele u 11.30 predstavljanjem strip izdanja\u00a0Udru\u017eenja strip autora i obo\u017eavalaca stripa \u201eDeveta dimenzija\u201c Banje Luke &#8211; Zmija pod ledom i Stivenson &#8211; unutra\u0161nji pirat.<\/p>\n<p><img title=\"Muzej savremene umjetnosti R. Srpske predstavlja knjigu Tajni \u017eivot muzeja autora Jelene Kojovi\u0107 Tepi\u0107, govore: dr Sarita Vujkovi\u0107, Nemanja Mi\u0107evi\u0107 i autor\" src=\"\/wp-content\/uploads\/prethodni\/2022\/peti_d_sajma_knj2.jpg\" alt=\"Muzej savremene umjetnosti R. Srpske predstavlja knjigu Tajni \u017eivot muzeja autora Jelene Kojovi\u0107 Tepi\u0107, govore: dr Sarita Vujkovi\u0107, Nemanja Mi\u0107evi\u0107 i autor\" width=\"1200\" border=\"0\" \/><\/p>\n<p>U 12 sati Muzej savremene umjetnosti Republike Srpske promovisao je knjigu Tajni \u017eivot muzeja autora Jelene Kojovi\u0107 Tepi\u0107\u00a0koja je prilago\u0111ena za za djecu od pet do 12 godina.<\/p>\n<p>Direktor Muzeja Sarita Vujkovi\u0107 rekla je da ova publikacija, objavljena 2020. godine, na neobi\u010dan i zanimljiv na\u010din &#8211; spajanjem teksta, ilustracija i specifi\u010dnog dizajna, predstavlja Muzej savremene umjetnosti Republike Srpske, njegov rad i bogatu zbirku, ali i muzeologiju.<\/p>\n<p>\u201ePo\u0161to sam pisac za djecu, smislila sam pri\u010du da je nekada davno u zgradi ovog muzeja koja je nastala kao zgrada \u017eeljezni\u010dke stanice iz vremena Austrougarske, nekim vozom do\u0161ao mi\u0161 koji je rodona\u010delnik mi\u0161evske dinastije koja se bavi skupljanjem umjetni\u010dkih djela&#8220;, rekla je autor Jelena Kojovi\u0107 Tepi\u0107.<\/p>\n<p>I ono \u0161to zaposleni u muzeju rade danju, to, ka\u017ee ona, mi\u0161evi rade no\u0107u &#8211; oni su restauratori, konzervatori, ljudi za njih ne znaju, a oni \u017eive lijep muzejski \u017eivot.<\/p>\n<p><img title=\"Republi\u010dki centar za istra\u017eivanje rata, ratnih zlo\u010dina i tra\u017eenje nestalih lica R. Srpske predstavlja knjigu Vojska R. Srpske, prire\u0111iva\u010di: Dragi\u0161a Juri\u0161i\u0107, Predrag Obrenovi\u0107 i LJubi\u0161a Vulin, a govore: Predrag Lozo istori\u010dar i Dragi\u0161a Juri\u0161i\u0107\" src=\"\/wp-content\/uploads\/prethodni\/2022\/peti_d_sajma_knj3.jpg\" alt=\"Republi\u010dki centar za istra\u017eivanje rata, ratnih zlo\u010dina i tra\u017eenje nestalih lica R. Srpske predstavlja knjigu Vojska R. Srpske, prire\u0111iva\u010di: Dragi\u0161a Juri\u0161i\u0107, Predrag Obrenovi\u0107 i LJubi\u0161a Vulin, a govore: Predrag Lozo istori\u010dar i Dragi\u0161a Juri\u0161i\u0107\" width=\"1200\" border=\"0\" \/><\/p>\n<p>Nakon toga u 13 sati Republi\u010dki centar za istra\u017eivanje rata, ratnih zlo\u010dina i tra\u017eenje nestalih lica Republike Srpske predstavio je knjigu Vojska Republike Srpske, prire\u0111iva\u010da: Dragi\u0161e Juri\u0161i\u0107a, Predrag Obrenovi\u0107a i LJubi\u0161a Vulina\u00a0u kojoj je prikazan kompletan period od 30 godina postojanja ove vojske.<\/p>\n<p>Knjiga je prevedena i na engleski jezik, kako bi se pribli\u017eila \u0161to \u0161iroj publici, a u planu je i prevod i na ruski, francuski, pa i kineski jezik.<\/p>\n<p>Istori\u010dar Predrag Lozo iz Centra je rekao da je ova knjiga sistemati\u010dno i organizovano prire\u0111en priru\u010dnik koji daje obilje osnovnih informacija \u0161ta je VRS u organizacionom i simboli\u010dkom smislu.<\/p>\n<p>On je podsjetio na istorijski kontekst nastanka VRS 12. maja 1992. godine, navode\u0107i da je svoj korijen na\u0161la u nastojanju da se srpskom narodu ne ponovi genocid u NDH u Drugom svjetskom ratu. On je istakao da je to bila posljednja zvani\u010dno organizovana vojna sila na podru\u010dju BiH.<\/p>\n<p>Lozo je rekao da je VRS bila prevashodno odbrambena formacija, \u0161to se sla\u017ee i sa osnovnim ciljem funckionisanja Republike Srpske, a to je odbrana srpskog naroda na tim prostorima.<\/p>\n<p>Juri\u0161i\u0107 je rekao da knjiga obuhvata kompletan period postojanja VRS, kao i njenog nastavka funkcionisanja u obliku Tre\u0107eg pje\u0161adijskog Republika Srpska puka u sastavu Oru\u017eanih snaga BiH, koji ba\u0161tini tradiciju VRS.<\/p>\n<p>\u201eVRS je posebno u tom poslijerantom periodu bila garant opstanka Republike Srpske, s obzirom i na Kfor i na snage neprijatelja koje su ve\u0107 tada bile mnogo ja\u010de i opremljenije\u201c, rekao je Juri\u0161i\u0107.<\/p>\n<p>On je rekao da je VRS postojala kao jedna organizovana institucija, na koju se Republika Srpska mogla osloniti u svakom momentu i bila za\u0161titnika postojanja srpskog naroda na tim prostorima.<\/p>\n<p>Prema njegovima rije\u010dima, knjiga sadr\u017ei obilje fotografija, \u0161ema, grafikona, kopija istorijskih dokumnata, \u010dinova, uniformi, ratnih zastava&#8230;<\/p>\n<p><img title=\"SKPD \u201eProsvjeta\u201c glavni odbor Isto\u010dno Sarajevo predstavlja kalendar Prosvjeta 2019\/2020, prire\u0111iva\u010d: prof. dr Vojislav Maksimovi\u0107, govore: Borislav Maksimovi\u0107 i prire\u0111iva\u010d\" src=\"\/wp-content\/uploads\/prethodni\/2022\/peti_d_sajma_knj4.jpg\" alt=\"SKPD \u201eProsvjeta\u201c glavni odbor Isto\u010dno Sarajevo predstavlja kalendar Prosvjeta 2019\/2020, prire\u0111iva\u010d: prof. dr Vojislav Maksimovi\u0107, govore: Borislav Maksimovi\u0107 i prire\u0111iva\u010d\" width=\"1200\" border=\"0\" \/><\/p>\n<p>U 14 sati SKPD \u201eProsvjeta\u201c glavni odbor Isto\u010dno Sarajevo promovisao je Kalendar Prosvjeta 2019\/2020&#8243; o kome je govorio prire\u0111iva\u010d akademik Vojislav Maksimovi\u0107 koji je istakao da ovi kalendari predstavljaju svojevrsan dokument sada\u0161njeg vremena.<\/p>\n<p><img title=\" Mati\u010dna biblioteka Isto\u010dno Sarajevo predstavlja svoja izdanja: prof. dr LJubinka Petri\u0107 Ba\u0161ovi\u0107 - izabrani radovi, prire\u0111iva\u010d akademik Vojislav Maksimovi\u0107\" src=\"\/wp-content\/uploads\/prethodni\/2022\/peti_d_sajma_knj5.jpg\" alt=\" Mati\u010dna biblioteka Isto\u010dno Sarajevo predstavlja svoja izdanja: prof. dr LJubinka Petri\u0107 Ba\u0161ovi\u0107 - izabrani radovi, prire\u0111iva\u010d akademik Vojislav Maksimovi\u0107\" width=\"1200\" border=\"0\" \/><\/p>\n<p>U nastavku promocija u 14.30 Mati\u010dna biblioteka Isto\u010dno Sarajevo predstavila je svoja izdanja: Prof. dr LJubinka Petri\u0107 Ba\u0161ovi\u0107 &#8211; izabrani radovi, prire\u0111iva\u010da akademika Vojislava Maksimovi\u0107a;<\/p>\n<p><img title=\"Stevo Kalu\u0111er\u010di\u0107 - prosvjetni, kulturni i politi\u010dki radnik (1864-1948), prire\u0111iva\u010d mr Ivana Kuljanin, govore: prof. dr Radoslavka Sudaru\u0161i\u0107 i prire\u0111iva\u010d\" src=\"\/wp-content\/uploads\/prethodni\/2022\/peti_d_sajma_knj5_1.jpg\" alt=\"Stevo Kalu\u0111er\u010di\u0107 - prosvjetni, kulturni i politi\u010dki radnik (1864-1948), prire\u0111iva\u010d mr Ivana Kuljanin, govore: prof. dr Radoslavka Sudaru\u0161i\u0107 i prire\u0111iva\u010d\" width=\"1200\" border=\"0\" \/><\/p>\n<p>Stevo Kalu\u0111er\u010di\u0107- prosvjetni, kulturni i politi\u010dki radnik (1864-1948), prire\u0111iva\u010da mr Ivana Kuljanin;<\/p>\n<p><img title=\"Roman Metastaza i zbirka poezije Kad \u0111avo krvi za\u017eeli autora Gorana Vra\u010dara\" src=\"\/wp-content\/uploads\/prethodni\/2022\/peti_d_sajma_knj5_2.jpg\" alt=\"Roman Metastaza i zbirka poezije Kad \u0111avo krvi za\u017eeli autora Gorana Vra\u010dara\" width=\"1200\" border=\"0\" \/><\/p>\n<p>Roman Metastaza i zbirka poezije Kad \u0111avo krvi za\u017eeli autora Gorana Vra\u010dara;<\/p>\n<p><img title=\"Zbirku poezije Opro\u0161tajno pismo autora Dare Sekuli\u0107, govore: prof. dr Sa\u0161a Kne\u017eevi\u0107 i Nedeljko Babi\u0107\" src=\"\/wp-content\/uploads\/prethodni\/2022\/peti_d_sajma_knj5_3.jpg\" alt=\"Zbirku poezije Opro\u0161tajno pismo autora Dare Sekuli\u0107, govore: prof. dr Sa\u0161a Kne\u017eevi\u0107 i Nedeljko Babi\u0107\" width=\"1200\" border=\"0\" \/><\/p>\n<p>Zbirku poezije Opro\u0161tajno pismo autora Dare Sekuli\u0107; i Bibliografija izdanja Mati\u010dne biblioteke Isto\u010dno Sarajevo: 1997-2020, autora Branislave Milo\u0161evi\u0107.<\/p>\n<p><img title=\"Univerzitet u Isto\u010dnom Sarajevu predstavlja monografiju 30 godina Univerziteta u Isto\u010dnom Sarajevu i fototipsko izdanje \u010dasopisa Vaseljena, govore: akademik Vojislav Maksimovi\u0107, prof. dr Milan Kuli\u0107, prof. dr Draga Mastilovi\u0107 i prof. mr Sandra Ivanovi\u0107\" src=\"\/wp-content\/uploads\/prethodni\/2022\/peti_d_sajma_knj6.jpg\" alt=\"Univerzitet u Isto\u010dnom Sarajevu predstavlja monografiju 30 godina Univerziteta u Isto\u010dnom Sarajevu i fototipsko izdanje \u010dasopisa Vaseljena, govore: akademik Vojislav Maksimovi\u0107, prof. dr Milan Kuli\u0107, prof. dr Draga Mastilovi\u0107 i prof. mr Sandra Ivanovi\u0107\" width=\"1200\" border=\"0\" \/><\/p>\n<p>Nakon toga u 16.30 Univerzitet u Isto\u010dnom Sarajevu predstavio je Monografiju 30 godina Univerziteta u Isto\u010dnom Sarajevu i fototipsko izdanje \u010dasopisa Vaseljena,\u00a0koji svjedo\u010de o burnim i te\u0161kim vremenima u kojim je Univerzitet osnovan i izrastao u jedno od najva\u017enijih obrazovnih institucija Republike Srpske.<\/p>\n<p>Prvi rektor Univerziteta, akdemik Vojislav Maksimovi\u0107, je naglasio, evociraju\u0107i uspomene na ratne godine kada je Univerzitet osnovan, da je idejni tvorac i jedan od najzaslu\u017enijih za to bio i jedan od osniva\u010da Republike Srpske pokojni Mom\u010dilo Kraji\u0161nik koji je bio svjestan koliko je obrazovanje va\u017eno, a da je veliku ulogu imao i LJubomir Zukovi\u0107.<\/p>\n<p>Maksimovi\u0107 je naglasio da ga je vijest da je izabran za rektora iznenadila i da nije mogao da odbije, naglasiv\u0161i da mu je veoma drago \u0161to prisustvuje promociji monografije koja svjedo\u010di o tim vremenima.<\/p>\n<p>Profesor Draga Mastilovi\u0107 je rekao da je pitanje opstanka i opravdanosti postojanja Univerziteta u Isto\u010dnom Sarajevu \u010desto bilo predmet rasprava u Narodnoj skup\u0161tini tada\u0161nje Republike Srpske.<\/p>\n<p>\u201eNa zasjedanju 30. i 31. decembra 1993. godine vodila se \u017eu\u010dna rasprava o opravdanosti postojanja ovog univerziteta. U raspravu se uklju\u010dio i tada\u0161nji predsjednik Republike Srpske Radovan Karad\u017ei\u0107 koji je pozvao poslanike da ne razmi\u0161ljaju regionalno ve\u0107 nacionalno\u201c, rekao je Mastilovi\u0107.<\/p>\n<p>On je naveo da je Karad\u017ei\u0107 tada poru\u010dio poslanicima da vode ra\u010duna o svakom dijelu Republike Srpske, a ne samo o svojim regijama.<\/p>\n<p>Mastilovi\u0107 je rekao da se sna\u017eno za o\u010duvanje univerziteta zalagao i poslanik Vojo Kupre\u0161anin koji je rekao da se djeci oko \u010dijih ku\u0107a padaju granate mora omogu\u0107iti da se obrazuju i \u010duvaju srpsku zemlju, jer \u0107e srpska revolucija propasti ako oni odu.<\/p>\n<p>On je dodao da poruka Kupre\u0161anina ima svoj puni smisao i danas, a da od momenta osnivanja i u sve tri decenije rada Univerzitet ima izuzetne kriterijume i nivo.<\/p>\n<p>Rektor Univerziteta u Isto\u010dnom Sarajevu Milan Kuli\u0107 izrazio je zadovoljstvo \u0161to su ova dva kapitalna djela ve\u010deras predstavljena beogradskoj publici, naglasiv\u0161i da je bilo potrebno puno volje, mudrosti i rada na njima.<\/p>\n<p>Profesor Sandra Ivanovi\u0107 osvrnula se na fototipsko izdanje \u010dasopisa \u201eVaseljena\u201c, ocijeniv\u0161i da taj \u010dasopis, koji je izlazio od 1995. do 2002. godine, predstavlja dragocjeno naslje\u0111e Univerziteta u Isto\u010dnom Sarajevu.<\/p>\n<p><img title=\"Tradicionalno deseto Knji\u017eevno ve\u010de pjesnika iz Srpske, Srbije, Crne Gore i rasijanja otvorio Du\u0161ko M. Petrovi\u0107\" src=\"\/wp-content\/uploads\/prethodni\/2022\/peti_d_sajma_knj8.jpg\" alt=\"Tradicionalno deseto Knji\u017eevno ve\u010de pjesnika iz Srpske, Srbije, Crne Gore i rasijanja otvorio Du\u0161ko M. Petrovi\u0107\" width=\"1200\" border=\"0\" \/><\/p>\n<p>U 18 sati na \u0161tandu Srpske je odr\u017eano tradicionalno deseto Knji\u017eevno ve\u010de 33 pjesnika iz Srpske, Srbije, Crne Gore i rasijanja.\u00a0LJubitelje pojezije je u ime organizatora, Predstavni\u0161tva Republike Srpske u Srbiji, pozdravio Du\u0161ko M. Petrovi\u0107 poru\u010div\u0161i da ih je od posljednjeg dru\u017eenja 2019. godine napustilo preko 150 knji\u017eevnika, ali da je \u017eelja za \u017eivotom nadja\u010dala virus koronu i da su pjesnici ponovo na okupu.<\/p>\n<p><img title=\"Prisutnima se prvi svojim stihovima o velikom Branku \u0106opi\u0107u predstavio Radomir Andri\u0107\" src=\"\/wp-content\/uploads\/prethodni\/2022\/peti_d_sajma_knj7.jpg\" alt=\"Prisutnima se prvi svojim stihovima o velikom Branku \u0106opi\u0107u predstavio Radomir Andri\u0107\" width=\"1200\" border=\"0\" \/><\/p>\n<p>Prisutnima se prvi svojim stihovima o velikom Branku \u0106opi\u0107u predstavio Radomir Andri\u0107, a potom su se nizali pjesnici Blagoje Bakovi\u0107, Slavomir Gvozdenovi\u0107, Bratislav Milanovi\u0107, Milan Mihajlovi\u0107, Jovanka Stoj\u010dinovi\u0107 Nikoli\u0107, Goran Vra\u010dar, Rajko Srdi\u0107, Mirjana Bilatovi\u0107 i drugi.<\/p>\n<p><img title=\"Tradicionalno Knji\u017eevno ve\u010de pjesnika na \u0161tandu R. Srpske\" src=\"\/wp-content\/uploads\/prethodni\/2022\/peti_d_sajma_knj9.jpg\" alt=\"Tradicionalno Knji\u017eevno ve\u010de pjesnika na \u0161tandu R. Srpske\" width=\"1200\" border=\"0\" \/><\/p>\n<p>Gvozdenovi\u0107 je posebno zahvalio organizatorima \u0161to je na isto mjesto skupio pjesnike koji stvaraju na srpskom jeziku, te poru\u010dio kako treba sa\u010duvati Republiku Srpsku.<\/p>\n","protected":false},"excerpt":{"rendered":"<p>Danas je na \u0161tandu Predstavni\u0161tva Republike Srpske u Srbiji (hala 2, nivo A), \u0161est izdava\u010da iz Srpske predstavilo svoja izdanja, a na kraju petog sajamskog dana odr\u017eano je tradicionalno, deseto po redu, knji\u017eevno ve\u010de pjesnika iz Srbije, Srpske, Crne Gore i rasijanja. Promocije su zapo\u010dele u 11.30 predstavljanjem strip izdanja\u00a0Udru\u017eenja strip autora i obo\u017eavalaca stripa&#8230;<\/p>\n","protected":false},"author":1,"featured_media":3772,"comment_status":"closed","ping_status":"closed","sticky":false,"template":"","format":"standard","meta":[],"categories":[56],"tags":[75],"_links":{"self":[{"href":"https:\/\/predstavnistvorsbg.rs\/sr-Latn\/wp-json\/wp\/v2\/posts\/5014"}],"collection":[{"href":"https:\/\/predstavnistvorsbg.rs\/sr-Latn\/wp-json\/wp\/v2\/posts"}],"about":[{"href":"https:\/\/predstavnistvorsbg.rs\/sr-Latn\/wp-json\/wp\/v2\/types\/post"}],"author":[{"embeddable":true,"href":"https:\/\/predstavnistvorsbg.rs\/sr-Latn\/wp-json\/wp\/v2\/users\/1"}],"replies":[{"embeddable":true,"href":"https:\/\/predstavnistvorsbg.rs\/sr-Latn\/wp-json\/wp\/v2\/comments?post=5014"}],"version-history":[{"count":0,"href":"https:\/\/predstavnistvorsbg.rs\/sr-Latn\/wp-json\/wp\/v2\/posts\/5014\/revisions"}],"wp:featuredmedia":[{"embeddable":true,"href":"https:\/\/predstavnistvorsbg.rs\/sr-Latn\/wp-json\/wp\/v2\/media\/3772"}],"wp:attachment":[{"href":"https:\/\/predstavnistvorsbg.rs\/sr-Latn\/wp-json\/wp\/v2\/media?parent=5014"}],"wp:term":[{"taxonomy":"category","embeddable":true,"href":"https:\/\/predstavnistvorsbg.rs\/sr-Latn\/wp-json\/wp\/v2\/categories?post=5014"},{"taxonomy":"post_tag","embeddable":true,"href":"https:\/\/predstavnistvorsbg.rs\/sr-Latn\/wp-json\/wp\/v2\/tags?post=5014"}],"curies":[{"name":"wp","href":"https:\/\/api.w.org\/{rel}","templated":true}]}}