{"id":5045,"date":"2022-10-28T10:00:36","date_gmt":"2022-10-28T08:00:36","guid":{"rendered":"https:\/\/prs2.profimediagroup.com\/uncategorized-sr-latn\/peti-dan-promocija-republike-srpske-na-sajmu-knjiga-u-beogradu\/"},"modified":"2023-05-09T19:35:32","modified_gmt":"2023-05-09T17:35:32","slug":"peti-dan-promocija-republike-srpske-na-sajmu-knjiga-u-beogradu-ltn","status":"publish","type":"post","link":"https:\/\/predstavnistvorsbg.rs\/sr-Latn\/prethodni-dogadjaji-sr-latn\/peti-dan-promocija-republike-srpske-na-sajmu-knjiga-u-beogradu-ltn\/","title":{"rendered":"Peti dan promocija Republike Srpske na sajmu knjiga u Beogradu"},"content":{"rendered":"<p>Petog dana reprezentativnog nastupa Republike Srpske na 65. Me\u0111unarodnim sajmu knjiga u Beogradu promocije su po\u010dele u<strong> 11 sati<\/strong> u sali \u201eVasko Popa\u201c gdje je Univerzitet u Banjoj Luci predstavio \u010dasopis Filolog koji ima za cilj promovisanje savremenih teorijskih i interdisciplinarnih pristupa prou\u010davanju jezika, knji\u017eevnosti i kulture.<\/p>\n<p><img title=\"SPKD \u201eProsvjeta\u201c gradski odbor Bijeljina predstavlja \u010dasopis Srpska vila, br. 51, 52, 53. i 54. govore i knjigu \u0106irilicom pi\u0161em autora \u017deljke Mla\u0111enovi\u0107: govore, prof. dr Jelina \u0110urkovi\u0107, Du\u0161anka Novakovi\u0107 i Stojanka \u0110oki\u0107\" src=\"\/wp-content\/uploads\/prethodni\/2022\/sesti_d_sajma_knj2.jpg\" alt=\"SPKD \u201eProsvjeta\u201c gradski odbor Bijeljina predstavlja \u010dasopis Srpska vila, br. 51, 52, 53. i 54. govore i knjigu \u0106irilicom pi\u0161em autora \u017deljke Mla\u0111enovi\u0107: govore, prof. dr Jelina \u0110urkovi\u0107, Du\u0161anka Novakovi\u0107 i Stojanka \u0110oki\u0107\" width=\"1200\" border=\"0\" \/><\/p>\n<p>Nakon toga promocije su nastavljene \u0161tandu Srpske u <strong>12 sati<\/strong> predstavljanjem izdanja SPKD \u201eProsvjeta\u201c Bijeljina: \u010dasopisa Srpska vila, br. 51, 52, 53. i 54 i knjige \u0106irilicom pi\u0161em autora \u017deljke Mla\u0111enovi\u0107.<\/p>\n<p>\u201eSrpski narod, danas, nema dovoljno razvijenu svijest o svom nacionalnom identitetu te ne pokazuje potrebnu privr\u017eenost \u0107irilici i obavezu da pismu svog jezika da prvo mjesto u o\u010duvanju vlastitog identiteta. Zato je svaki napor pojedinca i dru\u0161tva da probudi svijest o za\u0161titi \u0107irilice vrijedan pa\u017enje i po\u0161tovanja\u201c, istakla je Du\u0161anka Novakovi\u0107, iz \u201eProsvjete\u201c Bijeljina, govore\u0107i o knjizi i \u010dasopisu.<\/p>\n<p><img title=\"Republi\u010dki zavod za statistiku R. Srpske predstavlja izdanja: Statisti\u010dki godi\u0161njak R. Srpske, Op\u0161tine i gradovi R. Srpske i Indikatori odr\u017eivog razvoja R. Srpske, o kojima govori Darko Milunovi\u0107 i izdanja Ovo je R. Srpska i \u017dene i mu\u0161karci u R. Srpskoj, koje je predstavio Velimir Savi\u0107\" src=\"\/wp-content\/uploads\/prethodni\/2022\/sesti_d_sajma_knj3.jpg\" alt=\"Republi\u010dki zavod za statistiku R. Srpske predstavlja izdanja: Statisti\u010dki godi\u0161njak R. Srpske, Op\u0161tine i gradovi R. Srpske i Indikatori odr\u017eivog razvoja R. Srpske, o kojima govori Darko Milunovi\u0107 i izdanja Ovo je R. Srpska i \u017dene i mu\u0161karci u R. Srpskoj, koje je predstavio Velimir Savi\u0107\" width=\"1200\" border=\"0\" \/><\/p>\n<p>U <strong>13<\/strong> <strong>sati<\/strong> Republi\u010dki zavod za statistiku Republike Srpske predstavio je svoja izdanja: Statisti\u010dki godi\u0161njak Republike Srpske, Op\u0161tine i gradovi Republike Srpske i Indikatori odr\u017eivog razvoja Republike Srpske i izdanja Ovo je Republika Srpska i \u017dene i mu\u0161karci u Republici Srpskoj.<\/p>\n<p>Direktor Zavoda Darko Milunovi\u0107 izjavio je da se godi\u0161njak tradicionalno izdaje 30. novembra, te da se u ovom izdanju nalaze podaci zaklju\u010dno sa 2020. godinom, a da je posebna pa\u017enja posve\u0107ena energetici koja je danas tema broj jedan svuda u svijetu.<\/p>\n<p>\u201eIz godi\u0161njaka koji je, u stvari, statisti\u010dka enciklopedija saznajemo da Srpska ima energetske vi\u0161kove i da je stabilna u vrijeme nestabilnosti&#8220;, rekao je Milunovi\u0107 i dodao da godi\u0161njak sadr\u017ei niz zanimljivosti poput one da su u godini pra\u0107enja 23 mu\u0161karca u Republici Srpskoj prilikom vjen\u010danja uzela prezime supruge.<\/p>\n<p>Predstavljaju\u0107i publikaciju \u201eOvo je Republika Srpska\u201c, Velimir Savi\u0107 je rekao da se ovogodi\u0161nje izdanje bavi \u010dudesnom planinom Ozren i da se iz nje mo\u017ee saznati da na ovoj planini postoje pripitomljeni medvjedi, farma jelena, a da je tradicionalno branje trave ive uvr\u0161teno na listu Uneska kao nematerijalna ba\u0161tina.<\/p>\n<p>On je naveo da se iz publikacije \u201e\u017dene i mu\u0161karci u Republici Srpskoj\u201c mo\u017ee otkriti koliko je brakova sklopljeno i koliki je o\u010dekivani \u017eivotni vijek, ali i razbiti predrasudu da su mu\u0161karci \u201eja\u010di pol\u201c.<\/p>\n<p>\u201eStatistika govori da su \u017eene ja\u010di pol u Republici Srpskoj&#8220;, rekao je Savi\u0107 i naglasio da statistika demistifikuje i pitanje virusa korona. On je naveo da je svuda u svijetu \u017eivotni vijek pao u prosjeku za dvije godine.<\/p>\n<p><img title=\"Centar za kulturu i obrazovanje Doboj predstavlja izdanja: Nebeski vo\u017ed autora Milana Kuzmi\u0107a i zbirku poezije Leptir autora Ivane Bukejlovi\u0107, govore: Lidija \u017dari\u0107, Milena Kuli\u0107 i autor\" src=\"\/wp-content\/uploads\/prethodni\/2022\/sesti_d_sajma_knj4.jpg\" alt=\"Centar za kulturu i obrazovanje Doboj predstavlja izdanja: Nebeski vo\u017ed autora Milana Kuzmi\u0107a i zbirku poezije Leptir autora Ivane Bukejlovi\u0107, govore: Lidija \u017dari\u0107, Milena Kuli\u0107 i autor\" width=\"1200\" border=\"0\" \/><\/p>\n<p>Centar za kulturu i obrazovanje Doboj promovisao je u <strong>14 sati<\/strong> izdanja: Nebeski vo\u017ed autora Milana Kuzmi\u0107a u izdanju \u201eGrafopapir\u201c Banja Luka i zbirku poezije Leptir autora Ivane Bukejlovi\u0107 u izdanju \u201ePrimaprom&#8220; Banja Luka.<\/p>\n<p>Lidija \u017dari\u0107, direktorka Centra je izjavila da su u pitanju autori koji ve\u0107 du\u017ee vremena pi\u0161u poeziju i osvajaju priznanja za svoja djela i za koje se nada da \u0107e u najboljem svjetlu predstaviti grad Doboj na ovogodi\u0161njem sajmu knjiga u Beogradu.<\/p>\n<p><img title=\"\u201eGlas Srpske\u201c Banja Luka predstavlja knjigu Memoari autora Slavka Vujasinovi\u0107a, govore: prire\u0111iva\u010di Rajko Luka\u010d, Milan B. Radulovi\u0107, Zoran Sinki\u0107 i Miodrag Vujasinovi\u0107\" src=\"\/wp-content\/uploads\/prethodni\/2022\/sesti_d_sajma_knj5.jpg\" alt=\"\u201eGlas Srpske\u201c Banja Luka predstavlja knjigu Memoari autora Slavka Vujasinovi\u0107a, govore: prire\u0111iva\u010di Rajko Luka\u010d, Milan B. Radulovi\u0107, Zoran Sinki\u0107 i Miodrag Vujasinovi\u0107\" width=\"1200\" border=\"0\" \/><\/p>\n<p>U <strong>15 sati<\/strong> \u201eGlas Srpske\u201c Banja Luka promovisao je knjigu Memoari autora\u00a0 Slavka Vujasinovi\u0107a u kojima su opisani ljudi i doga\u0111aji u Kozarskoj Dubici od kraja 19. vijeka do Drugog svjetskog rata, ali i te\u017eak \u017eivog u okupiranom Beogradu.<\/p>\n<p>Jedan od prire\u0111iva\u010da ovog drugog, dopunjenog izdanja knjige, knji\u017eevnik Rajko Luka\u010d rekao je da je prota \u201eMemoare\u201c napisao u izbjegli\u0161tvu u Beogradu u te\u0161kim uslovima okupacije tokom Drugog svjetskog rata.<\/p>\n<p>\u201eBez `Memoara` prote Vujasinovi\u0107a gotovo da ne bi bilo nikakvog pouzdanog istorijskog izvora o \u017eivotu u tada\u0161njoj Bosanskoj Dubici do Drugog svjetskog rata niti bismo \u0161ta znali o na\u0161im precima u gradu i selima koji ga okru\u017euju&#8220;, rekao je Luka\u010d.<\/p>\n<p>On je istakao da \u201eMemoare\u201c, osim velike istoriografske vrijednosti, krasi protin stil, podjednak osje\u0107aj za detalje i krupne doga\u0111aje, glavne i sporedne li\u010dnosti, ljudske mane i vrline i jednako po\u0161tovanje prema sva tri naroda i konfesije \u201ehvale\u0107i \u0161to je za pohvalu i kude\u0107i ono \u0161to nije dostojno \u010dovjeka\u201c.<\/p>\n<p>\u201eMemoari\u201c prote Vujasinovi\u0107a objavljeni su zahvaljuju\u0107i naporima njegovog unuka Miodraga, koji je originalni rukopis napisan u pet svezaka ukori\u010dio i tako ga sa\u010duvao, ali je tek 1994. godine uspio da na\u0111e zainteresovane za njegovo objavljivanje.<\/p>\n<p>Prvo izdanje rukopisa prote Vujasinovi\u0107a objavljeno je pod naslovom \u201eSrbi kao ptice\u201c, a drugo izdanje, pod naslovom \u201eMemoari\u201c, dopunjeno sa 17 fotografija i predgovorom koji je napisao akademik Matija Be\u0107kovi\u0107, objavljeno je 2021. godine.<\/p>\n<p>Dubi\u010dki prota Slavko Vujasinovi\u0107, ro\u0111en 1880. godine, bio je jedan od najpismenijih Srba u Potkozarju tog vremena. Kozarsku Dubicu, morao je da napusti 7. jula 1941. godine i \u017eivio je u izbjegli\u0161tvu u Beogradu gdje je preminuo 1945. godinu, ne do\u010dekav\u0161i oslobo\u0111enje.<\/p>\n<p><img title=\"Univerzitet u Banjoj Luci predstavlja: Patofiziologija za studije zdravstvenih nauka autora prof. dr sci. med. Nele Ra\u0161eta Simovi\u0107, prof. dr sci.med. Darka Goli\u0107a i prof. dr sci. med. Milorada Vujni\u0107a, govore prof. dr Milorad Vujni\u0107 i Mentalni aspekti sportskih aktivnosti autora Du\u0161ka Lepira, predstavlja autor\" src=\"\/wp-content\/uploads\/prethodni\/2022\/sesti_d_sajma_knj6.jpg\" alt=\"Univerzitet u Banjoj Luci predstavlja: Patofiziologija za studije zdravstvenih nauka autora prof. dr sci. med. Nele Ra\u0161eta Simovi\u0107, prof. dr sci.med. Darka Goli\u0107a i prof. dr sci. med. Milorada Vujni\u0107a, govore prof. dr Milorad Vujni\u0107 i Mentalni aspekti sportskih aktivnosti autora Du\u0161ka Lepira, predstavlja autor\" width=\"1200\" border=\"0\" \/><\/p>\n<p>Univerzitet u Banjoj Luci predstavio je u <strong>16 sati<\/strong> knjige: Patofiziologija za studije zdravstvenih nauka autora prof. dr sci. med. Nele Ra\u0161eta Simovi\u0107, prof. dr sci.med. Darka Goli\u0107 i prof. dr sci. med. Milorada Vujni\u0107a i Mentalni aspekti sportskih aktivnosti autora Du\u0161ka Lepira.<\/p>\n<p>Prof. dr Milorad Vujni\u0107 je govore\u0107i o knjizi \u201ePatofiziologija za studije zdravstvenih nauka\u201c istakao da je ovaj ud\u017ebeniku namijenjen studentima medicine i farmacije i da su u njemu pored teorijskog dijela navedene i opisane metode funkcionalnih ispitivanja u medicini \u0161to, iz predavanja i vje\u017ebe, poma\u017ee studentima u savladavanju znanja i vje\u0161tina iz patofiziologije.<\/p>\n<p><img title=\"Narodna i univerzitetska biblioteka R. Srpske predstavlja Izabrana djela Svetozara \u0106orovi\u0107a, prire\u0111iva\u010d prof. dr Du\u0161ko Pevulja, govore: Berislav Blagojevi\u0107 i LJilja Petrovi\u0107 Ze\u010di\u0107\" src=\"\/wp-content\/uploads\/prethodni\/2022\/sesti_d_sajma_knj7.jpg\" alt=\"Narodna i univerzitetska biblioteka R. Srpske predstavlja Izabrana djela Svetozara \u0106orovi\u0107a, prire\u0111iva\u010d prof. dr Du\u0161ko Pevulja, govore: Berislav Blagojevi\u0107 i LJilja Petrovi\u0107 Ze\u010di\u0107\" width=\"1200\" border=\"0\" \/><\/p>\n<p>Narodna i univerzitetska biblioteka Republike Srpske promovisala je u <strong>17 sati<\/strong> Izabrana djela Svetozara \u0106orovi\u0107a, prire\u0111iva\u010da prof. dr Du\u0161ka Pevulje.<br \/>\n\u201eSvetozar \u0106orovi\u0107 je jedan od najzna\u010dajnijih pisaca sa po\u010detka 20. vijeka i jedna od veli\u010dina \u010duvenog mostarskog kruga stvaralaca\u201c rekla je LJilja Petrovi\u0107 Ze\u010di\u0107, direktor biblioteke.<br \/>\n\u201eOn je bio hroni\u010dar ljudi, vremena i \u017eivota njegove rodne Hercegovine&#8220; istakla je Petrovi\u0107 Ze\u010di\u0107eva.<\/p>\n<p><img title=\"\u201eImprimatur\u201c Banja Luka predstavlja: U d\u017eepovima medijske stvarnosti, autora Borislava Vukojevi\u0107a i Vuka Vu\u010deti\u0107a, govore: autori\" src=\"\/wp-content\/uploads\/prethodni\/2022\/sesti_d_sajma_knj8.jpg\" alt=\"\u201eImprimatur\u201c Banja Luka predstavlja: U d\u017eepovima medijske stvarnosti, autora Borislava Vukojevi\u0107a i Vuka Vu\u010deti\u0107a, govore: autori\" width=\"1200\" border=\"0\" \/><\/p>\n<p>U <strong>18 sati<\/strong> \u201eImprimatur\u201c Banja Luka predstavio je svoja izdanja: U d\u017eepovima medijske stvarnosti, autora Borislava Vukojevi\u0107a i Vuka Vu\u010deti\u0107a i zbirke pri\u010da Mandarinske<\/p>\n<p><img title=\"Promocija Zbirke pri\u010da Mandarinske patke i Nervus vagus i druge pri\u010de autora Milanke Blagojevi\u0107, o kojima govori autor\" src=\"\/wp-content\/uploads\/prethodni\/2022\/sesti_d_sajma_knj8_1.jpg\" alt=\"Promocija Zbirke pri\u010da Mandarinske patke i Nervus vagus i druge pri\u010de autora Milanke Blagojevi\u0107, o kojima govori autor\" width=\"1200\" border=\"0\" \/><\/p>\n<p>patke i Nervus vagus i druge pri\u010de autora Milanke Blagojevi\u0107.<\/p>\n<p><img title=\"Centar za informisanje i obrazovanje Trebinje predstavlja monografiju Grad Trebinje - moj grad\" src=\"\/wp-content\/uploads\/prethodni\/2022\/sesti_d_sajma_knj9.jpg\" alt=\"Centar za informisanje i obrazovanje Trebinje predstavlja monografiju Grad Trebinje - moj grad\" width=\"1200\" border=\"0\" \/><\/p>\n<p>Centar za informisanje i obrazovanje Trebinje promovisao je u <strong>19 sati<\/strong> monografiju Grad Trebinje &#8211; moj grad. Monografija donosi pri\u010de o gradu i svemu \u0161to Trebinje predstavlja, njegovoj bogatoj pro\u0161losti, znamenitostima, razvoju, perspektivama i zaslu\u017enim Trebinjcima.<\/p>\n<p>\u010cini je osam tematskih poglavlja &#8211; od kulturno-istorijskog naslje\u0111a, umjetnosti, ljudi i obi\u010daja, prirodnog blaga, gastronomije, do sporta, privrede i Trebinja novog doba.<\/p>\n<p>Monografija donosi \u017eivotopise zaslu\u017enih Trebinjaca &#8211; Svetog Vasilija Ostro\u0161kog i Tvrdo\u0161kog, vojvode Luke Vukalovi\u0107a, arhimandrita Ni\u0107ifora Du\u010di\u0107a, Mi\u0107a LJubibrati\u0107a, Luke \u0106elovi\u0107a, Jovana Du\u010di\u0107a, Atanasija Popovi\u0107a i \u010cede Kapora.<\/p>\n<p>Urednik monografije Bo\u017eo Mori\u0107 rekao je da je na jednom mjestu skupljeno sve \u0161to bi moglo biti va\u017eno za upoznavanje Trebinja i Trebinjaca.<\/p>\n<p>Na\u010delnik gradskog Odjeljenja za kulturu, porodicu, sport i obrazovanje Sla\u0111ana Sko\u010daji\u0107 rekla je na promociji na \u0161tandu Predstavni\u0161tva Republike Srpske da se na svakoj stranici mo\u017ee osjetiti duh Trebinja, bisera na jugu Hercegovine.<\/p>\n","protected":false},"excerpt":{"rendered":"<p>Petog dana reprezentativnog nastupa Republike Srpske na 65. Me\u0111unarodnim sajmu knjiga u Beogradu promocije su po\u010dele u 11 sati u sali \u201eVasko Popa\u201c gdje je Univerzitet u Banjoj Luci predstavio \u010dasopis Filolog koji ima za cilj promovisanje savremenih teorijskih i interdisciplinarnih pristupa prou\u010davanju jezika, knji\u017eevnosti i kulture. Nakon toga promocije su nastavljene \u0161tandu Srpske u&#8230;<\/p>\n","protected":false},"author":1,"featured_media":3774,"comment_status":"closed","ping_status":"closed","sticky":false,"template":"","format":"standard","meta":[],"categories":[56],"tags":[75],"_links":{"self":[{"href":"https:\/\/predstavnistvorsbg.rs\/sr-Latn\/wp-json\/wp\/v2\/posts\/5045"}],"collection":[{"href":"https:\/\/predstavnistvorsbg.rs\/sr-Latn\/wp-json\/wp\/v2\/posts"}],"about":[{"href":"https:\/\/predstavnistvorsbg.rs\/sr-Latn\/wp-json\/wp\/v2\/types\/post"}],"author":[{"embeddable":true,"href":"https:\/\/predstavnistvorsbg.rs\/sr-Latn\/wp-json\/wp\/v2\/users\/1"}],"replies":[{"embeddable":true,"href":"https:\/\/predstavnistvorsbg.rs\/sr-Latn\/wp-json\/wp\/v2\/comments?post=5045"}],"version-history":[{"count":0,"href":"https:\/\/predstavnistvorsbg.rs\/sr-Latn\/wp-json\/wp\/v2\/posts\/5045\/revisions"}],"wp:featuredmedia":[{"embeddable":true,"href":"https:\/\/predstavnistvorsbg.rs\/sr-Latn\/wp-json\/wp\/v2\/media\/3774"}],"wp:attachment":[{"href":"https:\/\/predstavnistvorsbg.rs\/sr-Latn\/wp-json\/wp\/v2\/media?parent=5045"}],"wp:term":[{"taxonomy":"category","embeddable":true,"href":"https:\/\/predstavnistvorsbg.rs\/sr-Latn\/wp-json\/wp\/v2\/categories?post=5045"},{"taxonomy":"post_tag","embeddable":true,"href":"https:\/\/predstavnistvorsbg.rs\/sr-Latn\/wp-json\/wp\/v2\/tags?post=5045"}],"curies":[{"name":"wp","href":"https:\/\/api.w.org\/{rel}","templated":true}]}}