{"id":5048,"date":"2022-11-17T10:00:23","date_gmt":"2022-11-17T09:00:23","guid":{"rendered":"https:\/\/prs2.profimediagroup.com\/uncategorized-sr-latn\/primjerna-saradnja-sa-udruzenjem-ognjena-marija-livanjska\/"},"modified":"2023-05-09T19:33:09","modified_gmt":"2023-05-09T17:33:09","slug":"primjerna-saradnja-sa-udruzenjem-ognjena-marija-livanjska-ltn","status":"publish","type":"post","link":"https:\/\/predstavnistvorsbg.rs\/sr-Latn\/prethodni-dogadjaji-sr-latn\/primjerna-saradnja-sa-udruzenjem-ognjena-marija-livanjska-ltn\/","title":{"rendered":"Primjerna saradnja sa Udru\u017eenjem &#8222;Ognjena Marija Livanjska&#8220;"},"content":{"rendered":"<p>\u0160ef Predstavni\u0161tva Republike Srpske u Srbiji Mla\u0111en Cicovi\u0107 primio je ju\u010de, 16.11.2022, predstavnike Udru\u017eenja \u201eOgnjena Marija Livanjska\u201c &#8211; Nikolu Petrovi\u0107a, predsjednika Udru\u017eenja i Gordanu Dostani\u0107, predsjednicu Upravnog odbora.<\/p>\n<p>Gospodin Cicovi\u0107 je predstavnike Udru\u017eenja upoznao sa planovima Predstavni\u0161tva za naredni period, posebno u dijelu koji se odnosi na saradnju sa nevladinim sektorom i udru\u017eenjima. Razgovoru o planovima i\u00a0dogovoru o konkretnim na\u010dinima podr\u0161ke i saradnje Predstavni\u0161tva Republike Srpske u Srbiji i Udru\u017eenja \u201eOgnjena Marija Livanjska\u201c prisustvovala je i Anja Vukeli\u0107, savjetnik u Predstavni\u0161tvu za razvoj i unapre\u0111enje informativne saradnje i saradnje sa me\u0111unarodnim i nevladinim organizacijama.<\/p>\n<p>&nbsp;<\/p>\n<p>Predstavnici Udru\u017eenja \u201eOgnjena Marija Livanjska\u201c ukratko su predstavili rad ovog udru\u017eenja u prethodnih 10 godina, kao i najnovije aktivnosti.<\/p>\n<p>Nikola Petrovi\u0107 je Predstavni\u0161tvu predao Izve\u0161taj o desetogodi\u0161njem radu Udru\u017eenja, te izrazio zadovoljstvo primjernom saradnjom sa Predstavni\u0161tvom.<\/p>\n<p>Povodom obilje\u017eavanja desetogodi\u0161njice rada udru\u017eenja \u201eOgnjena Marija Livanjska\u201c, uru\u010dio Mla\u0111enu Cicovi\u0107u Zahvalnicu za podr\u0161ku i pomo\u0107 u prethodnom periodu.<\/p>\n<p><img src=\"\/wp-content\/uploads\/prethodni\/2022\/sast_sa _udr_marija_livanjska3.jpg\" width=\"1200\" border=\"0\" \/><\/p>\n","protected":false},"excerpt":{"rendered":"<p>\u0160ef Predstavni\u0161tva Republike Srpske u Srbiji Mla\u0111en Cicovi\u0107 primio je ju\u010de, 16.11.2022, predstavnike Udru\u017eenja \u201eOgnjena Marija Livanjska\u201c &#8211; Nikolu Petrovi\u0107a, predsjednika Udru\u017eenja i Gordanu Dostani\u0107, predsjednicu Upravnog odbora. Gospodin Cicovi\u0107 je predstavnike Udru\u017eenja upoznao sa planovima Predstavni\u0161tva za naredni period, posebno u dijelu koji se odnosi na saradnju sa nevladinim sektorom i udru\u017eenjima. Razgovoru o&#8230;<\/p>\n","protected":false},"author":1,"featured_media":3782,"comment_status":"closed","ping_status":"closed","sticky":false,"template":"","format":"standard","meta":[],"categories":[56],"tags":[75],"_links":{"self":[{"href":"https:\/\/predstavnistvorsbg.rs\/sr-Latn\/wp-json\/wp\/v2\/posts\/5048"}],"collection":[{"href":"https:\/\/predstavnistvorsbg.rs\/sr-Latn\/wp-json\/wp\/v2\/posts"}],"about":[{"href":"https:\/\/predstavnistvorsbg.rs\/sr-Latn\/wp-json\/wp\/v2\/types\/post"}],"author":[{"embeddable":true,"href":"https:\/\/predstavnistvorsbg.rs\/sr-Latn\/wp-json\/wp\/v2\/users\/1"}],"replies":[{"embeddable":true,"href":"https:\/\/predstavnistvorsbg.rs\/sr-Latn\/wp-json\/wp\/v2\/comments?post=5048"}],"version-history":[{"count":0,"href":"https:\/\/predstavnistvorsbg.rs\/sr-Latn\/wp-json\/wp\/v2\/posts\/5048\/revisions"}],"wp:featuredmedia":[{"embeddable":true,"href":"https:\/\/predstavnistvorsbg.rs\/sr-Latn\/wp-json\/wp\/v2\/media\/3782"}],"wp:attachment":[{"href":"https:\/\/predstavnistvorsbg.rs\/sr-Latn\/wp-json\/wp\/v2\/media?parent=5048"}],"wp:term":[{"taxonomy":"category","embeddable":true,"href":"https:\/\/predstavnistvorsbg.rs\/sr-Latn\/wp-json\/wp\/v2\/categories?post=5048"},{"taxonomy":"post_tag","embeddable":true,"href":"https:\/\/predstavnistvorsbg.rs\/sr-Latn\/wp-json\/wp\/v2\/tags?post=5048"}],"curies":[{"name":"wp","href":"https:\/\/api.w.org\/{rel}","templated":true}]}}