{"id":5049,"date":"2022-11-17T11:00:16","date_gmt":"2022-11-17T10:00:16","guid":{"rendered":"https:\/\/prs2.profimediagroup.com\/uncategorized-sr-latn\/predstavnistvu-srpske-urucena-plaketa-za-podrsku-festivalu\/"},"modified":"2023-05-09T19:33:01","modified_gmt":"2023-05-09T17:33:01","slug":"predstavnistvu-srpske-urucena-plaketa-za-podrsku-festivalu-ltn","status":"publish","type":"post","link":"https:\/\/predstavnistvorsbg.rs\/sr-Latn\/prethodni-dogadjaji-sr-latn\/predstavnistvu-srpske-urucena-plaketa-za-podrsku-festivalu-ltn\/","title":{"rendered":"Predstavni\u0161tvu Srpske uru\u010dena plaketa za podr\u0161ku festivalu"},"content":{"rendered":"<p>Organizatori Me\u0111unarodnog dje\u010dijeg festivala folklora \u201eLicidersko srce&#8220; ve\u010deras (17.11.20211.g.) su na sve\u010danosti u Beogradu uru\u010dili zahvalnice i plakete onima koji su podr\u017eali i omogu\u0107ili uspje\u0161nu realizaciju ove manifestacije, a me\u0111u dobitnicima je Predstavni\u0161tvo Republike Srpske, koje je dugogodi\u0161nji suorganizator.<\/p>\n<p>&nbsp;<\/p>\n<p>Potpredsjednik Organizacionog odbora festivala \u201eLicidersko srce\u201c <strong>Ivana Cvetkovi\u0107<\/strong> rekla je da im je sna\u017ena podr\u0161ka suorganizatora i institucija dala vjetar u le\u0111a da unaprijede kvalitet manifestacije.<\/p>\n<p>Cvetkovi\u0107eva je podsjetila da je festival ove godine organizovan u avgustu i da su folklorne ansamble iz 11 zemalja mogli da vide gra\u0111ani U\u017eica, Zlatibora i Vi\u0161egrada.<\/p>\n<p>\u0160ef Predstavni\u0161tva Republike Srpske u Srbiji <strong>Mla\u0111en Cicovi\u0107<\/strong> izjavio je za Srnu da Me\u0111unarodni de\u010diji festival \u201eLicidersko srce\u201c zauzima posebno mjesto u programskim aktivnostima Predstavni\u0161tva.<\/p>\n<p>\u201eKada radite poslove koji su u funkciji o\u010duvanja nacionalnog identiteta sa mladim od 8 do 14 godina, to je onda garancija da radimo pravi posao i dugoro\u010dno dajemo jedan puni impuls i doprinos za\u0161titi na\u0161eg nacionalnog identiteta, na\u0161e kulture, tradicije, obi\u010daja i afirmaciji i promociji Republike Srpske i Srbije i ja\u010danju na\u0161ih veza\u201c, rekao je Cicovi\u0107.<\/p>\n<p>On je naglasio da se manifestacija svake godine, pored U\u017eica i Zlatibora u Srbiji, jednim dijelom odr\u017eava i u Republici Srpskoj, a da su u ljepoti folklora sa svih meridijana, a i iz Srbije i Republike Srke mogli do sada da u\u017eivaju gra\u0111ani Vi\u0161egrada, ali i Skelana i Srebrenice<\/p>\n<p>\u201eVe\u010deras smo zaokru\u017eili ovogodi\u0161nju manifestaciju i odmah zapo\u010deli organizacione pripreme za narednu godinu kada \u0107emo se ponovo okupiti u U\u017eicu, na Zlatiboru, Vi\u0161egradu i predstaviti kulturu, tradiciju, obi\u010daje i turisti\u010dku ponudu Republike Srpske i Srbije, razmjeniti i upoznati tradiciju, obi\u010daje i kulturu drugih zemalja u\u010desnica&#8220;, rekao je Cicovi\u0107.<\/p>\n<p><img title=\"Plaketa\" src=\"\/wp-content\/uploads\/prethodni\/2022\/plaketa_l_srce2.jpg\" alt=\"Plaketa\" width=\"1200\" border=\"0\" \/><\/p>\n<p>Priznanja za podr\u0161ku Festivalu \u201eLicidersko srce\u201c uru\u010dene su ve\u010deras i predstavnicima Ministarstva pravde Srbije, Ministarstva kulture Srbije, sponzorima, donatorima i prijateljima manifestacije.<\/p>\n<p>Festival, koji 14 godina unazad organizuje Udru\u017eenje gra\u0111ana \u201eEra\u201c iz U\u017eica, ove godine odr\u017ean je od 15. do 19. avgusta u U\u017eicu, na Zlatiboru i u Vi\u0161egradu, uz u\u010de\u0161\u0107e 1.000 djece iz 11 zemalja.<\/p>\n","protected":false},"excerpt":{"rendered":"<p>Organizatori Me\u0111unarodnog dje\u010dijeg festivala folklora \u201eLicidersko srce&#8220; ve\u010deras (17.11.20211.g.) su na sve\u010danosti u Beogradu uru\u010dili zahvalnice i plakete onima koji su podr\u017eali i omogu\u0107ili uspje\u0161nu realizaciju ove manifestacije, a me\u0111u dobitnicima je Predstavni\u0161tvo Republike Srpske, koje je dugogodi\u0161nji suorganizator. &nbsp; Potpredsjednik Organizacionog odbora festivala \u201eLicidersko srce\u201c Ivana Cvetkovi\u0107 rekla je da im je sna\u017ena podr\u0161ka&#8230;<\/p>\n","protected":false},"author":1,"featured_media":3784,"comment_status":"closed","ping_status":"closed","sticky":false,"template":"","format":"standard","meta":[],"categories":[56],"tags":[75],"_links":{"self":[{"href":"https:\/\/predstavnistvorsbg.rs\/sr-Latn\/wp-json\/wp\/v2\/posts\/5049"}],"collection":[{"href":"https:\/\/predstavnistvorsbg.rs\/sr-Latn\/wp-json\/wp\/v2\/posts"}],"about":[{"href":"https:\/\/predstavnistvorsbg.rs\/sr-Latn\/wp-json\/wp\/v2\/types\/post"}],"author":[{"embeddable":true,"href":"https:\/\/predstavnistvorsbg.rs\/sr-Latn\/wp-json\/wp\/v2\/users\/1"}],"replies":[{"embeddable":true,"href":"https:\/\/predstavnistvorsbg.rs\/sr-Latn\/wp-json\/wp\/v2\/comments?post=5049"}],"version-history":[{"count":0,"href":"https:\/\/predstavnistvorsbg.rs\/sr-Latn\/wp-json\/wp\/v2\/posts\/5049\/revisions"}],"wp:featuredmedia":[{"embeddable":true,"href":"https:\/\/predstavnistvorsbg.rs\/sr-Latn\/wp-json\/wp\/v2\/media\/3784"}],"wp:attachment":[{"href":"https:\/\/predstavnistvorsbg.rs\/sr-Latn\/wp-json\/wp\/v2\/media?parent=5049"}],"wp:term":[{"taxonomy":"category","embeddable":true,"href":"https:\/\/predstavnistvorsbg.rs\/sr-Latn\/wp-json\/wp\/v2\/categories?post=5049"},{"taxonomy":"post_tag","embeddable":true,"href":"https:\/\/predstavnistvorsbg.rs\/sr-Latn\/wp-json\/wp\/v2\/tags?post=5049"}],"curies":[{"name":"wp","href":"https:\/\/api.w.org\/{rel}","templated":true}]}}