{"id":5054,"date":"2022-12-24T10:00:54","date_gmt":"2022-12-24T09:00:54","guid":{"rendered":"https:\/\/prs2.profimediagroup.com\/uncategorized-sr-latn\/u-beogradu-promovisan-film-o-stradanju-srba-u-ledicima-kod-sarajeva\/"},"modified":"2023-05-09T23:16:39","modified_gmt":"2023-05-09T21:16:39","slug":"u-beogradu-promovisan-film-o-stradanju-srba-u-ledicima-kod-sarajeva-ltn","status":"publish","type":"post","link":"https:\/\/predstavnistvorsbg.rs\/sr-Latn\/prethodni-dogadjaji-sr-latn\/u-beogradu-promovisan-film-o-stradanju-srba-u-ledicima-kod-sarajeva-ltn\/","title":{"rendered":"U Beogradu promovisan film o stradanju Srba u Ledi\u0107ima kod Sarajeva"},"content":{"rendered":"<p>Premijera dokumentarnog filma \u201e\u010ciko, ja sam \u017eiv, nemoj da me ubije\u0161\u201c autora Gvozdena \u0160arca odr\u017eana je danas u Beogradu u organizaciji Koordinacije udru\u017eenja izbjeglih i raseljenih u Srbiji i Radio televizije Republike Srpske i uz podr\u0161ku Predstavni\u0161tva Republike Srpske u Srbiji.<\/p>\n<p><img title=\"Premijera dokumentarnog filma o stradanju Srba u Sarajevu \u201e\u010ciko ja sam \u017eiv, nemoj da me ubije\u0161\u201c, odr\u017eana u Skup\u0161tinskoj sali Op\u0161tine Zvezdara\" src=\"\/wp-content\/uploads\/prethodni\/2022\/sarajevske_zrtve1.jpg\" alt=\"Premijera dokumentarnog filma o stradanju Srba u Sarajevu \u201e\u010ciko ja sam \u017eiv, nemoj da me ubije\u0161\u201c, odr\u017eana u Skup\u0161tinskoj sali Op\u0161tine Zvezdara\" width=\"1200\" border=\"0\" \/><\/p>\n<p>Film govori o Draganu Vasi\u0107u, jedinom pre\u017eivjelom svjedoku zlo\u010dina u Ledi\u0107ima kod Sarajeva, kada je muslimanska vojska po\u010detkom juna 1992. godine u selu podno Treskavice ubila 24 civila, me\u0111u kojima je bilo i \u010detvoro djece.<\/p>\n<p><img title=\"Dragan Vasi\u0107 jedini pre\u017eivjeli svjedok zlo\u010dina u Ledi\u0107ima kod Sarajeva, prisustvovao je prvoj promociji filma u Srbiji, zajedno sa autorom ovog ostvarenja Gvozdenom \u0160arcem\" src=\"\/wp-content\/uploads\/prethodni\/2022\/sarajevske_zrtve2.jpg\" alt=\"Dragan Vasi\u0107 jedini pre\u017eivjeli svjedok zlo\u010dina u Ledi\u0107ima kod Sarajeva, prisustvovao je prvoj promociji filma u Srbiji, zajedno sa autorom ovog ostvarenja Gvozdenom \u0160arcem\" width=\"1200\" border=\"0\" \/><\/p>\n<p>Vasi\u0107 je prisustvovao prvoj promociji filma u Srbiji, zajedno sa autorom ovog ostvarenja u produkciji Radio televizije Republike Srpske Gvozdenom \u0160arcem, koji je istakao da je projekcija filma u Beogradu od neprocjenjive va\u017enosti, jer je zna\u010dajno da javnost u Srbiji vidi \u0161to vi\u0161e svjedo\u010denja iz prve ruke o stradanju srpskog naroda sa druge strane Drine.<\/p>\n<p>Podsjetiv\u0161i da je film svjedo\u010danstvo o brutalnom zlo\u010dinu nad srpskim civilima kod Sarajeva, \u0160arac je istakao da su oni likvidirani samo zbog srpskog imena i prezimena, jer nema drugog obja\u0161njenja za ono \u0161to se dogodilo u Ledi\u0107ima.<\/p>\n<p><img title=\"Premijera dokumentarnog filma o stradanju Srba u Sarajevu odr\u017eana je u organizaciji Udru\u017eenja Koordinacija udru\u017eenja izbeglih i raseljenih u R. Srbiji i RTRS, uz podr\u0161ku Predstavni\u0161tva R. Srpske u Beogradu i GO Zvezdara\" src=\"\/wp-content\/uploads\/prethodni\/2022\/sarajevske_zrtve3.jpg\" alt=\"Premijera dokumentarnog filma o stradanju Srba u Sarajevu odr\u017eana je u organizaciji Udru\u017eenja Koordinacija udru\u017eenja izbeglih i raseljenih u R. Srbiji i RTRS, uz podr\u0161ku Predstavni\u0161tva R. Srpske u Beogradu i GO Zvezdara\" width=\"1200\" border=\"0\" \/><\/p>\n<p>\u201eZamislite kada muslimanski vojnik dr\u017ei pu\u0161ku i uperi je u majku koja u naru\u010dju dr\u017ei jedoipogodi\u0161njeg sina, puca i ubija. Dragan Vasi\u0107, koji je bio ranjen, vidio je to i samo Bo\u017ejim provi\u0111enjem ostao \u017eiv da o tome svjedo\u010di\u201c, rekao je \u0160arac.<\/p>\n<p>\u201eZa zapadne medije stradanje Srba u Ledi\u0107ima i zlo\u010dini nad srpskim narodom nisu pri\u010da. Za njih su Srbi zlo\u010dinci i genocidan narod. Zapravo, sve je suprotno od toga i zato ovaj film nosi poruku nezaborava, ali i oprosta, jer Dragan Vasi\u0107, koji je pre\u017eivio u\u017eas, opra\u0161ta. U tome je njegova ljudska veli\u010dina, ali i veli\u010dina naroda kome pripadamo, na \u0161ta sam jako ponosan\u201c, naglasio je \u0160arac.<\/p>\n<p><img title=\"Projekciji su prisustvovali i predstavnici Srpske pravoslavne crkve, Borislav Maksimovi\u0107 iz Predstavni\u0161tva R. Srpske u Srbiji, Darko Mladi\u0107, sin ratnog komandanta Glavnog \u0161taba Vojske R. Srpske Ratka Mladi\u0107a, kao i predstavnici op\u0161tine Zvezdara, sa predsjednikom Vladanom Jeremi\u0107em na \u010delu\" src=\"\/wp-content\/uploads\/prethodni\/2022\/sarajevske_zrtve4.jpg\" alt=\"Projekciji su prisustvovali i predstavnici Srpske pravoslavne crkve, Borislav Maksimovi\u0107 iz Predstavni\u0161tva R. Srpske u Srbiji, Darko Mladi\u0107, sin ratnog komandanta Glavnog \u0161taba Vojske R. Srpske Ratka Mladi\u0107a, kao i predstavnici op\u0161tine Zvezdara, sa predsjednikom Vladanom Jeremi\u0107em na \u010delu\" width=\"1200\" border=\"0\" \/><\/p>\n<div>Projekciji su prisustvovali i predstavnici Srpske pravoslavne crkve, Borislav Maksimovi\u0107 iz Predstavni\u0161tva Republike Srpske u Srbiji, Darko Mladi\u0107, sin ratnog komandanta Glavnog \u0161taba Vojske Republike Srpske Ratka Mladi\u0107a, kao i predstavnici op\u0161tine Zvezdara, sa predsjednikom Vladanom Jeremi\u0107em na \u010delu.<\/div>\n<p><img title=\"Autor filma, Gvozden \u0160arac darovao je g. Jeremi\u0107u ikonu u ime gradona\u010delnika Isto\u010dnog Sarajeva LJubi\u0161e \u0106osi\u0107a\" src=\"\/wp-content\/uploads\/prethodni\/2022\/sarajevske_zrtve5.jpg\" alt=\"Autor filma, Gvozden \u0160arac darovao je g. Jeremi\u0107u ikonu u ime gradona\u010delnika Isto\u010dnog Sarajeva LJubi\u0161e \u0106osi\u0107a\" width=\"1200\" border=\"0\" \/><\/p>\n<p>Jeremi\u0107u je Gvozden \u0160arac darovao ikonu u ime gradona\u010delnika Isto\u010dnog Sarajeva LJubi\u0161e \u0106osi\u0107a.<\/p>\n","protected":false},"excerpt":{"rendered":"<p>Premijera dokumentarnog filma \u201e\u010ciko, ja sam \u017eiv, nemoj da me ubije\u0161\u201c autora Gvozdena \u0160arca odr\u017eana je danas u Beogradu u organizaciji Koordinacije udru\u017eenja izbjeglih i raseljenih u Srbiji i Radio televizije Republike Srpske i uz podr\u0161ku Predstavni\u0161tva Republike Srpske u Srbiji. Film govori o Draganu Vasi\u0107u, jedinom pre\u017eivjelom svjedoku zlo\u010dina u Ledi\u0107ima kod Sarajeva, kada&#8230;<\/p>\n","protected":false},"author":1,"featured_media":3796,"comment_status":"closed","ping_status":"closed","sticky":false,"template":"","format":"standard","meta":[],"categories":[56],"tags":[75],"_links":{"self":[{"href":"https:\/\/predstavnistvorsbg.rs\/sr-Latn\/wp-json\/wp\/v2\/posts\/5054"}],"collection":[{"href":"https:\/\/predstavnistvorsbg.rs\/sr-Latn\/wp-json\/wp\/v2\/posts"}],"about":[{"href":"https:\/\/predstavnistvorsbg.rs\/sr-Latn\/wp-json\/wp\/v2\/types\/post"}],"author":[{"embeddable":true,"href":"https:\/\/predstavnistvorsbg.rs\/sr-Latn\/wp-json\/wp\/v2\/users\/1"}],"replies":[{"embeddable":true,"href":"https:\/\/predstavnistvorsbg.rs\/sr-Latn\/wp-json\/wp\/v2\/comments?post=5054"}],"version-history":[{"count":0,"href":"https:\/\/predstavnistvorsbg.rs\/sr-Latn\/wp-json\/wp\/v2\/posts\/5054\/revisions"}],"wp:featuredmedia":[{"embeddable":true,"href":"https:\/\/predstavnistvorsbg.rs\/sr-Latn\/wp-json\/wp\/v2\/media\/3796"}],"wp:attachment":[{"href":"https:\/\/predstavnistvorsbg.rs\/sr-Latn\/wp-json\/wp\/v2\/media?parent=5054"}],"wp:term":[{"taxonomy":"category","embeddable":true,"href":"https:\/\/predstavnistvorsbg.rs\/sr-Latn\/wp-json\/wp\/v2\/categories?post=5054"},{"taxonomy":"post_tag","embeddable":true,"href":"https:\/\/predstavnistvorsbg.rs\/sr-Latn\/wp-json\/wp\/v2\/tags?post=5054"}],"curies":[{"name":"wp","href":"https:\/\/api.w.org\/{rel}","templated":true}]}}