{"id":5383,"date":"2023-02-19T10:00:47","date_gmt":"2023-02-19T09:00:47","guid":{"rendered":"https:\/\/prs2.profimediagroup.com\/uncategorized-sr-latn\/svecano-otvoren-peti-kestenburg\/"},"modified":"2023-05-08T15:49:07","modified_gmt":"2023-05-08T13:49:07","slug":"svecano-otvoren-peti-kestenburg-ltn","status":"publish","type":"post","link":"https:\/\/predstavnistvorsbg.rs\/sr-Latn\/prethodni-dogadjaji-sr-latn\/svecano-otvoren-peti-kestenburg-ltn\/","title":{"rendered":"Sve\u010dano otvoren peti \u201eKestenburg\u201c"},"content":{"rendered":"<p>Proslavljeni odbojka\u0161 Vladimir Vanja Grbi\u0107 otvorio je ve\u010deras u Beogradu Me\u0111unarodni festival studentskih pozori\u0161ta \u201eKestenburg\u201c, koji po peti put organizuje Banjalu\u010dko studentsko pozori\u0161te, uz medijsku i tehni\u010dku podr\u0161ku Predstavni\u0161tva Republike Srpske u Srbiji.<\/p>\n<p>Festival \u0107e trajati do 19. juna, uz u\u010de\u0161\u0107e glumaca i studenata glume sa \u0161est kontinenata.<\/p>\n<p><img title=\"Vladimir Vanja Grbi\u0107 proslavljeni odbojka\u0161 otvorio je u Beogradu Me\u0111unarodni festival studentskih pozori\u0161ta \u201eKestenburg\u201c\" src=\"\/wp-content\/uploads\/prethodni\/2023\/otvoren_fest_kestenburg2.jpg\" alt=\"Vladimir Vanja Grbi\u0107 proslavljeni odbojka\u0161 otvorio je u Beogradu Me\u0111unarodni festival studentskih pozori\u0161ta \u201eKestenburg\u201c\" width=\"1200\" border=\"0\" \/><\/p>\n<p>Otvaraju\u0107i festival u Akademskom pozori\u0161tu Akademskog kulturno-umjetni\u010dkog dru\u0161tva Univerziteta u Beogradu \u201eBranko Krsmanovi\u0107\u201c, Grbi\u0107 je rekao da je obaveza starijih da mladima koji jo\u0161 tra\u017ee svoj put pomognu i pripreme za ono \u0161to ih \u010deka sutra.<\/p>\n<p>\u201eKakvi \u0107e mladi biti, zavisi od nas i onoga kako ih mi usmjerimo. Ta vrsta lanca koji ne smije da se prekine jeste ne\u0161to \u0161to se zove misija. Na\u017ealost, danas su ljudi mnogo okrenuti sebi i li\u010dnim interesima koji im ne dozvoljavaju da shvate su\u0161tinu svog postojanja, odnosno zbog \u010dega smo u stvari tu. Davanje i sposobnosti davanja je dar malog broja ljudi\u201c, istakao je Grbi\u0107.<\/p>\n<p><img title=\"Aleksandar Pejakovi\u0107 direktor \u201eKestenburga\u201c, Neda Simi\u0107 \u017deraji\u0107 urednik festivalskog programa \u201eKestenburga\u201c i Borislav Maksimovi\u0107 savjetnik u Predstavni\u0161tvu R. Srpske u Srbiji\" src=\"\/wp-content\/uploads\/prethodni\/2023\/otvoren_fest_kestenburg3.jpg\" alt=\"Aleksandar Pejakovi\u0107 direktor \u201eKestenburga\u201c, Neda Simi\u0107 \u017deraji\u0107 urednik festivalskog programa \u201eKestenburga\u201c i Borislav Maksimovi\u0107 savjetnik u Predstavni\u0161tvu R. Srpske u Srbiji\" width=\"1200\" border=\"0\" \/><\/p>\n<p>Direktor \u201eKestenburga\u201c Aleksandar Pejakovi\u0107 rekao je da \u0107e ovogodi\u0161nji festival trajati \u010detiri mjeseca, dodaju\u0107i da \u0107e u takmi\u010darskom dijelu biti izvedeno 12 predstava i da \u0107e prate\u0107i program obuhvatiti 38 doga\u0111aja, od kojih \u0107e 25 biti odr\u017eano u Banjaluci, deset u Beogradu i po jedan u U\u017eicu, Be\u010du i San Francisku.<\/p>\n<p>On je naglasio da mu je drago \u0161to \u017eiri \u010dine tri mlade glumice &#8211; Tamara Dragi\u010devi\u0107 na mjestu predsjednika, a Ana Le\u010di\u0107 i Nade\u017eda Kosti\u0107 u ulozi \u010dlanova, \u0161to je nastavak tradicije da u su \u017eiriju uvijek mladi ljudi.<\/p>\n<p>Dragi\u010devi\u0107eva je objasnila da je prihvatila da se uklju\u010di u rad \u201eKestenburga\u201c, jer je rije\u010d o festivalu \u010dija je misija povezivanje mladih ljudi, i to na evropskom i svjetskom nivou, \u0161to je izuzetno lijepo.<\/p>\n<p>Ona je dodala da se nada da njen zadatak ne\u0107e biti te\u017eak kao \u0161to zna da se desi, jer je nekada nezahvalno da se neko izdvoji, posebno kada ima vi\u0161e dobrih predstava, pa nije lako izabrati najbolju predstavu, naro\u010dito \u0161to se podrazumijeva da \u017eiri bude objektivan.<\/p>\n<p>Osim \u201eZlatnog kestena\u201c kao najvrednijeg priznanja, na Festivalu \u0107e biti dodijeljene i nagrade \u201eSrebrni kesten\u201c i \u201eBronzani kesten\u201c, kao i specijalne nagrade direkcije manifestacije.<\/p>\n","protected":false},"excerpt":{"rendered":"<p>Proslavljeni odbojka\u0161 Vladimir Vanja Grbi\u0107 otvorio je ve\u010deras u Beogradu Me\u0111unarodni festival studentskih pozori\u0161ta \u201eKestenburg\u201c, koji po peti put organizuje Banjalu\u010dko studentsko pozori\u0161te, uz medijsku i tehni\u010dku podr\u0161ku Predstavni\u0161tva Republike Srpske u Srbiji. Festival \u0107e trajati do 19. juna, uz u\u010de\u0161\u0107e glumaca i studenata glume sa \u0161est kontinenata. Otvaraju\u0107i festival u Akademskom pozori\u0161tu Akademskog kulturno-umjetni\u010dkog&#8230;<\/p>\n","protected":false},"author":1,"featured_media":5182,"comment_status":"closed","ping_status":"closed","sticky":false,"template":"","format":"standard","meta":[],"categories":[56],"tags":[77],"_links":{"self":[{"href":"https:\/\/predstavnistvorsbg.rs\/sr-Latn\/wp-json\/wp\/v2\/posts\/5383"}],"collection":[{"href":"https:\/\/predstavnistvorsbg.rs\/sr-Latn\/wp-json\/wp\/v2\/posts"}],"about":[{"href":"https:\/\/predstavnistvorsbg.rs\/sr-Latn\/wp-json\/wp\/v2\/types\/post"}],"author":[{"embeddable":true,"href":"https:\/\/predstavnistvorsbg.rs\/sr-Latn\/wp-json\/wp\/v2\/users\/1"}],"replies":[{"embeddable":true,"href":"https:\/\/predstavnistvorsbg.rs\/sr-Latn\/wp-json\/wp\/v2\/comments?post=5383"}],"version-history":[{"count":0,"href":"https:\/\/predstavnistvorsbg.rs\/sr-Latn\/wp-json\/wp\/v2\/posts\/5383\/revisions"}],"wp:featuredmedia":[{"embeddable":true,"href":"https:\/\/predstavnistvorsbg.rs\/sr-Latn\/wp-json\/wp\/v2\/media\/5182"}],"wp:attachment":[{"href":"https:\/\/predstavnistvorsbg.rs\/sr-Latn\/wp-json\/wp\/v2\/media?parent=5383"}],"wp:term":[{"taxonomy":"category","embeddable":true,"href":"https:\/\/predstavnistvorsbg.rs\/sr-Latn\/wp-json\/wp\/v2\/categories?post=5383"},{"taxonomy":"post_tag","embeddable":true,"href":"https:\/\/predstavnistvorsbg.rs\/sr-Latn\/wp-json\/wp\/v2\/tags?post=5383"}],"curies":[{"name":"wp","href":"https:\/\/api.w.org\/{rel}","templated":true}]}}