{"id":5404,"date":"2023-03-01T10:00:42","date_gmt":"2023-03-01T09:00:42","guid":{"rendered":"https:\/\/prs2.profimediagroup.com\/uncategorized-sr-latn\/kvalitetna-saradnja-banjalucke-privredne-komore-i-predstavnistva-srpske-u-srbiji\/"},"modified":"2023-05-08T16:00:12","modified_gmt":"2023-05-08T14:00:12","slug":"kvalitetna-saradnja-banjalucke-privredne-komore-i-predstavnistva-srpske-u-srbiji-ltn","status":"publish","type":"post","link":"https:\/\/predstavnistvorsbg.rs\/sr-Latn\/prethodni-dogadjaji-sr-latn\/kvalitetna-saradnja-banjalucke-privredne-komore-i-predstavnistva-srpske-u-srbiji-ltn\/","title":{"rendered":"Kvalitetna saradnja banjalu\u010dke Privredne komore i Predstavni\u0161tva Srpske u Srbiji"},"content":{"rendered":"<p>Podru\u010dna privredna komora Banja Luka ima kvalitetnu saradnju sa Predstavni\u0161tvom Republike Srpske u Beogradu, ne samo u okviru sajmova i promocija, ve\u0107 i aktivnim u\u010de\u0161\u0107em u manifestaciji \u201eDani Srpske u Srbiji\u201c, izjavio je danas predsjednik ove komore Goran Ra\u010di\u0107.<\/p>\n<p>On je danas u Beogradu \u0161efu Predstavni\u0161tva Republike Srpske u Srbiji Mla\u0111enu Cicovi\u0107u uru\u010dio plaketu koju je Podru\u010dna privredna komora Banja Luka, povodom 120 godina postojanja, u decembru pro\u0161le godine dodijelila ovom predstavni\u0161tvu za promociju srpske privrede u inostranstvu i podr\u0161ku me\u0111unarodnoj privrednoj saradnji.<\/p>\n<p>Ra\u010di\u0107 je naglasio da je veoma bitno to \u0161to Komora ima kvalitetnu saradnju sa Predstavni\u0161tvom Republike Srpske u Srbiji i sa Cicovi\u0107em, za kojeg je rekao da je pravi ambasador privrede i Republike Srpske u Srbiji.<\/p>\n<p>\u201eSaradnja izme\u0111u nas i Predstavni\u0161tva je intenzivna. Aktivno u\u010destvujemo u okviru manifestacije `Dani Srpske u Srbiji` koju Cicovi\u0107 organizuje niz godina, tako da smo veoma ponosni na tu saradnju i nadamo se \u0107e biti nastavljena jo\u0161 ve\u0107im intenzitetom\u201c, rekao je Ra\u010di\u0107.<\/p>\n<p>Cicovi\u0107 je istakao da je, osim politi\u010dke i kulturne promocije, privredna saradnja prioritetan zadatak, \u0161to u programu Predstavni\u0161tva Republike Srpske u Srbiji zauzima posebno mjesto.<\/p>\n<p><img src=\"\/wp-content\/uploads\/prethodni\/2023\/dodela_plakete2.jpg\" width=\"1200\" border=\"0\" \/><\/p>\n<p>\u201eKada se dobije priznanje od nekog ko predstavlja privredu Republike Srpske, naravno da to zna\u010di mnogo i da nas u Predstavni\u0161tvu i mene li\u010dno motivi\u0161e da u narednom periodu jo\u0161 kvalitetnije radimo na promociji privrede Republike Srpske i njenih investicionih potencijala, te organizovanju razli\u010ditih foruma koji \u0107e doprinijeti podizanju privredne i ekonomske aktivnosti u Srpskoj\u201c, rekao je Cicovi\u0107.<\/p>\n<p>On je naveo da su sajmski nastupi, koje Predstavni\u0161tvo radi zajedno sa Privrednom komorom Republike Srpske i Podru\u010dnom privrednom komorom Banja Luka, ne\u0161to \u010dime se i jedni i drugi mogu ponositi.<\/p>\n<p>\u201eNa svim sajamskim manifestacijama na kojima smo u\u010destvovali imali smo zapa\u017een nastup i na najbolji na\u010din smo prezentovali privredu Republike Srpske\u201c, rekao je Cicovi\u0107.<\/p>\n","protected":false},"excerpt":{"rendered":"<p>Podru\u010dna privredna komora Banja Luka ima kvalitetnu saradnju sa Predstavni\u0161tvom Republike Srpske u Beogradu, ne samo u okviru sajmova i promocija, ve\u0107 i aktivnim u\u010de\u0161\u0107em u manifestaciji \u201eDani Srpske u Srbiji\u201c, izjavio je danas predsjednik ove komore Goran Ra\u010di\u0107. On je danas u Beogradu \u0161efu Predstavni\u0161tva Republike Srpske u Srbiji Mla\u0111enu Cicovi\u0107u uru\u010dio plaketu koju&#8230;<\/p>\n","protected":false},"author":1,"featured_media":5235,"comment_status":"closed","ping_status":"closed","sticky":false,"template":"","format":"standard","meta":[],"categories":[56],"tags":[77],"_links":{"self":[{"href":"https:\/\/predstavnistvorsbg.rs\/sr-Latn\/wp-json\/wp\/v2\/posts\/5404"}],"collection":[{"href":"https:\/\/predstavnistvorsbg.rs\/sr-Latn\/wp-json\/wp\/v2\/posts"}],"about":[{"href":"https:\/\/predstavnistvorsbg.rs\/sr-Latn\/wp-json\/wp\/v2\/types\/post"}],"author":[{"embeddable":true,"href":"https:\/\/predstavnistvorsbg.rs\/sr-Latn\/wp-json\/wp\/v2\/users\/1"}],"replies":[{"embeddable":true,"href":"https:\/\/predstavnistvorsbg.rs\/sr-Latn\/wp-json\/wp\/v2\/comments?post=5404"}],"version-history":[{"count":0,"href":"https:\/\/predstavnistvorsbg.rs\/sr-Latn\/wp-json\/wp\/v2\/posts\/5404\/revisions"}],"wp:featuredmedia":[{"embeddable":true,"href":"https:\/\/predstavnistvorsbg.rs\/sr-Latn\/wp-json\/wp\/v2\/media\/5235"}],"wp:attachment":[{"href":"https:\/\/predstavnistvorsbg.rs\/sr-Latn\/wp-json\/wp\/v2\/media?parent=5404"}],"wp:term":[{"taxonomy":"category","embeddable":true,"href":"https:\/\/predstavnistvorsbg.rs\/sr-Latn\/wp-json\/wp\/v2\/categories?post=5404"},{"taxonomy":"post_tag","embeddable":true,"href":"https:\/\/predstavnistvorsbg.rs\/sr-Latn\/wp-json\/wp\/v2\/tags?post=5404"}],"curies":[{"name":"wp","href":"https:\/\/api.w.org\/{rel}","templated":true}]}}