{"id":5435,"date":"2023-04-04T11:00:24","date_gmt":"2023-04-04T09:00:24","guid":{"rendered":"https:\/\/prs2.profimediagroup.com\/uncategorized-sr-latn\/susreti-srpskih-zemalja-od-7-do-10-aprila-na-jahorini\/"},"modified":"2023-05-22T22:29:21","modified_gmt":"2023-05-22T20:29:21","slug":"susreti-srpskih-zemalja-od-7-do-10-aprila-na-jahorini-ltn","status":"publish","type":"post","link":"https:\/\/predstavnistvorsbg.rs\/sr-Latn\/prethodni-dogadjaji-sr-latn\/susreti-srpskih-zemalja-od-7-do-10-aprila-na-jahorini-ltn\/","title":{"rendered":"\u201eSusreti srpskih zemalja\u201c od 7. do 10. aprila na Jahorini"},"content":{"rendered":"<p>Tradicionalna kulturno-sportska manifestacija \u201eSusreti srpskih zemalja\u201c bi\u0107e odr\u017eana na Jahorini od 7. do 10. aprila uz u\u010de\u0161\u0107e Srba iz zemalja regiona, najavljeno je danas u Beogradu na konferenciji za novinare u Predstavni\u0161tvu Republike Srpske u Srbiji.<\/p>\n<p>Ovogodi\u0161nji, 26. po redu \u201eSusreti srpskih zemalja\u201c odr\u017eavaju se pod pokroviteljstvom predsjednika Republike Srpske Milorada Dodika i sloganom \u201eVera i jedinstvo na\u0161a snaga&#8220;, a u organizaciji Udru\u017eenja za odbranu \u0107irilice \u201eDobrica Eri\u0107\u201c iz Beograda, Predstavni\u0161tva Republike Srpske u Srbiji i uz pomo\u0107 dugogodi\u0161njih prijatelja.<\/p>\n<p><img title=\"Mla\u0111en Cicovi\u0107, \u0161ef Predstavni\u0161tva R. Srpske u Srbiji\" src=\"\/wp-content\/uploads\/prethodni\/2023\/konf_sus_sr_zemalja2.jpg\" alt=\"Mla\u0111en Cicovi\u0107, \u0161ef Predstavni\u0161tva R. Srpske u Srbiji\" width=\"1200\" border=\"0\" \/><\/p>\n<p>\u0160ef Predstavni\u0161tva Republike Srpske u Srbiji <strong>Mla\u0111en Cicovi\u0107<\/strong> rekao je da od 1995. godine \u201eSusreti srpskih zemalja\u201c kroz sportsko dru\u017eenje i sadr\u017eajne programe na najbolji na\u010din doprinose o\u010duvanju veza Republike Srpske i Srbije i o\u010duvanju identiteta srpskog naroda.<\/p>\n<p>\u201eProgrami su ne samo na Jahorini, ve\u0107 na Palama i Isto\u010dnom Sarajevu. U toj sarajevsko-romanijskoj regiji u tri-\u010detiri dana bi\u0107e intenzivna kulturno-sportska aktivnost, prije svega da bi se reklo koliko je va\u017eno da radimo na o\u010duvanju na\u0161eg jezika i pisma i da gradimo na\u0161e odnose&#8220;, naveo je Cicovi\u0107.<\/p>\n<p><img title=\"LJubinko Stojanovi\u0107, predsjedavaju\u0107i skup\u0161tine Udru\u017eenja za odbranu \u0107irilice \u201eDobrica Eri\u0107\u201c\" src=\"\/wp-content\/uploads\/prethodni\/2023\/konf_sus_sr_zemalja3.jpg\" alt=\"LJubinko Stojanovi\u0107, predsjedavaju\u0107i skup\u0161tine Udru\u017eenja za odbranu \u0107irilice \u201eDobrica Eri\u0107\u201c\" width=\"1200\" border=\"0\" \/><\/p>\n<p>Predsjedavaju\u0107i skup\u0161tine Udru\u017eenja za odbranu \u0107irilice \u201eDobrica Eri\u0107\u201c <strong>LJubinko Stojanovi\u0107<\/strong> podsjetio je da su davne 1995. godine zapo\u010deli \u201eSusrete\u201c, kao najstariju manifestaciju u Republici Srpskoj.<\/p>\n<p>\u201eNa po\u010detku to je bila organizacija koja je okupljala rekreativce skija\u0161e sa odre\u0111enim sadr\u017eajima kulture, a sada slobodno mogu da ka\u017eem da je, osim tog sportskog dela, prerasla u sabor kulture srpskog naroda iz celog regiona&#8220;, rekao je Stojanovi\u0107.<\/p>\n<p>Organizatori isti\u010du da \u0107e biti u\u010desnika koji dolaze iz Beograda, Kosovske Mitrovice, Banjaluke, kao i iz Kumanova u Sjevernoj Makedoniji, koji \u0107e se prvog dana manifestacije okupiti u hotelu \u201eRajska dolina\u201c na Jahorini.<\/p>\n<p>U subotu, 8. aprila, u 12 \u010dasova, bi\u0107e organizovano takmi\u010denje u veleslalomu na stazi \u201ePoljice\u201c, a za 17 \u010dasova predvi\u0111en je koncert Srbskih pravoslavnih pojaca iz Beograda i KUD-a \u201eKosovski bo\u017eur\u201c iz Kosovske Mitrovice u Kulturnom centru Isto\u010dno Sarajevo.<\/p>\n<p><img loading=\"lazy\" class=\"alignnone wp-image-6138 size-full\" src=\"http:\/\/prs2.profimediagroup.com\/wp-content\/uploads\/2023\/04\/konf_sus_sr_zemalja4b.jpg\" alt=\"\" width=\"1920\" height=\"1440\" srcset=\"https:\/\/predstavnistvorsbg.rs\/wp-content\/uploads\/2023\/04\/konf_sus_sr_zemalja4b.jpg 1920w, https:\/\/predstavnistvorsbg.rs\/wp-content\/uploads\/2023\/04\/konf_sus_sr_zemalja4b-300x225.jpg 300w, https:\/\/predstavnistvorsbg.rs\/wp-content\/uploads\/2023\/04\/konf_sus_sr_zemalja4b-1024x768.jpg 1024w, https:\/\/predstavnistvorsbg.rs\/wp-content\/uploads\/2023\/04\/konf_sus_sr_zemalja4b-1536x1152.jpg 1536w\" sizes=\"(max-width: 1920px) 100vw, 1920px\" \/><\/p>\n<p>U nedjelju, 9. aprila, bi\u0107e organizovano \u201eSrpsko kolo\u201c na Jahorini u hotelu \u201eRajska dolina\u201c \u00a0u 12 \u010dasova, a u 17 \u010dasova u Srpskom kulturnom centru Pale koncert KUD-a \u201eGradimir\u201c iz Beograda, \u201eSrpski vez\u201c iz Kumanova i \u201eVeselin Masle\u0161a\u201c iz Banjaluke, a posljednjeg dana, 10. aprila, predvi\u0111en je rastanak u\u010desnika.<\/p>\n<p>Prvi \u201eSusreti srpskih zemalja\u201c organizovani su u februaru 1995. godine, a u\u010desnici su bili prvi turisti na olimpijskoj Jahorini.<\/p>\n<p>U\u010desnici iz Vukovara, Beograda, Novog Sada, Velike Plane i Pala, njih oko 140, tada su u veoma te\u0161kim uslovima, uz kulturne, sportske i humanitarne sadr\u017eaje doprinijeli boljem upoznavanju i stvaranju bliskih veza me\u0111u Srbima iz raznih krajeva.<\/p>\n","protected":false},"excerpt":{"rendered":"<p>Tradicionalna kulturno-sportska manifestacija \u201eSusreti srpskih zemalja\u201c bi\u0107e odr\u017eana na Jahorini od 7. do 10. aprila uz u\u010de\u0161\u0107e Srba iz zemalja regiona, najavljeno je danas u Beogradu na konferenciji za novinare u Predstavni\u0161tvu Republike Srpske u Srbiji. Ovogodi\u0161nji, 26. po redu \u201eSusreti srpskih zemalja\u201c odr\u017eavaju se pod pokroviteljstvom predsjednika Republike Srpske Milorada Dodika i sloganom \u201eVera&#8230;<\/p>\n","protected":false},"author":1,"featured_media":6135,"comment_status":"closed","ping_status":"closed","sticky":false,"template":"","format":"standard","meta":[],"categories":[56],"tags":[77],"_links":{"self":[{"href":"https:\/\/predstavnistvorsbg.rs\/sr-Latn\/wp-json\/wp\/v2\/posts\/5435"}],"collection":[{"href":"https:\/\/predstavnistvorsbg.rs\/sr-Latn\/wp-json\/wp\/v2\/posts"}],"about":[{"href":"https:\/\/predstavnistvorsbg.rs\/sr-Latn\/wp-json\/wp\/v2\/types\/post"}],"author":[{"embeddable":true,"href":"https:\/\/predstavnistvorsbg.rs\/sr-Latn\/wp-json\/wp\/v2\/users\/1"}],"replies":[{"embeddable":true,"href":"https:\/\/predstavnistvorsbg.rs\/sr-Latn\/wp-json\/wp\/v2\/comments?post=5435"}],"version-history":[{"count":0,"href":"https:\/\/predstavnistvorsbg.rs\/sr-Latn\/wp-json\/wp\/v2\/posts\/5435\/revisions"}],"wp:featuredmedia":[{"embeddable":true,"href":"https:\/\/predstavnistvorsbg.rs\/sr-Latn\/wp-json\/wp\/v2\/media\/6135"}],"wp:attachment":[{"href":"https:\/\/predstavnistvorsbg.rs\/sr-Latn\/wp-json\/wp\/v2\/media?parent=5435"}],"wp:term":[{"taxonomy":"category","embeddable":true,"href":"https:\/\/predstavnistvorsbg.rs\/sr-Latn\/wp-json\/wp\/v2\/categories?post=5435"},{"taxonomy":"post_tag","embeddable":true,"href":"https:\/\/predstavnistvorsbg.rs\/sr-Latn\/wp-json\/wp\/v2\/tags?post=5435"}],"curies":[{"name":"wp","href":"https:\/\/api.w.org\/{rel}","templated":true}]}}