{"id":6217,"date":"2023-04-19T11:00:01","date_gmt":"2023-04-19T09:00:01","guid":{"rendered":"https:\/\/prs2.profimediagroup.com\/?p=6217"},"modified":"2023-07-20T21:43:29","modified_gmt":"2023-07-20T19:43:29","slug":"otvorena-izlozba-putevima-predaka-i-urucene-nagrade-najboljim","status":"publish","type":"post","link":"https:\/\/predstavnistvorsbg.rs\/sr-Latn\/prethodni-dogadjaji-sr-latn\/otvorena-izlozba-putevima-predaka-i-urucene-nagrade-najboljim\/","title":{"rendered":"Otvorena Izlo\u017eba \u201ePutevima predaka\u201c i uru\u010dene nagrade najboljim"},"content":{"rendered":"<p>Sino\u0107 je (18.4.2023.) u Arhivu Vojvodine u Novom Sadu otvorena je \u0161esta po redu izlo\u017eba \u201ePutevima predaka\u201c, koju je organizovalo Udru\u017eenje \u201eSrpski krajevi\u201c, a podr\u017ealo Predstavni\u0161tvo Republike Srpske u Srbiji.<\/p>\n<p>&nbsp;<\/p>\n<p><img loading=\"lazy\" class=\"alignnone wp-image-6210 size-full\" src=\"http:\/\/prs2.profimediagroup.com\/wp-content\/uploads\/2023\/04\/putevima_predaka2.jpg\" alt=\"Katalog \u201ePutevima predaka\" width=\"500\" height=\"330\" srcset=\"https:\/\/predstavnistvorsbg.rs\/wp-content\/uploads\/2023\/04\/putevima_predaka2.jpg 500w, https:\/\/predstavnistvorsbg.rs\/wp-content\/uploads\/2023\/04\/putevima_predaka2-300x198.jpg 300w\" sizes=\"(max-width: 500px) 100vw, 500px\" \/><\/p>\n<p>Izlo\u017ebu, koju \u0107e novosadska publika mo\u0107i da vidi do 28. aprila, \u010dini 21 umjetni\u010dki rad nastao na tradicionalnoj likovnoj koloniji \u201ePutevima predaka&#8220; u decembru pro\u0161le godine u Galeriji \u201eMacut&#8220;.<\/p>\n<p><img loading=\"lazy\" class=\"alignnone wp-image-6213 size-full\" src=\"http:\/\/prs2.profimediagroup.com\/wp-content\/uploads\/2023\/04\/putevima_predaka3.jpg\" alt=\"Na otvaranju izlo\u017ebe uru\u010dene su nagrade najuspje\u0161nijim, prvonagra\u0111enom vajaru Bo\u0161ku Ivi\u0107u za bistu \u201eHajduk Veljko\u201c\" width=\"500\" height=\"330\" srcset=\"https:\/\/predstavnistvorsbg.rs\/wp-content\/uploads\/2023\/04\/putevima_predaka3.jpg 500w, https:\/\/predstavnistvorsbg.rs\/wp-content\/uploads\/2023\/04\/putevima_predaka3-300x198.jpg 300w\" sizes=\"(max-width: 500px) 100vw, 500px\" \/><\/p>\n<p>Na otvaranju izlo\u017ebe uru\u010dene su nagrade najuspje\u0161nijim, prvonagra\u0111enom vajaru Bo\u0161ku<\/p>\n<p><img loading=\"lazy\" class=\"alignnone size-full wp-image-6221\" src=\"http:\/\/prs2.profimediagroup.com\/wp-content\/uploads\/2023\/04\/putevima_predaka4.jpg\" alt=\"\" width=\"500\" height=\"330\" srcset=\"https:\/\/predstavnistvorsbg.rs\/wp-content\/uploads\/2023\/04\/putevima_predaka4.jpg 500w, https:\/\/predstavnistvorsbg.rs\/wp-content\/uploads\/2023\/04\/putevima_predaka4-300x198.jpg 300w\" sizes=\"(max-width: 500px) 100vw, 500px\" \/><\/p>\n<p>Ivi\u0107u za bistu \u201eHajduk Veljko\u201c, Sne\u017eani Mandi\u0107 za sliku \u201eManastir Kumanica\u201c i<\/p>\n<p><img loading=\"lazy\" class=\"alignnone size-full wp-image-6224\" src=\"http:\/\/prs2.profimediagroup.com\/wp-content\/uploads\/2023\/04\/putevima_predaka5.jpg\" alt=\"\" width=\"500\" height=\"330\" srcset=\"https:\/\/predstavnistvorsbg.rs\/wp-content\/uploads\/2023\/04\/putevima_predaka5.jpg 500w, https:\/\/predstavnistvorsbg.rs\/wp-content\/uploads\/2023\/04\/putevima_predaka5-300x198.jpg 300w\" sizes=\"(max-width: 500px) 100vw, 500px\" \/><\/p>\n<p>Vladanu Nikoli\u0107u za sliku \u201eVuk Karad\u017ei\u0107&#8220;.<\/p>\n<p><img loading=\"lazy\" class=\"alignnone size-full wp-image-6228\" src=\"http:\/\/prs2.profimediagroup.com\/wp-content\/uploads\/2023\/04\/putevima_predaka6.jpg\" alt=\"\" width=\"500\" height=\"330\" srcset=\"https:\/\/predstavnistvorsbg.rs\/wp-content\/uploads\/2023\/04\/putevima_predaka6.jpg 500w, https:\/\/predstavnistvorsbg.rs\/wp-content\/uploads\/2023\/04\/putevima_predaka6-300x198.jpg 300w\" sizes=\"(max-width: 500px) 100vw, 500px\" \/><\/p>\n<p>Predsjednik Udru\u017eenja \u201eSrpski krajevi\u201c Slavi\u0161a Rujevi\u0107 rekao je Srni da su likovna kolonija i prate\u0107a izlo\u017eba nastale kao rezultat \u017eelje da se kroz likovne radove ostavi svojevrsno zavje\u0161tanje za budu\u0107a pokoljenja.<\/p>\n<p>\u201eVa\u017eno je da smo postali prepoznatljivi i autenti\u010dni, jer oslikavamo puteve predaka kao \u0161to i sam naziv likovne kolonije govori i mislim da smo jedinstveni i da je kod nas tema isklju\u010divo srpsko kulturno naslje\u0111e&#8220;, rekao je Rujevi\u0107.<\/p>\n<p>Rujevi\u0107 je naveo da je u planu da izlo\u017eba u skorije vrijeme bude postavljena u Kulturnom centru Temerin, a da su u toku razgovori da se dio izlo\u017ebe priredi i u Gra\u010danici na Kosovu i Metohiji. Izlo\u017ebu \u201ePutevima predaka&#8220; podr\u017eali su Arhiv Vojvodine, Gradska uprava za kulturu Novog Sada, Pokrajinski sekretarijat za kulturu, javno informisanje i odnose s vjerskim zajednicama, Fond za pru\u017eanje pomo\u0107i izbeglim, prognanim i raseljenim licima AP Vojvodine i Predstavni\u0161tvo Republike Srpske u Srbiji.<\/p>\n","protected":false},"excerpt":{"rendered":"<p>Sino\u0107 je (18.4.2023.) u Arhivu Vojvodine u Novom Sadu otvorena je \u0161esta po redu izlo\u017eba \u201ePutevima predaka\u201c, koju je organizovalo Udru\u017eenje \u201eSrpski krajevi\u201c, a podr\u017ealo Predstavni\u0161tvo Republike Srpske u Srbiji. &nbsp; Izlo\u017ebu, koju \u0107e novosadska publika mo\u0107i da vidi do 28. aprila, \u010dini 21 umjetni\u010dki rad nastao na tradicionalnoj likovnoj koloniji \u201ePutevima predaka&#8220; u decembru&#8230;<\/p>\n","protected":false},"author":1,"featured_media":6208,"comment_status":"closed","ping_status":"closed","sticky":false,"template":"","format":"standard","meta":[],"categories":[56],"tags":[77],"_links":{"self":[{"href":"https:\/\/predstavnistvorsbg.rs\/sr-Latn\/wp-json\/wp\/v2\/posts\/6217"}],"collection":[{"href":"https:\/\/predstavnistvorsbg.rs\/sr-Latn\/wp-json\/wp\/v2\/posts"}],"about":[{"href":"https:\/\/predstavnistvorsbg.rs\/sr-Latn\/wp-json\/wp\/v2\/types\/post"}],"author":[{"embeddable":true,"href":"https:\/\/predstavnistvorsbg.rs\/sr-Latn\/wp-json\/wp\/v2\/users\/1"}],"replies":[{"embeddable":true,"href":"https:\/\/predstavnistvorsbg.rs\/sr-Latn\/wp-json\/wp\/v2\/comments?post=6217"}],"version-history":[{"count":0,"href":"https:\/\/predstavnistvorsbg.rs\/sr-Latn\/wp-json\/wp\/v2\/posts\/6217\/revisions"}],"wp:featuredmedia":[{"embeddable":true,"href":"https:\/\/predstavnistvorsbg.rs\/sr-Latn\/wp-json\/wp\/v2\/media\/6208"}],"wp:attachment":[{"href":"https:\/\/predstavnistvorsbg.rs\/sr-Latn\/wp-json\/wp\/v2\/media?parent=6217"}],"wp:term":[{"taxonomy":"category","embeddable":true,"href":"https:\/\/predstavnistvorsbg.rs\/sr-Latn\/wp-json\/wp\/v2\/categories?post=6217"},{"taxonomy":"post_tag","embeddable":true,"href":"https:\/\/predstavnistvorsbg.rs\/sr-Latn\/wp-json\/wp\/v2\/tags?post=6217"}],"curies":[{"name":"wp","href":"https:\/\/api.w.org\/{rel}","templated":true}]}}