{"id":6435,"date":"2023-10-26T13:15:40","date_gmt":"2023-10-26T11:15:40","guid":{"rendered":"http:\/\/prs2.profimediagroup.com\/?p=6435"},"modified":"2023-11-14T12:43:54","modified_gmt":"2023-11-14T11:43:54","slug":"maticna-biblioteka-istocno-sarajevo-i-jos-sedam-izdavaca-iz-republike-srpske-na-sajmu-knjiga","status":"publish","type":"post","link":"https:\/\/predstavnistvorsbg.rs\/sr-Latn\/najava-dogadjaja-sr-latn\/maticna-biblioteka-istocno-sarajevo-i-jos-sedam-izdavaca-iz-republike-srpske-na-sajmu-knjiga\/","title":{"rendered":"Mati\u010dna biblioteka Isto\u010dno Sarajevo i jo\u0161 sedam izdava\u010da iz Republike Srpske na Sajmu knjiga"},"content":{"rendered":"<p><strong>Petog dana<\/strong>\u00a0nastupa Republike Srpske na 66. Me\u0111unarodnom beogradskom sajmu knjiga,\u00a0<strong>u petak, 27. oktobra<\/strong>, na \u0161tandu Predstavni\u0161tva Republike Srpske predstavi\u0107e se osam izdava\u010da iz Republike Srpske.<\/p>\n<p><img loading=\"lazy\" class=\"alignnone wp-image-6426 size-full\" title=\"Republika Srpska na 66.Me\u0111unarodnom beogradskom sajmu knjiga\" src=\"http:\/\/prs2.profimediagroup.com\/wp-content\/uploads\/2023\/11\/sajam_knjiga_slajd-1.jpg?_t=1699432272\" alt=\"Republika Srpska na 66.Me\u0111unarodnom beogradskom sajmu knjiga\" width=\"900\" height=\"506\" srcset=\"https:\/\/predstavnistvorsbg.rs\/wp-content\/uploads\/2023\/11\/sajam_knjiga_slajd-1.jpg 900w, https:\/\/predstavnistvorsbg.rs\/wp-content\/uploads\/2023\/11\/sajam_knjiga_slajd-1-300x169.jpg 300w\" sizes=\"(max-width: 900px) 100vw, 900px\" \/><\/p>\n<p><strong>U 11 sati \u201eGlas Srpske\u201c Banja Luka<\/strong>\u00a0predstavlja svoje izdanje:\u00a0<em>Tako je pisao Limun\u00a0<\/em>autora Tatjane Papi\u0107-D\u017eakula i \u017deljka Tice, govore: Tatjana Papi\u0107-D\u017eakula i<em>\u00a0<\/em>Darko Dragi\u010devi\u0107.<\/p>\n<p><strong>U 12 sati Gradski odbor SP\u041aD \u201eProsvjeta\u201c Bijeljina<\/strong>\u00a0predstavlja svoje izdanje: \u010dasopis\u00a0<em>Srpska vila\u00a0<\/em>(55-56. i 57.broj), govore: prof. dr Jelina \u0110urkovi\u0107, Du\u0161anka Novakovi\u0107, Stojanka \u0110oki\u0107 i Aljo\u0161a Ljubojevi\u0107.<\/p>\n<p><strong>U 13 sati Republi\u010dki zavod za statistiku Republike Srpske<\/strong>\u00a0predstavlja svoja izdanja:\u00a0<em>Statisti\u010dki godi\u0161njak Republike Srpske<\/em>,\u00a0<em>Op\u0161tine i gradovi<\/em>\u00a0<em>Republike Srpske\u00a0<\/em>i\u00a0<em>Indikatori odr\u017eivog razvoja Republike Srpske<\/em>, govori Darko Milunovi\u0107 i izdanja\u00a0<em>Ovo je Republika Srpska\u00a0<\/em>i\u00a0<em>Statistika novog<\/em>\u00a0<em>doba<\/em>, govori Velimir Savi\u0107.<\/p>\n<p><strong>U 14 sati Dru\u0161tvo bibliotekara Republike Srpske<\/strong>\u00a0predstavalja izdanje\u00a0<em>Dru\u0161tvo bibliotekara Republike Srpske (1997-2022)\u00a0<\/em>autora prof. dr Bojane Lasice, govore: prof. dr Milena Maksimovi\u0107, prof. dr Gordana Rudi\u0107 i autor.<\/p>\n<p><strong>U 15 sati Mati\u010dna biblioteka Isto\u010dno Sarajevo<\/strong>\u00a0predstavlja svoja izdanja:\u00a0<em>25 godina mati\u010dne biblioteke Isto\u010dno Sarajevo\u00a0<\/em>autora Ivane \u041auljanin, govore: Nata\u0161a \u041aula\u0161inac i autor;\u00a0<em>O ljubavi ni rije\u010d\u00a0<\/em>autora Marijane Petroni\u0107, govore: Ognjen Todorovi\u0107 i autor; monografiju\u00a0<em>JU Srednjo\u0161kolski centar Isto\u010dna Ilid\u017ea 1993-2023,\u00a0<\/em>autora Sla\u0111ane Brajovi\u0107 Bosilj\u010di\u0107, \u041aristine Vuce i Ognjena Todorovi\u0107a, govore: Branka \u041aova\u010devi\u0107, \u041aristina Vuca i Ognjen Todorovi\u0107;\u00a0<em>\u017divot i djelaJelene<\/em>\u00a0<em>Dopu\u0111e\u00a0<\/em>autora prof. dr Gruja Bjekovi\u0107a i prof. dr Nenada Suzi\u0107a, govore: prof. dr Nenad Suzi\u0107 i dr Du\u0161an Ili\u0107;\u00a0<em>Ratni put Olge Dedijer<\/em>\u00a0autora prof. dr Gruja Bjekovi\u0107a i prof. dr Nenada Suzi\u0107a, govore: prof. dr Nenad Suzi\u0107 i Savo Sokanovi\u0107.<\/p>\n<p><strong>U 16 sati SP\u041aD \u201eProsvjeta\u201c \u041aozarska Dubica\u00a0<\/strong>predstavlja svoja izdanja: zbornik\u00a0<em>\u041aad pro\u0161lost progovori: \u041aozara 80 godina kasnije<\/em>, govore: Bojan Dimitrijevi\u0107, Veljko \u0110uri\u0107 Mi\u0161ina, Predrag J. Markovi\u0107 i Zoran M. \u041aos; monografiju\u00a0<em>Hodo\u010da\u0161\u0107e Trojeru\u010dice<\/em>, autora Zorana M. \u041aosa i Ranka<\/p>\n<p>Preradovi\u0107a i\u00a0<em>Jabuka slobod<\/em>e, autora Branka Repaje, govore: Zoran M. \u041aos, Ranko Preradovi\u0107, Branko Repaja, Zoran Sinki\u0107 i Rajko Luka\u010d.<\/p>\n<p><strong>U 17 sati Udru\u017eenje knji\u017eevnika Republike Srpske<\/strong>\u00a0predstavlja izdanja svojih \u010dlanova:\u00a0<em>Pomor staraca\u00a0<\/em>autora Mihajla Orlovi\u0107a, govori Miljana Aleksi\u0107;\u00a0<em>Vila sa \u010dakora\u00a0<\/em>autora Nede Borojevi\u0107, govori Pajo Brki\u0107;\u00a0<em>Poeme,\u00a0<\/em>autora Zorana \u041aosti\u0107a, govori Du\u0161ko Pevulja;\u00a0<em>Arbitra\u017ea o Br\u010dkom\u00a0<\/em>autora Petra Rajina Vasi\u0107a, govori Radomir Luki\u0107.<\/p>\n<p><strong>U 18 sati Specijalna biblioteka za slijepa i slabovida lica Republike Srpske<\/strong>\u00a0predstavlja svoja izdanja: zvu\u010dna knjiga\u00a0<em>\u041alikonogi u doba korone\u00a0<\/em>autora Zlatka Juri\u0107a i tematski katalog prate\u0107e izlo\u017ebe\u00a0<em>Preko klika do slika<\/em>, govore: Dragana Bo\u017ei\u0107 i Jelena Radakovi\u0107.<\/p>\n<p>Trinaesti reprezentativni nastup Republike Srpske na Me\u0111unarodnom beogradskom sajmu knjiga organizuje Predstavni\u0161tvo Republike Srpske u Srbiji, uz podr\u0161ku Ministarstva prosvjete i kulture Republike Srpske, \u0161tand je na istom mjestu: hala 2, nivo A.<\/p>\n<p>Program promocija izdanja iz Republike Srpske na 66. Me\u0111unarodnom beogradskom sajmu knjiga sa vi\u0161e detalja mo\u017eete pogledati\u00a0<a href=\"http:\/\/prs2.profimediagroup.com\/wp-content\/uploads\/2023\/11\/\u041f\u0440\u043e\u0433\u0440\u0430\u043c-\u043d\u0430\u0441\u0442\u0443\u043f\u0430-\u0420\u0435\u043f\u0443\u0431\u043b\u0438\u043a\u0435-\u0421\u0440\u043f\u0441\u043a\u0435-\u043d\u0430-\u0441\u0430\u0458\u043c\u0443-\u043a\u045a\u0438\u0433\u0430.pdf\" target=\"_blank\" rel=\"noopener\">OVDJE<\/a>.<\/p>\n","protected":false},"excerpt":{"rendered":"<p>Petog dana\u00a0nastupa Republike Srpske na 66. Me\u0111unarodnom beogradskom sajmu knjiga,\u00a0u petak, 27. oktobra, na \u0161tandu Predstavni\u0161tva Republike Srpske predstavi\u0107e se osam izdava\u010da iz Republike Srpske. U 11 sati \u201eGlas Srpske\u201c Banja Luka\u00a0predstavlja svoje izdanje:\u00a0Tako je pisao Limun\u00a0autora Tatjane Papi\u0107-D\u017eakula i \u017deljka Tice, govore: Tatjana Papi\u0107-D\u017eakula i\u00a0Darko Dragi\u010devi\u0107. U 12 sati Gradski odbor SP\u041aD \u201eProsvjeta\u201c Bijeljina\u00a0predstavlja&#8230;<\/p>\n","protected":false},"author":6,"featured_media":0,"comment_status":"closed","ping_status":"closed","sticky":false,"template":"","format":"standard","meta":[],"categories":[57],"tags":[77],"_links":{"self":[{"href":"https:\/\/predstavnistvorsbg.rs\/sr-Latn\/wp-json\/wp\/v2\/posts\/6435"}],"collection":[{"href":"https:\/\/predstavnistvorsbg.rs\/sr-Latn\/wp-json\/wp\/v2\/posts"}],"about":[{"href":"https:\/\/predstavnistvorsbg.rs\/sr-Latn\/wp-json\/wp\/v2\/types\/post"}],"author":[{"embeddable":true,"href":"https:\/\/predstavnistvorsbg.rs\/sr-Latn\/wp-json\/wp\/v2\/users\/6"}],"replies":[{"embeddable":true,"href":"https:\/\/predstavnistvorsbg.rs\/sr-Latn\/wp-json\/wp\/v2\/comments?post=6435"}],"version-history":[{"count":0,"href":"https:\/\/predstavnistvorsbg.rs\/sr-Latn\/wp-json\/wp\/v2\/posts\/6435\/revisions"}],"wp:attachment":[{"href":"https:\/\/predstavnistvorsbg.rs\/sr-Latn\/wp-json\/wp\/v2\/media?parent=6435"}],"wp:term":[{"taxonomy":"category","embeddable":true,"href":"https:\/\/predstavnistvorsbg.rs\/sr-Latn\/wp-json\/wp\/v2\/categories?post=6435"},{"taxonomy":"post_tag","embeddable":true,"href":"https:\/\/predstavnistvorsbg.rs\/sr-Latn\/wp-json\/wp\/v2\/tags?post=6435"}],"curies":[{"name":"wp","href":"https:\/\/api.w.org\/{rel}","templated":true}]}}